{"id":6623,"date":"2026-03-16T12:40:03","date_gmt":"2026-03-16T11:40:03","guid":{"rendered":"https:\/\/gemap.es\/?p=6623"},"modified":"2026-03-16T12:40:05","modified_gmt":"2026-03-16T11:40:05","slug":"lempresa-familiar-guanya-oxigen-a-les-donacions-de-participacions","status":"publish","type":"post","link":"https:\/\/gemap.es\/ca\/lempresa-familiar-guanya-oxigen-a-les-donacions-de-participacions\/","title":{"rendered":"L&#8217;empresa familiar guanya oxigen a les donacions de participacions"},"content":{"rendered":"\n<p>Durant anys moltes transmissions d&#8217;empresa familiar s&#8217;han frustrat per un detall formal: que l&#8217;empleat a jornada completa no estigu\u00e9s contractat exactament per la societat arrendadora.<\/p>\n\n\n\n<p>El Tribunal Suprem acaba de matisar aquesta rigidesa. Quan una societat arrendadora forma part d&#8217;un grup empresarial real i operatiu, l&#8217;an\u00e0lisi fiscal no es pot fer com si estigu\u00e9s a\u00efllada.<\/p>\n\n\n\n<p>El Tribunal Suprem (TS), en la sent\u00e8ncia n\u00fam. 186\/2026, de 19 de febrer, ha introdu\u00eft un mat\u00eds molt rellevant en mat\u00e8ria d&#8217;empresa familiar i reducci\u00f3 del 95% a l&#8217;impost sobre successions i donacions (ISD).<\/p>\n\n\n\n<p>La q\u00fcesti\u00f3 semblava t\u00e8cnica. En realitat, afecta directament moltes estructures familiars que combinen societats operatives i societats patrimonials dins un mateix grup.<\/p>\n\n\n\n<p>I, com sol passar, el problema no era a l&#8217;activitat\u2026 sin\u00f3 com s&#8217;interpretava.<\/p>\n\n\n\n<p>El conflicte habitual a les donacions de participacions<\/p>\n\n\n\n<p>Quan es transmeten participacions socials amb la reducci\u00f3 del 95% de l&#8217;article 20.6 de la Llei de l&#8217;ISD (LISD), \u00e9s imprescindible que aquestes participacions estiguin exemptes a l&#8217;impost sobre el patrimoni (art. 4.Vuit de la Llei de l&#8217;impost sobre patrimoni, &#8220;LIP&#8221;).<\/p>\n\n\n\n<p>En el cas de societats dedicades a l&#8217;arrendament d&#8217;immobles, l&#8217;article 27.2 de la Llei de l&#8217;IRPF (LIRPF) exigeix \u200b\u200b\u2013per considerar que hi ha activitat econ\u00f2mica\u2013 comptar amb una persona empleada amb contracte laboral i jornada completa.<\/p>\n\n\n\n<p>Fins aqu\u00ed, res de nou.<\/p>\n\n\n\n<p>El problema sorgia quan:<\/p>\n\n\n\n<p>La societat arrendadora no tenia contractat directament aquest treballador.<br>Per\u00f2 el grup empresarial s\u00ed que disposava de mitjans humans centralitzats.<br>I l&#8217;activitat estava realment integrada dins una estructura productiva conjunta.<br>L&#8217;Administraci\u00f3 sostenia una interpretaci\u00f3 estricta, i consistia que si l&#8217;empleat no \u00e9s a la n\u00f2mina de la societat arrendadora, no hi ha activitat econ\u00f2mica. I si no hi ha activitat econ\u00f2mica, se&#8217;n redueix l&#8217;exempci\u00f3. I si se&#8217;n redueix l&#8217;exempci\u00f3, es perd part de la reducci\u00f3 del 95%.<\/p>\n\n\n\n<p>Una cadena de conseq\u00fc\u00e8ncies que podia suposar milers d?euros.<\/p>\n\n\n\n<p>Atenci\u00f3. No n&#8217;hi ha prou de pert\u00e0nyer formalment a un grup. La clau \u00e9s acreditar una integraci\u00f3 funcional real de mitjans personals i materials.<br>Qu\u00e8 diu el Tribunal Suprem?<\/p>\n\n\n\n<p>El cas examinat no era un simple arrendament passiu. La societat arrendadora formava part d&#8217;un grup empresarial on:<\/p>\n\n\n\n<p>Altres entitats aportaven t\u00e8cnics, personal especialitzat i mitjans materials.<br>L\u00b4explotaci\u00f3 de finques r\u00fastiques es coordinava amb altres prestacions del grup.<br>Hi havia una ordenaci\u00f3 conjunta de recursos.<br>\u00c9s a dir, no era una societat a\u00efllada que lloga immobles sense estructura. Feia marxada d&#8217;un engranatge econ\u00f2mic m\u00e9s ampli.<\/p>\n\n\n\n<p>El Tribunal conclou que all\u00f2 veritablement rellevant no \u00e9s la titularitat formal del contracte laboral, sin\u00f3 l&#8217;exist\u00e8ncia real d&#8217;activitat econ\u00f2mica. Quan l&#8217;ordenaci\u00f3 de mitjans es fa a nivell de grup i hi ha una integraci\u00f3 econ\u00f2mica efectiva, el requisit del treballador es pot entendre complert, encara que el contracte estigui en una altra societat del grup.<\/p>\n\n\n\n<p>Atenci\u00f3. Si lactivitat arrendadora \u00e9s merament passiva i no est\u00e0 integrada en una estructura econ\u00f2mica m\u00e9s \u00e0mplia, el requisit haur\u00e0 de complir-se individualment.<br>Qu\u00e8 canvia d&#8217;ara endavant?<\/p>\n\n\n\n<p>El TS fixa doctrina clara, en establir que si la societat arrendadora pertany a un grup amb activitat econ\u00f2mica real, i l&#8217;ordenaci\u00f3 de mitjans personals i materials es realitza efectivament a nivell de grup, i hi ha integraci\u00f3 funcional aut\u00e8ntica, aleshores el requisit de l&#8217;empleat a jornada completa es considera complert.<\/p>\n\n\n\n<p>Per\u00f2 introdueix un mat\u00eds important: No val una pertinen\u00e7a formal. Hi ha d&#8217;haver unitat econ\u00f2mica real. La societat arrendadora ha de servir a l&#8217;activitat del grup, no limitar-se a fer servir els seus recursos.<\/p>\n\n\n\n<p>Aquest punt \u00e9s essencial.<\/p>\n\n\n\n<p>Atenci\u00f3. La prova documental i organitzativa ser\u00e0 determinant: contractes, funcions reals, coordinaci\u00f3 operativa, depend\u00e8ncia funcional\u2026 tot ha d&#8217;estar ben estructurat.<br>Impacte pr\u00e0ctic a l&#8217;empresa familiar<\/p>\n\n\n\n<p>La conseq\u00fc\u00e8ncia \u00e9s directa:<\/p>\n\n\n\n<p>Les participacions es poden considerar \u00edntegrament afectes.<br>No \u00e9s procedent aplicar la regla de proporcionalitat.<br>Es mant\u00e9 la reducci\u00f3 del 95% a l&#8217;ISD.<br>En el cas concret, la liquidaci\u00f3 girada per lAdministraci\u00f3 va ser anul\u00b7lada. M\u00e9s enll\u00e0 del cas particular, la sent\u00e8ncia introdueix un enfocament menys formalista i m\u00e9s coherent amb la realitat empresarial de molts grups familiars.<\/p>\n\n\n\n<p>I aix\u00f2 obre una oportunitat. Perqu\u00e8 moltes estructures que al seu dia van ser q\u00fcestionades ara es poden revisar sota aquesta nova doctrina.<\/p>\n\n\n\n<p>Atenci\u00f3. Cada cas exigeix \u200b\u200ban\u00e0lisi individual. La jurisprud\u00e8ncia no converteix autom\u00e0ticament totes les estructures en v\u00e0lides. La clau \u00e9s com estigui dissenyada i documentada l&#8217;organitzaci\u00f3.<\/p>\n","protected":false},"excerpt":{"rendered":"<p>Durant anys moltes transmissions d&#8217;empresa familiar s&#8217;han frustrat per un detall formal: que l&#8217;empleat a jornada completa no estigu\u00e9s contractat exactament per la societat arrendadora. El Tribunal Suprem acaba de matisar aquesta rigidesa. Quan una societat arrendadora forma part d&#8217;un grup empresarial real i operatiu, l&#8217;an\u00e0lisi fiscal no es pot fer com si estigu\u00e9s a\u00efllada. [&hellip;]<\/p>\n","protected":false},"author":3,"featured_media":6620,"comment_status":"closed","ping_status":"open","sticky":false,"template":"","format":"standard","meta":{"_acf_changed":false,"footnotes":""},"categories":[1],"tags":[],"class_list":["post-6623","post","type-post","status-publish","format-standard","has-post-thumbnail","hentry","category-sin-categorizar"],"acf":[],"yoast_head":"<!-- This site is optimized with the Yoast SEO plugin v27.4 - https:\/\/yoast.com\/product\/yoast-seo-wordpress\/ -->\n<title>L&#039;empresa familiar guanya oxigen a les donacions de participacions - Gemap<\/title>\n<meta name=\"robots\" content=\"index, follow, max-snippet:-1, max-image-preview:large, max-video-preview:-1\" \/>\n<link rel=\"canonical\" href=\"https:\/\/gemap.es\/ca\/lempresa-familiar-guanya-oxigen-a-les-donacions-de-participacions\/\" \/>\n<meta property=\"og:locale\" content=\"ca_ES\" \/>\n<meta property=\"og:type\" content=\"article\" \/>\n<meta property=\"og:title\" content=\"L&#039;empresa familiar guanya oxigen a les donacions de participacions - Gemap\" \/>\n<meta property=\"og:description\" content=\"Durant anys moltes transmissions d&#8217;empresa familiar s&#8217;han frustrat per un detall formal: que l&#8217;empleat a jornada completa no estigu\u00e9s contractat exactament per la societat arrendadora. El Tribunal Suprem acaba de matisar aquesta rigidesa. Quan una societat arrendadora forma part d&#8217;un grup empresarial real i operatiu, l&#8217;an\u00e0lisi fiscal no es pot fer com si estigu\u00e9s a\u00efllada. [&hellip;]\" \/>\n<meta property=\"og:url\" content=\"https:\/\/gemap.es\/ca\/lempresa-familiar-guanya-oxigen-a-les-donacions-de-participacions\/\" \/>\n<meta property=\"og:site_name\" content=\"Gemap\" \/>\n<meta property=\"article:publisher\" content=\"https:\/\/www.facebook.com\/gemap.ius\/\" \/>\n<meta property=\"article:published_time\" content=\"2026-03-16T11:40:03+00:00\" \/>\n<meta property=\"article:modified_time\" content=\"2026-03-16T11:40:05+00:00\" \/>\n<meta property=\"og:image\" content=\"https:\/\/gemap.es\/wp-content\/uploads\/2026\/03\/pexels-photo-7433853-1772614312_1773048665cp.jpeg\" \/>\n\t<meta property=\"og:image:width\" content=\"810\" \/>\n\t<meta property=\"og:image:height\" content=\"450\" \/>\n\t<meta property=\"og:image:type\" content=\"image\/jpeg\" \/>\n<meta name=\"author\" content=\"Gemap\" \/>\n<meta name=\"twitter:card\" content=\"summary_large_image\" \/>\n<meta name=\"twitter:creator\" content=\"@gemapius\" \/>\n<meta name=\"twitter:site\" content=\"@gemapius\" \/>\n<meta name=\"twitter:label1\" content=\"Escrit per\" \/>\n\t<meta name=\"twitter:data1\" content=\"Gemap\" \/>\n\t<meta name=\"twitter:label2\" content=\"Temps estimat de lectura\" \/>\n\t<meta name=\"twitter:data2\" content=\"4 minuts\" \/>\n<script type=\"application\/ld+json\" class=\"yoast-schema-graph\">{\"@context\":\"https:\\\/\\\/schema.org\",\"@graph\":[{\"@type\":\"Article\",\"@id\":\"https:\\\/\\\/gemap.es\\\/ca\\\/lempresa-familiar-guanya-oxigen-a-les-donacions-de-participacions\\\/#article\",\"isPartOf\":{\"@id\":\"https:\\\/\\\/gemap.es\\\/ca\\\/lempresa-familiar-guanya-oxigen-a-les-donacions-de-participacions\\\/\"},\"author\":{\"name\":\"Gemap\",\"@id\":\"https:\\\/\\\/gemap.es\\\/ca\\\/#\\\/schema\\\/person\\\/488bf7c00c857d972c990318b7048431\"},\"headline\":\"L&#8217;empresa familiar guanya oxigen a les donacions de participacions\",\"datePublished\":\"2026-03-16T11:40:03+00:00\",\"dateModified\":\"2026-03-16T11:40:05+00:00\",\"mainEntityOfPage\":{\"@id\":\"https:\\\/\\\/gemap.es\\\/ca\\\/lempresa-familiar-guanya-oxigen-a-les-donacions-de-participacions\\\/\"},\"wordCount\":792,\"publisher\":{\"@id\":\"https:\\\/\\\/gemap.es\\\/ca\\\/#organization\"},\"image\":{\"@id\":\"https:\\\/\\\/gemap.es\\\/ca\\\/lempresa-familiar-guanya-oxigen-a-les-donacions-de-participacions\\\/#primaryimage\"},\"thumbnailUrl\":\"https:\\\/\\\/gemap.es\\\/wp-content\\\/uploads\\\/2026\\\/03\\\/pexels-photo-7433853-1772614312_1773048665cp.jpeg\",\"articleSection\":[\"Sin categorizar\"],\"inLanguage\":\"ca\"},{\"@type\":\"WebPage\",\"@id\":\"https:\\\/\\\/gemap.es\\\/ca\\\/lempresa-familiar-guanya-oxigen-a-les-donacions-de-participacions\\\/\",\"url\":\"https:\\\/\\\/gemap.es\\\/ca\\\/lempresa-familiar-guanya-oxigen-a-les-donacions-de-participacions\\\/\",\"name\":\"L'empresa familiar guanya oxigen a les donacions de participacions - Gemap\",\"isPartOf\":{\"@id\":\"https:\\\/\\\/gemap.es\\\/ca\\\/#website\"},\"primaryImageOfPage\":{\"@id\":\"https:\\\/\\\/gemap.es\\\/ca\\\/lempresa-familiar-guanya-oxigen-a-les-donacions-de-participacions\\\/#primaryimage\"},\"image\":{\"@id\":\"https:\\\/\\\/gemap.es\\\/ca\\\/lempresa-familiar-guanya-oxigen-a-les-donacions-de-participacions\\\/#primaryimage\"},\"thumbnailUrl\":\"https:\\\/\\\/gemap.es\\\/wp-content\\\/uploads\\\/2026\\\/03\\\/pexels-photo-7433853-1772614312_1773048665cp.jpeg\",\"datePublished\":\"2026-03-16T11:40:03+00:00\",\"dateModified\":\"2026-03-16T11:40:05+00:00\",\"breadcrumb\":{\"@id\":\"https:\\\/\\\/gemap.es\\\/ca\\\/lempresa-familiar-guanya-oxigen-a-les-donacions-de-participacions\\\/#breadcrumb\"},\"inLanguage\":\"ca\",\"potentialAction\":[{\"@type\":\"ReadAction\",\"target\":[\"https:\\\/\\\/gemap.es\\\/ca\\\/lempresa-familiar-guanya-oxigen-a-les-donacions-de-participacions\\\/\"]}]},{\"@type\":\"ImageObject\",\"inLanguage\":\"ca\",\"@id\":\"https:\\\/\\\/gemap.es\\\/ca\\\/lempresa-familiar-guanya-oxigen-a-les-donacions-de-participacions\\\/#primaryimage\",\"url\":\"https:\\\/\\\/gemap.es\\\/wp-content\\\/uploads\\\/2026\\\/03\\\/pexels-photo-7433853-1772614312_1773048665cp.jpeg\",\"contentUrl\":\"https:\\\/\\\/gemap.es\\\/wp-content\\\/uploads\\\/2026\\\/03\\\/pexels-photo-7433853-1772614312_1773048665cp.jpeg\",\"width\":810,\"height\":450},{\"@type\":\"BreadcrumbList\",\"@id\":\"https:\\\/\\\/gemap.es\\\/ca\\\/lempresa-familiar-guanya-oxigen-a-les-donacions-de-participacions\\\/#breadcrumb\",\"itemListElement\":[{\"@type\":\"ListItem\",\"position\":1,\"name\":\"Portada\",\"item\":\"https:\\\/\\\/gemap.es\\\/ca\\\/home\\\/\"},{\"@type\":\"ListItem\",\"position\":2,\"name\":\"L&#8217;empresa familiar guanya oxigen a les donacions de participacions\"}]},{\"@type\":\"WebSite\",\"@id\":\"https:\\\/\\\/gemap.es\\\/ca\\\/#website\",\"url\":\"https:\\\/\\\/gemap.es\\\/ca\\\/\",\"name\":\"Gemap\",\"description\":\"By your side\",\"publisher\":{\"@id\":\"https:\\\/\\\/gemap.es\\\/ca\\\/#organization\"},\"potentialAction\":[{\"@type\":\"SearchAction\",\"target\":{\"@type\":\"EntryPoint\",\"urlTemplate\":\"https:\\\/\\\/gemap.es\\\/ca\\\/?s={search_term_string}\"},\"query-input\":{\"@type\":\"PropertyValueSpecification\",\"valueRequired\":true,\"valueName\":\"search_term_string\"}}],\"inLanguage\":\"ca\"},{\"@type\":\"Organization\",\"@id\":\"https:\\\/\\\/gemap.es\\\/ca\\\/#organization\",\"name\":\"Gemap\",\"url\":\"https:\\\/\\\/gemap.es\\\/ca\\\/\",\"logo\":{\"@type\":\"ImageObject\",\"inLanguage\":\"ca\",\"@id\":\"https:\\\/\\\/gemap.es\\\/ca\\\/#\\\/schema\\\/logo\\\/image\\\/\",\"url\":\"https:\\\/\\\/gemap.es\\\/wp-content\\\/uploads\\\/2024\\\/11\\\/logo.svg\",\"contentUrl\":\"https:\\\/\\\/gemap.es\\\/wp-content\\\/uploads\\\/2024\\\/11\\\/logo.svg\",\"width\":340,\"height\":106,\"caption\":\"Gemap\"},\"image\":{\"@id\":\"https:\\\/\\\/gemap.es\\\/ca\\\/#\\\/schema\\\/logo\\\/image\\\/\"},\"sameAs\":[\"https:\\\/\\\/www.facebook.com\\\/gemap.ius\\\/\",\"https:\\\/\\\/x.com\\\/gemapius\",\"https:\\\/\\\/www.instagram.com\\\/gemap_asesoria\\\/\"]},{\"@type\":\"Person\",\"@id\":\"https:\\\/\\\/gemap.es\\\/ca\\\/#\\\/schema\\\/person\\\/488bf7c00c857d972c990318b7048431\",\"name\":\"Gemap\",\"image\":{\"@type\":\"ImageObject\",\"inLanguage\":\"ca\",\"@id\":\"https:\\\/\\\/secure.gravatar.com\\\/avatar\\\/880b2d735ee66ddf8c6e5f2e1a757b4b21b0814cea10dfaa193a4929cfce8057?s=96&d=mm&r=g\",\"url\":\"https:\\\/\\\/secure.gravatar.com\\\/avatar\\\/880b2d735ee66ddf8c6e5f2e1a757b4b21b0814cea10dfaa193a4929cfce8057?s=96&d=mm&r=g\",\"contentUrl\":\"https:\\\/\\\/secure.gravatar.com\\\/avatar\\\/880b2d735ee66ddf8c6e5f2e1a757b4b21b0814cea10dfaa193a4929cfce8057?s=96&d=mm&r=g\",\"caption\":\"Gemap\"},\"url\":\"https:\\\/\\\/gemap.es\\\/ca\\\/author\\\/gemap\\\/\"}]}<\/script>\n<!-- \/ Yoast SEO plugin. -->","yoast_head_json":{"title":"L'empresa familiar guanya oxigen a les donacions de participacions - Gemap","robots":{"index":"index","follow":"follow","max-snippet":"max-snippet:-1","max-image-preview":"max-image-preview:large","max-video-preview":"max-video-preview:-1"},"canonical":"https:\/\/gemap.es\/ca\/lempresa-familiar-guanya-oxigen-a-les-donacions-de-participacions\/","og_locale":"ca_ES","og_type":"article","og_title":"L'empresa familiar guanya oxigen a les donacions de participacions - Gemap","og_description":"Durant anys moltes transmissions d&#8217;empresa familiar s&#8217;han frustrat per un detall formal: que l&#8217;empleat a jornada completa no estigu\u00e9s contractat exactament per la societat arrendadora. El Tribunal Suprem acaba de matisar aquesta rigidesa. Quan una societat arrendadora forma part d&#8217;un grup empresarial real i operatiu, l&#8217;an\u00e0lisi fiscal no es pot fer com si estigu\u00e9s a\u00efllada. [&hellip;]","og_url":"https:\/\/gemap.es\/ca\/lempresa-familiar-guanya-oxigen-a-les-donacions-de-participacions\/","og_site_name":"Gemap","article_publisher":"https:\/\/www.facebook.com\/gemap.ius\/","article_published_time":"2026-03-16T11:40:03+00:00","article_modified_time":"2026-03-16T11:40:05+00:00","og_image":[{"width":810,"height":450,"url":"https:\/\/gemap.es\/wp-content\/uploads\/2026\/03\/pexels-photo-7433853-1772614312_1773048665cp.jpeg","type":"image\/jpeg"}],"author":"Gemap","twitter_card":"summary_large_image","twitter_creator":"@gemapius","twitter_site":"@gemapius","twitter_misc":{"Escrit per":"Gemap","Temps estimat de lectura":"4 minuts"},"schema":{"@context":"https:\/\/schema.org","@graph":[{"@type":"Article","@id":"https:\/\/gemap.es\/ca\/lempresa-familiar-guanya-oxigen-a-les-donacions-de-participacions\/#article","isPartOf":{"@id":"https:\/\/gemap.es\/ca\/lempresa-familiar-guanya-oxigen-a-les-donacions-de-participacions\/"},"author":{"name":"Gemap","@id":"https:\/\/gemap.es\/ca\/#\/schema\/person\/488bf7c00c857d972c990318b7048431"},"headline":"L&#8217;empresa familiar guanya oxigen a les donacions de participacions","datePublished":"2026-03-16T11:40:03+00:00","dateModified":"2026-03-16T11:40:05+00:00","mainEntityOfPage":{"@id":"https:\/\/gemap.es\/ca\/lempresa-familiar-guanya-oxigen-a-les-donacions-de-participacions\/"},"wordCount":792,"publisher":{"@id":"https:\/\/gemap.es\/ca\/#organization"},"image":{"@id":"https:\/\/gemap.es\/ca\/lempresa-familiar-guanya-oxigen-a-les-donacions-de-participacions\/#primaryimage"},"thumbnailUrl":"https:\/\/gemap.es\/wp-content\/uploads\/2026\/03\/pexels-photo-7433853-1772614312_1773048665cp.jpeg","articleSection":["Sin categorizar"],"inLanguage":"ca"},{"@type":"WebPage","@id":"https:\/\/gemap.es\/ca\/lempresa-familiar-guanya-oxigen-a-les-donacions-de-participacions\/","url":"https:\/\/gemap.es\/ca\/lempresa-familiar-guanya-oxigen-a-les-donacions-de-participacions\/","name":"L'empresa familiar guanya oxigen a les donacions de participacions - Gemap","isPartOf":{"@id":"https:\/\/gemap.es\/ca\/#website"},"primaryImageOfPage":{"@id":"https:\/\/gemap.es\/ca\/lempresa-familiar-guanya-oxigen-a-les-donacions-de-participacions\/#primaryimage"},"image":{"@id":"https:\/\/gemap.es\/ca\/lempresa-familiar-guanya-oxigen-a-les-donacions-de-participacions\/#primaryimage"},"thumbnailUrl":"https:\/\/gemap.es\/wp-content\/uploads\/2026\/03\/pexels-photo-7433853-1772614312_1773048665cp.jpeg","datePublished":"2026-03-16T11:40:03+00:00","dateModified":"2026-03-16T11:40:05+00:00","breadcrumb":{"@id":"https:\/\/gemap.es\/ca\/lempresa-familiar-guanya-oxigen-a-les-donacions-de-participacions\/#breadcrumb"},"inLanguage":"ca","potentialAction":[{"@type":"ReadAction","target":["https:\/\/gemap.es\/ca\/lempresa-familiar-guanya-oxigen-a-les-donacions-de-participacions\/"]}]},{"@type":"ImageObject","inLanguage":"ca","@id":"https:\/\/gemap.es\/ca\/lempresa-familiar-guanya-oxigen-a-les-donacions-de-participacions\/#primaryimage","url":"https:\/\/gemap.es\/wp-content\/uploads\/2026\/03\/pexels-photo-7433853-1772614312_1773048665cp.jpeg","contentUrl":"https:\/\/gemap.es\/wp-content\/uploads\/2026\/03\/pexels-photo-7433853-1772614312_1773048665cp.jpeg","width":810,"height":450},{"@type":"BreadcrumbList","@id":"https:\/\/gemap.es\/ca\/lempresa-familiar-guanya-oxigen-a-les-donacions-de-participacions\/#breadcrumb","itemListElement":[{"@type":"ListItem","position":1,"name":"Portada","item":"https:\/\/gemap.es\/ca\/home\/"},{"@type":"ListItem","position":2,"name":"L&#8217;empresa familiar guanya oxigen a les donacions de participacions"}]},{"@type":"WebSite","@id":"https:\/\/gemap.es\/ca\/#website","url":"https:\/\/gemap.es\/ca\/","name":"Gemap","description":"By your side","publisher":{"@id":"https:\/\/gemap.es\/ca\/#organization"},"potentialAction":[{"@type":"SearchAction","target":{"@type":"EntryPoint","urlTemplate":"https:\/\/gemap.es\/ca\/?s={search_term_string}"},"query-input":{"@type":"PropertyValueSpecification","valueRequired":true,"valueName":"search_term_string"}}],"inLanguage":"ca"},{"@type":"Organization","@id":"https:\/\/gemap.es\/ca\/#organization","name":"Gemap","url":"https:\/\/gemap.es\/ca\/","logo":{"@type":"ImageObject","inLanguage":"ca","@id":"https:\/\/gemap.es\/ca\/#\/schema\/logo\/image\/","url":"https:\/\/gemap.es\/wp-content\/uploads\/2024\/11\/logo.svg","contentUrl":"https:\/\/gemap.es\/wp-content\/uploads\/2024\/11\/logo.svg","width":340,"height":106,"caption":"Gemap"},"image":{"@id":"https:\/\/gemap.es\/ca\/#\/schema\/logo\/image\/"},"sameAs":["https:\/\/www.facebook.com\/gemap.ius\/","https:\/\/x.com\/gemapius","https:\/\/www.instagram.com\/gemap_asesoria\/"]},{"@type":"Person","@id":"https:\/\/gemap.es\/ca\/#\/schema\/person\/488bf7c00c857d972c990318b7048431","name":"Gemap","image":{"@type":"ImageObject","inLanguage":"ca","@id":"https:\/\/secure.gravatar.com\/avatar\/880b2d735ee66ddf8c6e5f2e1a757b4b21b0814cea10dfaa193a4929cfce8057?s=96&d=mm&r=g","url":"https:\/\/secure.gravatar.com\/avatar\/880b2d735ee66ddf8c6e5f2e1a757b4b21b0814cea10dfaa193a4929cfce8057?s=96&d=mm&r=g","contentUrl":"https:\/\/secure.gravatar.com\/avatar\/880b2d735ee66ddf8c6e5f2e1a757b4b21b0814cea10dfaa193a4929cfce8057?s=96&d=mm&r=g","caption":"Gemap"},"url":"https:\/\/gemap.es\/ca\/author\/gemap\/"}]}},"_links":{"self":[{"href":"https:\/\/gemap.es\/ca\/wp-json\/wp\/v2\/posts\/6623","targetHints":{"allow":["GET"]}}],"collection":[{"href":"https:\/\/gemap.es\/ca\/wp-json\/wp\/v2\/posts"}],"about":[{"href":"https:\/\/gemap.es\/ca\/wp-json\/wp\/v2\/types\/post"}],"author":[{"embeddable":true,"href":"https:\/\/gemap.es\/ca\/wp-json\/wp\/v2\/users\/3"}],"replies":[{"embeddable":true,"href":"https:\/\/gemap.es\/ca\/wp-json\/wp\/v2\/comments?post=6623"}],"version-history":[{"count":1,"href":"https:\/\/gemap.es\/ca\/wp-json\/wp\/v2\/posts\/6623\/revisions"}],"predecessor-version":[{"id":6624,"href":"https:\/\/gemap.es\/ca\/wp-json\/wp\/v2\/posts\/6623\/revisions\/6624"}],"wp:featuredmedia":[{"embeddable":true,"href":"https:\/\/gemap.es\/ca\/wp-json\/wp\/v2\/media\/6620"}],"wp:attachment":[{"href":"https:\/\/gemap.es\/ca\/wp-json\/wp\/v2\/media?parent=6623"}],"wp:term":[{"taxonomy":"category","embeddable":true,"href":"https:\/\/gemap.es\/ca\/wp-json\/wp\/v2\/categories?post=6623"},{"taxonomy":"post_tag","embeddable":true,"href":"https:\/\/gemap.es\/ca\/wp-json\/wp\/v2\/tags?post=6623"}],"curies":[{"name":"wp","href":"https:\/\/api.w.org\/{rel}","templated":true}]}}