{"id":6588,"date":"2026-03-05T13:26:59","date_gmt":"2026-03-05T12:26:59","guid":{"rendered":"https:\/\/gemap.es\/?p=6588"},"modified":"2026-03-05T13:27:01","modified_gmt":"2026-03-05T12:27:01","slug":"quan-una-urgencia-familiar-justifica-no-acudir-a-la-feina","status":"publish","type":"post","link":"https:\/\/gemap.es\/ca\/quan-una-urgencia-familiar-justifica-no-acudir-a-la-feina\/","title":{"rendered":"Quan una urg\u00e8ncia familiar justifica no acudir a la feina?"},"content":{"rendered":"\n<p>No totes les abs\u00e8ncies a la feina es poden planificar. Algunes arriben sense av\u00eds i exigeixen una resposta immediata. <strong>El perm\u00eds per for\u00e7a major familiar respon a una necessitat concreta: ser on cal estar quan passa el que \u00e9s inesperat<\/strong>.<\/p>\n\n\n\n<p>L&#8217;article 37.9 de l&#8217;Estatut dels Treballadors (ET) reconeix a la persona treballadora el dret a absentar-se de la feina quan concorren situacions de for\u00e7a major per motius familiars urgents, vinculades a malaltia o accident i que en fan indispensable la pres\u00e8ncia immediata.<\/p>\n\n\n\n<p>No \u00e9s un perm\u00eds ordinari ni una abs\u00e8ncia planificable. \u00c9s una resposta legal a situacions que, senzillament, no esperen.<\/p>\n\n\n\n<p><strong>For\u00e7a major<\/strong><\/p>\n\n\n\n<p>La for\u00e7a major, en aquest context, no fa refer\u00e8ncia a grans cat\u00e0strofes ni a situacions excepcionals en sentit estricte. Parlem de fets imprevistos, inesperats i urgents, que trenquen la normalitat del dia a dia.<\/p>\n\n\n\n<p>Nom\u00e9s cal que hi hagi una malaltia o accident que faci imprescindible que la persona treballadora estigui present de forma immediata. No cal que la situaci\u00f3 sigui greu en termes m\u00e8dics.<\/p>\n\n\n\n<p><strong>Atenci\u00f3. <\/strong>No s&#8217;exigeix \u200b\u200buna part de gravetat, sin\u00f3 una urg\u00e8ncia que no admet demora.<br><\/p>\n\n\n\n<p><strong>A qui protegeix aquest perm\u00eds?<\/strong><\/p>\n\n\n\n<p>A difer\u00e8ncia d&#8217;altres permisos de l&#8217;article 37 de l&#8217;ET, aquest dret no limita expressament el grau de parentiu. S&#8217;est\u00e9n a:<\/p>\n\n\n\n<ul class=\"wp-block-list\">\n<li>Familiars, sense delimitaci\u00f3 legal de grau.<\/li>\n\n\n\n<li>Persones convivents, encara que no hi hagi vincle familiar.<\/li>\n<\/ul>\n\n\n\n<p>Aquest enfocament respon a la realitat social actual, on les responsabilitats de cura no sempre encaixen en esquemes familiars tradicionals.<\/p>\n\n\n\n<p>La conviv\u00e8ncia efectiva pot ser tan rellevant com el parentiu.<\/p>\n\n\n\n<p><strong>Com es gaudeix el perm\u00eds?<\/strong><\/p>\n\n\n\n<p>Aquest perm\u00eds no es gaudeix per dies complets, sin\u00f3 per hores dabs\u00e8ncia, permetent crear una borsa anual equivalent a quatre dies de treball.<\/p>\n\n\n\n<p>La concreci\u00f3 pr\u00e0ctica (fraccionament, control, \u00fas de la borsa) es pot desenvolupar en:<\/p>\n\n\n\n<p>Convenis col\u00b7lectius.<br><\/p>\n\n\n\n<ul class=\"wp-block-list\">\n<li>Acords entre empresa i representaci\u00f3 legal de les persones treballadores.<\/li>\n\n\n\n<li>En tot cas, dins del l\u00edmit legal, el perm\u00eds \u00e9s retribu\u00eft.<\/li>\n<\/ul>\n\n\n\n<p><strong>Atenci\u00f3. <\/strong>No \u00e9s un \u201cdia lliure\u201d, sin\u00f3 hores justificades per una necessitat concreta.<br><\/p>\n\n\n\n<p><strong>Retribuci\u00f3 sense retallades encobertes<\/strong><\/p>\n\n\n\n<p>La retribuci\u00f3 daquest perm\u00eds no pot suposar discriminacions indirectes, especialment per ra\u00f3 de sexe. Aix\u00f2 implica que no es poden excloure conceptes salarials de manera injustificada.<\/p>\n\n\n\n<p>La finalitat del perm\u00eds \u00e9s permetre atendre una urg\u00e8ncia sense penalitzaci\u00f3 econ\u00f2mica.<\/p>\n\n\n\n<p><strong>Atenci\u00f3.<\/strong> Excloure complements salarials pot generar conflictes i reclamacions.<br><\/p>\n\n\n\n<p><strong>Cal avisar abans?<\/strong><\/p>\n\n\n\n<p>La norma \u00e9s clara: no s&#8217;exigeix \u200b\u200bcap av\u00eds previ. I t\u00e9 sentit. Quan parlem d?urg\u00e8ncies familiars, moltes vegades no hi ha marge per comunicar res abans d?absentar-se.<\/p>\n\n\n\n<p>Aix\u00f2 s\u00ed, es pot exigir acreditaci\u00f3 posterior del motiu, sense perjudici del que estableixin convenis o acords col\u00b7lectius.<\/p>\n\n\n\n<p>El control \u00e9s posterior, no previ, llevat de regulaci\u00f3 espec\u00edfica.<\/p>\n\n\n\n<p><strong>\u00c9s necessari haver comen\u00e7at la jornada?<\/strong><\/p>\n\n\n\n<p>Una de les q\u00fcestions m\u00e9s discutides ha estat el significat de l&#8217;expressi\u00f3 \u201cdret a absentar-se\u201d. \u00c9s necessari haver iniciat la jornada laboral per poder exercir aquest dret?<\/p>\n\n\n\n<p>El Tribunal Superior de Just\u00edcia de Catalunya, a la seva Sent\u00e8ncia 6341\/2025, de 28 de novembre de 2025 ha declarat que no \u00e9s necessari.<\/p>\n\n\n\n<p>Interpretar que nom\u00e9s hi cap el perm\u00eds si la persona treballadora ja est\u00e0 al seu lloc conduiria a situacions absurdes i contr\u00e0ries a la finalitat del dret. El perm\u00eds cobreix tant les urg\u00e8ncies que sorgeixen durant la jornada com les que apareixen abans d&#8217;incorporar-se a la feina.<\/p>\n\n\n\n<p>El Tribunal Superior de Just\u00edcia de Catalunya subratlla que restringir el perm\u00eds nom\u00e9s als que ja han iniciat la jornada buidaria de contingut els drets de conciliaci\u00f3 i afectaria de manera especialment negativa els que assumeixen majorit\u00e0riament les tasques de cura.<\/p>\n\n\n\n<p><strong>Negociaci\u00f3 col\u00b7lectiva<\/strong><\/p>\n\n\n\n<p>La Llei permet que, a trav\u00e9s de convenis col\u00b7lectius, plans d&#8217;igualtat i acords d&#8217;empresa que s&#8217;ampli\u00ef, concretin o moduli l&#8217;\u00fas de la borsa d&#8217;hores i la forma d&#8217;acreditaci\u00f3 de les abs\u00e8ncies.<\/p>\n\n\n\n<p>Aix\u00f2 s\u00ed, sempre respectant el m\u00ednim legal i la finalitat del perm\u00eds.<\/p>\n\n\n\n<p>Per a qualsevol dubte o aclariment que puguis tenir sobre aix\u00f2, quedem a la teva disposici\u00f3.<\/p>\n","protected":false},"excerpt":{"rendered":"<p>No totes les abs\u00e8ncies a la feina es poden planificar. Algunes arriben sense av\u00eds i exigeixen una resposta immediata. El perm\u00eds per for\u00e7a major familiar respon a una necessitat concreta: ser on cal estar quan passa el que \u00e9s inesperat. L&#8217;article 37.9 de l&#8217;Estatut dels Treballadors (ET) reconeix a la persona treballadora el dret a [&hellip;]<\/p>\n","protected":false},"author":3,"featured_media":6585,"comment_status":"closed","ping_status":"open","sticky":false,"template":"","format":"standard","meta":{"_acf_changed":false,"footnotes":""},"categories":[1],"tags":[],"class_list":["post-6588","post","type-post","status-publish","format-standard","has-post-thumbnail","hentry","category-sin-categorizar"],"acf":[],"yoast_head":"<!-- This site is optimized with the Yoast SEO plugin v27.4 - https:\/\/yoast.com\/product\/yoast-seo-wordpress\/ -->\n<title>Quan una urg\u00e8ncia familiar justifica no acudir a la feina? - Gemap<\/title>\n<meta name=\"robots\" content=\"index, follow, max-snippet:-1, max-image-preview:large, max-video-preview:-1\" \/>\n<link rel=\"canonical\" href=\"https:\/\/gemap.es\/ca\/quan-una-urgencia-familiar-justifica-no-acudir-a-la-feina\/\" \/>\n<meta property=\"og:locale\" content=\"ca_ES\" \/>\n<meta property=\"og:type\" content=\"article\" \/>\n<meta property=\"og:title\" content=\"Quan una urg\u00e8ncia familiar justifica no acudir a la feina? - Gemap\" \/>\n<meta property=\"og:description\" content=\"No totes les abs\u00e8ncies a la feina es poden planificar. Algunes arriben sense av\u00eds i exigeixen una resposta immediata. El perm\u00eds per for\u00e7a major familiar respon a una necessitat concreta: ser on cal estar quan passa el que \u00e9s inesperat. L&#8217;article 37.9 de l&#8217;Estatut dels Treballadors (ET) reconeix a la persona treballadora el dret a [&hellip;]\" \/>\n<meta property=\"og:url\" content=\"https:\/\/gemap.es\/ca\/quan-una-urgencia-familiar-justifica-no-acudir-a-la-feina\/\" \/>\n<meta property=\"og:site_name\" content=\"Gemap\" \/>\n<meta property=\"article:publisher\" content=\"https:\/\/www.facebook.com\/gemap.ius\/\" \/>\n<meta property=\"article:published_time\" content=\"2026-03-05T12:26:59+00:00\" \/>\n<meta property=\"article:modified_time\" content=\"2026-03-05T12:27:01+00:00\" \/>\n<meta property=\"og:image\" content=\"https:\/\/gemap.es\/wp-content\/uploads\/2026\/03\/pexels-photo-8353783-1772011086_1772448469cp.jpeg\" \/>\n\t<meta property=\"og:image:width\" content=\"810\" \/>\n\t<meta property=\"og:image:height\" content=\"450\" \/>\n\t<meta property=\"og:image:type\" content=\"image\/jpeg\" \/>\n<meta name=\"author\" content=\"Gemap\" \/>\n<meta name=\"twitter:card\" content=\"summary_large_image\" \/>\n<meta name=\"twitter:creator\" content=\"@gemapius\" \/>\n<meta name=\"twitter:site\" content=\"@gemapius\" \/>\n<meta name=\"twitter:label1\" content=\"Escrit per\" \/>\n\t<meta name=\"twitter:data1\" content=\"Gemap\" \/>\n\t<meta name=\"twitter:label2\" content=\"Temps estimat de lectura\" \/>\n\t<meta name=\"twitter:data2\" content=\"4 minuts\" \/>\n<script type=\"application\/ld+json\" class=\"yoast-schema-graph\">{\"@context\":\"https:\\\/\\\/schema.org\",\"@graph\":[{\"@type\":\"Article\",\"@id\":\"https:\\\/\\\/gemap.es\\\/ca\\\/quan-una-urgencia-familiar-justifica-no-acudir-a-la-feina\\\/#article\",\"isPartOf\":{\"@id\":\"https:\\\/\\\/gemap.es\\\/ca\\\/quan-una-urgencia-familiar-justifica-no-acudir-a-la-feina\\\/\"},\"author\":{\"name\":\"Gemap\",\"@id\":\"https:\\\/\\\/gemap.es\\\/ca\\\/#\\\/schema\\\/person\\\/488bf7c00c857d972c990318b7048431\"},\"headline\":\"Quan una urg\u00e8ncia familiar justifica no acudir a la feina?\",\"datePublished\":\"2026-03-05T12:26:59+00:00\",\"dateModified\":\"2026-03-05T12:27:01+00:00\",\"mainEntityOfPage\":{\"@id\":\"https:\\\/\\\/gemap.es\\\/ca\\\/quan-una-urgencia-familiar-justifica-no-acudir-a-la-feina\\\/\"},\"wordCount\":723,\"publisher\":{\"@id\":\"https:\\\/\\\/gemap.es\\\/ca\\\/#organization\"},\"image\":{\"@id\":\"https:\\\/\\\/gemap.es\\\/ca\\\/quan-una-urgencia-familiar-justifica-no-acudir-a-la-feina\\\/#primaryimage\"},\"thumbnailUrl\":\"https:\\\/\\\/gemap.es\\\/wp-content\\\/uploads\\\/2026\\\/03\\\/pexels-photo-8353783-1772011086_1772448469cp.jpeg\",\"articleSection\":[\"Sin categorizar\"],\"inLanguage\":\"ca\"},{\"@type\":\"WebPage\",\"@id\":\"https:\\\/\\\/gemap.es\\\/ca\\\/quan-una-urgencia-familiar-justifica-no-acudir-a-la-feina\\\/\",\"url\":\"https:\\\/\\\/gemap.es\\\/ca\\\/quan-una-urgencia-familiar-justifica-no-acudir-a-la-feina\\\/\",\"name\":\"Quan una urg\u00e8ncia familiar justifica no acudir a la feina? - Gemap\",\"isPartOf\":{\"@id\":\"https:\\\/\\\/gemap.es\\\/ca\\\/#website\"},\"primaryImageOfPage\":{\"@id\":\"https:\\\/\\\/gemap.es\\\/ca\\\/quan-una-urgencia-familiar-justifica-no-acudir-a-la-feina\\\/#primaryimage\"},\"image\":{\"@id\":\"https:\\\/\\\/gemap.es\\\/ca\\\/quan-una-urgencia-familiar-justifica-no-acudir-a-la-feina\\\/#primaryimage\"},\"thumbnailUrl\":\"https:\\\/\\\/gemap.es\\\/wp-content\\\/uploads\\\/2026\\\/03\\\/pexels-photo-8353783-1772011086_1772448469cp.jpeg\",\"datePublished\":\"2026-03-05T12:26:59+00:00\",\"dateModified\":\"2026-03-05T12:27:01+00:00\",\"breadcrumb\":{\"@id\":\"https:\\\/\\\/gemap.es\\\/ca\\\/quan-una-urgencia-familiar-justifica-no-acudir-a-la-feina\\\/#breadcrumb\"},\"inLanguage\":\"ca\",\"potentialAction\":[{\"@type\":\"ReadAction\",\"target\":[\"https:\\\/\\\/gemap.es\\\/ca\\\/quan-una-urgencia-familiar-justifica-no-acudir-a-la-feina\\\/\"]}]},{\"@type\":\"ImageObject\",\"inLanguage\":\"ca\",\"@id\":\"https:\\\/\\\/gemap.es\\\/ca\\\/quan-una-urgencia-familiar-justifica-no-acudir-a-la-feina\\\/#primaryimage\",\"url\":\"https:\\\/\\\/gemap.es\\\/wp-content\\\/uploads\\\/2026\\\/03\\\/pexels-photo-8353783-1772011086_1772448469cp.jpeg\",\"contentUrl\":\"https:\\\/\\\/gemap.es\\\/wp-content\\\/uploads\\\/2026\\\/03\\\/pexels-photo-8353783-1772011086_1772448469cp.jpeg\",\"width\":810,\"height\":450,\"caption\":\"justificar una urgencia familiar\"},{\"@type\":\"BreadcrumbList\",\"@id\":\"https:\\\/\\\/gemap.es\\\/ca\\\/quan-una-urgencia-familiar-justifica-no-acudir-a-la-feina\\\/#breadcrumb\",\"itemListElement\":[{\"@type\":\"ListItem\",\"position\":1,\"name\":\"Portada\",\"item\":\"https:\\\/\\\/gemap.es\\\/ca\\\/home\\\/\"},{\"@type\":\"ListItem\",\"position\":2,\"name\":\"Quan una urg\u00e8ncia familiar justifica no acudir a la feina?\"}]},{\"@type\":\"WebSite\",\"@id\":\"https:\\\/\\\/gemap.es\\\/ca\\\/#website\",\"url\":\"https:\\\/\\\/gemap.es\\\/ca\\\/\",\"name\":\"Gemap\",\"description\":\"By your side\",\"publisher\":{\"@id\":\"https:\\\/\\\/gemap.es\\\/ca\\\/#organization\"},\"potentialAction\":[{\"@type\":\"SearchAction\",\"target\":{\"@type\":\"EntryPoint\",\"urlTemplate\":\"https:\\\/\\\/gemap.es\\\/ca\\\/?s={search_term_string}\"},\"query-input\":{\"@type\":\"PropertyValueSpecification\",\"valueRequired\":true,\"valueName\":\"search_term_string\"}}],\"inLanguage\":\"ca\"},{\"@type\":\"Organization\",\"@id\":\"https:\\\/\\\/gemap.es\\\/ca\\\/#organization\",\"name\":\"Gemap\",\"url\":\"https:\\\/\\\/gemap.es\\\/ca\\\/\",\"logo\":{\"@type\":\"ImageObject\",\"inLanguage\":\"ca\",\"@id\":\"https:\\\/\\\/gemap.es\\\/ca\\\/#\\\/schema\\\/logo\\\/image\\\/\",\"url\":\"https:\\\/\\\/gemap.es\\\/wp-content\\\/uploads\\\/2024\\\/11\\\/logo.svg\",\"contentUrl\":\"https:\\\/\\\/gemap.es\\\/wp-content\\\/uploads\\\/2024\\\/11\\\/logo.svg\",\"width\":340,\"height\":106,\"caption\":\"Gemap\"},\"image\":{\"@id\":\"https:\\\/\\\/gemap.es\\\/ca\\\/#\\\/schema\\\/logo\\\/image\\\/\"},\"sameAs\":[\"https:\\\/\\\/www.facebook.com\\\/gemap.ius\\\/\",\"https:\\\/\\\/x.com\\\/gemapius\",\"https:\\\/\\\/www.instagram.com\\\/gemap_asesoria\\\/\"]},{\"@type\":\"Person\",\"@id\":\"https:\\\/\\\/gemap.es\\\/ca\\\/#\\\/schema\\\/person\\\/488bf7c00c857d972c990318b7048431\",\"name\":\"Gemap\",\"image\":{\"@type\":\"ImageObject\",\"inLanguage\":\"ca\",\"@id\":\"https:\\\/\\\/secure.gravatar.com\\\/avatar\\\/880b2d735ee66ddf8c6e5f2e1a757b4b21b0814cea10dfaa193a4929cfce8057?s=96&d=mm&r=g\",\"url\":\"https:\\\/\\\/secure.gravatar.com\\\/avatar\\\/880b2d735ee66ddf8c6e5f2e1a757b4b21b0814cea10dfaa193a4929cfce8057?s=96&d=mm&r=g\",\"contentUrl\":\"https:\\\/\\\/secure.gravatar.com\\\/avatar\\\/880b2d735ee66ddf8c6e5f2e1a757b4b21b0814cea10dfaa193a4929cfce8057?s=96&d=mm&r=g\",\"caption\":\"Gemap\"},\"url\":\"https:\\\/\\\/gemap.es\\\/ca\\\/author\\\/gemap\\\/\"}]}<\/script>\n<!-- \/ Yoast SEO plugin. -->","yoast_head_json":{"title":"Quan una urg\u00e8ncia familiar justifica no acudir a la feina? - Gemap","robots":{"index":"index","follow":"follow","max-snippet":"max-snippet:-1","max-image-preview":"max-image-preview:large","max-video-preview":"max-video-preview:-1"},"canonical":"https:\/\/gemap.es\/ca\/quan-una-urgencia-familiar-justifica-no-acudir-a-la-feina\/","og_locale":"ca_ES","og_type":"article","og_title":"Quan una urg\u00e8ncia familiar justifica no acudir a la feina? - Gemap","og_description":"No totes les abs\u00e8ncies a la feina es poden planificar. Algunes arriben sense av\u00eds i exigeixen una resposta immediata. El perm\u00eds per for\u00e7a major familiar respon a una necessitat concreta: ser on cal estar quan passa el que \u00e9s inesperat. L&#8217;article 37.9 de l&#8217;Estatut dels Treballadors (ET) reconeix a la persona treballadora el dret a [&hellip;]","og_url":"https:\/\/gemap.es\/ca\/quan-una-urgencia-familiar-justifica-no-acudir-a-la-feina\/","og_site_name":"Gemap","article_publisher":"https:\/\/www.facebook.com\/gemap.ius\/","article_published_time":"2026-03-05T12:26:59+00:00","article_modified_time":"2026-03-05T12:27:01+00:00","og_image":[{"width":810,"height":450,"url":"https:\/\/gemap.es\/wp-content\/uploads\/2026\/03\/pexels-photo-8353783-1772011086_1772448469cp.jpeg","type":"image\/jpeg"}],"author":"Gemap","twitter_card":"summary_large_image","twitter_creator":"@gemapius","twitter_site":"@gemapius","twitter_misc":{"Escrit per":"Gemap","Temps estimat de lectura":"4 minuts"},"schema":{"@context":"https:\/\/schema.org","@graph":[{"@type":"Article","@id":"https:\/\/gemap.es\/ca\/quan-una-urgencia-familiar-justifica-no-acudir-a-la-feina\/#article","isPartOf":{"@id":"https:\/\/gemap.es\/ca\/quan-una-urgencia-familiar-justifica-no-acudir-a-la-feina\/"},"author":{"name":"Gemap","@id":"https:\/\/gemap.es\/ca\/#\/schema\/person\/488bf7c00c857d972c990318b7048431"},"headline":"Quan una urg\u00e8ncia familiar justifica no acudir a la feina?","datePublished":"2026-03-05T12:26:59+00:00","dateModified":"2026-03-05T12:27:01+00:00","mainEntityOfPage":{"@id":"https:\/\/gemap.es\/ca\/quan-una-urgencia-familiar-justifica-no-acudir-a-la-feina\/"},"wordCount":723,"publisher":{"@id":"https:\/\/gemap.es\/ca\/#organization"},"image":{"@id":"https:\/\/gemap.es\/ca\/quan-una-urgencia-familiar-justifica-no-acudir-a-la-feina\/#primaryimage"},"thumbnailUrl":"https:\/\/gemap.es\/wp-content\/uploads\/2026\/03\/pexels-photo-8353783-1772011086_1772448469cp.jpeg","articleSection":["Sin categorizar"],"inLanguage":"ca"},{"@type":"WebPage","@id":"https:\/\/gemap.es\/ca\/quan-una-urgencia-familiar-justifica-no-acudir-a-la-feina\/","url":"https:\/\/gemap.es\/ca\/quan-una-urgencia-familiar-justifica-no-acudir-a-la-feina\/","name":"Quan una urg\u00e8ncia familiar justifica no acudir a la feina? - Gemap","isPartOf":{"@id":"https:\/\/gemap.es\/ca\/#website"},"primaryImageOfPage":{"@id":"https:\/\/gemap.es\/ca\/quan-una-urgencia-familiar-justifica-no-acudir-a-la-feina\/#primaryimage"},"image":{"@id":"https:\/\/gemap.es\/ca\/quan-una-urgencia-familiar-justifica-no-acudir-a-la-feina\/#primaryimage"},"thumbnailUrl":"https:\/\/gemap.es\/wp-content\/uploads\/2026\/03\/pexels-photo-8353783-1772011086_1772448469cp.jpeg","datePublished":"2026-03-05T12:26:59+00:00","dateModified":"2026-03-05T12:27:01+00:00","breadcrumb":{"@id":"https:\/\/gemap.es\/ca\/quan-una-urgencia-familiar-justifica-no-acudir-a-la-feina\/#breadcrumb"},"inLanguage":"ca","potentialAction":[{"@type":"ReadAction","target":["https:\/\/gemap.es\/ca\/quan-una-urgencia-familiar-justifica-no-acudir-a-la-feina\/"]}]},{"@type":"ImageObject","inLanguage":"ca","@id":"https:\/\/gemap.es\/ca\/quan-una-urgencia-familiar-justifica-no-acudir-a-la-feina\/#primaryimage","url":"https:\/\/gemap.es\/wp-content\/uploads\/2026\/03\/pexels-photo-8353783-1772011086_1772448469cp.jpeg","contentUrl":"https:\/\/gemap.es\/wp-content\/uploads\/2026\/03\/pexels-photo-8353783-1772011086_1772448469cp.jpeg","width":810,"height":450,"caption":"justificar una urgencia familiar"},{"@type":"BreadcrumbList","@id":"https:\/\/gemap.es\/ca\/quan-una-urgencia-familiar-justifica-no-acudir-a-la-feina\/#breadcrumb","itemListElement":[{"@type":"ListItem","position":1,"name":"Portada","item":"https:\/\/gemap.es\/ca\/home\/"},{"@type":"ListItem","position":2,"name":"Quan una urg\u00e8ncia familiar justifica no acudir a la feina?"}]},{"@type":"WebSite","@id":"https:\/\/gemap.es\/ca\/#website","url":"https:\/\/gemap.es\/ca\/","name":"Gemap","description":"By your side","publisher":{"@id":"https:\/\/gemap.es\/ca\/#organization"},"potentialAction":[{"@type":"SearchAction","target":{"@type":"EntryPoint","urlTemplate":"https:\/\/gemap.es\/ca\/?s={search_term_string}"},"query-input":{"@type":"PropertyValueSpecification","valueRequired":true,"valueName":"search_term_string"}}],"inLanguage":"ca"},{"@type":"Organization","@id":"https:\/\/gemap.es\/ca\/#organization","name":"Gemap","url":"https:\/\/gemap.es\/ca\/","logo":{"@type":"ImageObject","inLanguage":"ca","@id":"https:\/\/gemap.es\/ca\/#\/schema\/logo\/image\/","url":"https:\/\/gemap.es\/wp-content\/uploads\/2024\/11\/logo.svg","contentUrl":"https:\/\/gemap.es\/wp-content\/uploads\/2024\/11\/logo.svg","width":340,"height":106,"caption":"Gemap"},"image":{"@id":"https:\/\/gemap.es\/ca\/#\/schema\/logo\/image\/"},"sameAs":["https:\/\/www.facebook.com\/gemap.ius\/","https:\/\/x.com\/gemapius","https:\/\/www.instagram.com\/gemap_asesoria\/"]},{"@type":"Person","@id":"https:\/\/gemap.es\/ca\/#\/schema\/person\/488bf7c00c857d972c990318b7048431","name":"Gemap","image":{"@type":"ImageObject","inLanguage":"ca","@id":"https:\/\/secure.gravatar.com\/avatar\/880b2d735ee66ddf8c6e5f2e1a757b4b21b0814cea10dfaa193a4929cfce8057?s=96&d=mm&r=g","url":"https:\/\/secure.gravatar.com\/avatar\/880b2d735ee66ddf8c6e5f2e1a757b4b21b0814cea10dfaa193a4929cfce8057?s=96&d=mm&r=g","contentUrl":"https:\/\/secure.gravatar.com\/avatar\/880b2d735ee66ddf8c6e5f2e1a757b4b21b0814cea10dfaa193a4929cfce8057?s=96&d=mm&r=g","caption":"Gemap"},"url":"https:\/\/gemap.es\/ca\/author\/gemap\/"}]}},"_links":{"self":[{"href":"https:\/\/gemap.es\/ca\/wp-json\/wp\/v2\/posts\/6588","targetHints":{"allow":["GET"]}}],"collection":[{"href":"https:\/\/gemap.es\/ca\/wp-json\/wp\/v2\/posts"}],"about":[{"href":"https:\/\/gemap.es\/ca\/wp-json\/wp\/v2\/types\/post"}],"author":[{"embeddable":true,"href":"https:\/\/gemap.es\/ca\/wp-json\/wp\/v2\/users\/3"}],"replies":[{"embeddable":true,"href":"https:\/\/gemap.es\/ca\/wp-json\/wp\/v2\/comments?post=6588"}],"version-history":[{"count":1,"href":"https:\/\/gemap.es\/ca\/wp-json\/wp\/v2\/posts\/6588\/revisions"}],"predecessor-version":[{"id":6589,"href":"https:\/\/gemap.es\/ca\/wp-json\/wp\/v2\/posts\/6588\/revisions\/6589"}],"wp:featuredmedia":[{"embeddable":true,"href":"https:\/\/gemap.es\/ca\/wp-json\/wp\/v2\/media\/6585"}],"wp:attachment":[{"href":"https:\/\/gemap.es\/ca\/wp-json\/wp\/v2\/media?parent=6588"}],"wp:term":[{"taxonomy":"category","embeddable":true,"href":"https:\/\/gemap.es\/ca\/wp-json\/wp\/v2\/categories?post=6588"},{"taxonomy":"post_tag","embeddable":true,"href":"https:\/\/gemap.es\/ca\/wp-json\/wp\/v2\/tags?post=6588"}],"curies":[{"name":"wp","href":"https:\/\/api.w.org\/{rel}","templated":true}]}}