{"id":6377,"date":"2026-01-15T10:56:54","date_gmt":"2026-01-15T09:56:54","guid":{"rendered":"https:\/\/gemap.es\/?p=6377"},"modified":"2026-01-16T11:04:02","modified_gmt":"2026-01-16T10:04:02","slug":"quan-fer-65-anys-no-sempre-nhi-ha-prou-per-jubilar-se","status":"publish","type":"post","link":"https:\/\/gemap.es\/ca\/quan-fer-65-anys-no-sempre-nhi-ha-prou-per-jubilar-se\/","title":{"rendered":"Quan fer 65 anys no sempre n&#8217;hi ha prou per jubilar-se"},"content":{"rendered":"\n<p>Amb la fi del per\u00edode transitori, la jubilaci\u00f3 entra en una fase m\u00e9s r\u00edgida i menys intu\u00eftiva, on els anys cotitzats pesen tant com l&#8217;edat.<\/p>\n\n\n\n<p>A partir del 2026, jubilar-se exigeix \u200b\u200balguna cosa m\u00e9s que bufar espelmes. <strong>Conv\u00e9 mirar amb lupa la vida laboral abans de fer plans.<\/strong><\/p>\n\n\n\n<p>Durant m\u00e9s d&#8217;una d\u00e8cada, l&#8217;edat de jubilaci\u00f3 ha anat avan\u00e7ant de mica en mica, gaireb\u00e9 sense que moltes persones fossin plenament conscients. Aquest proc\u00e9s gradual arriba al final el 2026, ia partir d&#8217;aqu\u00ed el sistema esdev\u00e9 m\u00e9s exigent i menys flexible.<\/p>\n\n\n\n<p>Des d&#8217;aquest moment, l&#8217;edat legal per jubilar-se <strong>dependr\u00e0 de manera directa del nombre d&#8217;anys cotitzats efectivament, sense dreceres ni interpretacions simplistes<\/strong>. No n&#8217;hi ha prou amb &#8220;estar a prop&#8221; ni amb haver treballat molts anys de manera irregular.<\/p>\n\n\n\n<p>No totes les persones que compleixen 65 anys el 2026 es podran jubilar autom\u00e0ticament.<\/p>\n\n\n\n<p><strong>Qu\u00e8 passa el 2026 amb l&#8217;edat ordin\u00e0ria<\/strong><\/p>\n\n\n\n<p>L&#8217;any 2026 es consolida un doble escenari que cal tenir molt clar:<\/p>\n\n\n\n<ul class=\"wp-block-list\">\n<li>Els qui acreditin 38 anys i 3 mesos o m\u00e9s de cotitzaci\u00f3 es podran jubilar en complir 65 anys.<\/li>\n\n\n\n<li>Els que no arribin a aquest llindar hauran d&#8217;esperar fins als 66 anys i 10 mesos.<\/li>\n<\/ul>\n\n\n\n<p>Aquest mat\u00eds \u00e9s important perqu\u00e8 moltes persones es queden a pocs mesos del m\u00ednim exigit i desconeixen que aix\u00f2 retarda la jubilaci\u00f3 gaireb\u00e9 dos anys complets.<\/p>\n\n\n\n<p>Un petit desfasament en els mesos cotitzats pot tenir un impacte desproporcionat a la data de jubilaci\u00f3.<\/p>\n\n\n\n<p><strong>L&#8217;escenari definitiu a partir del 2027<\/strong><\/p>\n\n\n\n<p>Des del 2027 el sistema s&#8217;estabilitza definitivament:<\/p>\n\n\n\n<ul class=\"wp-block-list\">\n<li>Nom\u00e9s els qui acreditin 38 anys i 6 mesos de cotitzaci\u00f3 efectiva es podran jubilar als 65 anys.<\/li>\n\n\n\n<li>La resta haur\u00e0 d?esperar fins als 67 anys, sense excepcions generals.<\/li>\n<\/ul>\n\n\n\n<p>Aquest ser\u00e0 el marc de refer\u00e8ncia ordinari per als propers anys, per la qual cosa conv\u00e9 revisar amb temps la carrera de cotitzaci\u00f3 de cada treballador o treballadora.<\/p>\n\n\n\n<p><strong>Atenci\u00f3.<\/strong> A partir del 2027, no assolir el m\u00ednim exigit implica endarrerir la jubilaci\u00f3 dos anys complets.<\/p>\n\n\n\n<p><strong>El requisit m\u00ednim de cotitzaci\u00f3 continua sent clau<\/strong><\/p>\n\n\n\n<p>M\u00e9s enll\u00e0 de l&#8217;edat, hi ha un requisit que continua sent imprescindible i que genera molts malentesos: haver cotitzat almenys 15 anys, i que dos anys estiguin dins dels 15 anteriors a la jubilaci\u00f3.<\/p>\n\n\n\n<p>Aquest segon punt sol passar-se per alt, especialment en persones amb carreres laborals molt discont\u00ednues o llargs per\u00edodes sense alta a la Seguretat Social.<\/p>\n\n\n\n<p><strong>Atenci\u00f3<\/strong>. No n&#8217;hi ha prou d&#8217;arribar als 15 anys totals si no es compleix el requisit de cotitzaci\u00f3 recent.<br>Un cas freq\u00fcent que genera confusi\u00f3<\/p>\n\n\n\n<p>Pensem en una treballadora que compleix 65 anys el setembre del 2026 i que en aquell moment acredita 38 anys i un mes de cotitzaci\u00f3. A primera vista podria semblar que ha d&#8217;esperar gaireb\u00e9 dos anys m\u00e9s.<\/p>\n\n\n\n<p>Tot i aix\u00f2, si continua treballant uns mesos m\u00e9s i arriba als 38 anys i 3 mesos dins del 2026, podr\u00e0 jubilar-se en aquest mateix moment, sempre que ja tingui complerts els 65 anys.<\/p>\n\n\n\n<p>Aquest tipus de situacions s\u00f3n habituals i requereixen revisar mes a mes la vida laboral, no nom\u00e9s el total anual.<\/p>\n\n\n\n<p>El dret a jubilar-se es pot activar durant el mateix any, no nom\u00e9s a la data exacta de l&#8217;aniversari.<\/p>\n\n\n\n<p><strong>Quan haver treballat poc temps retarda m\u00e9s del que s&#8217;esperava<\/strong><\/p>\n\n\n\n<p>Un altre escenari habitual \u00e9s el de persones que han estat molts anys fora del mercat laboral. Per exemple, alg\u00fa que es reincorpora amb <strong>66 any<\/strong>s, amb nom\u00e9s <strong>13 anys cotitzats<\/strong>, pensant que amb un parell d&#8217;anys m\u00e9s n&#8217;hi haur\u00e0 prou.<\/p>\n\n\n\n<p>Encara que en complir 67 anys ja arribi als 15 anys totals, si no ha cotitzat almenys dos anys dins dels \u00faltims 15, haur\u00e0 de continuar treballant m\u00e9s temps per complir aquest requisit espec\u00edfic.<\/p>\n\n\n\n<p><strong>Atenci\u00f3. <\/strong>La jubilaci\u00f3 es pot endarrerir fins i tot m\u00e9s enll\u00e0 dels 67 anys si no es compleix la cotitzaci\u00f3 recent exigida per la llei.<br><\/p>\n\n\n\n<p><strong>El servei militar<\/strong><\/p>\n\n\n\n<p>Hi ha encara la creen\u00e7a que el servei militar obligatori suma autom\u00e0ticament com a anys cotitzats a efectes de jubilaci\u00f3 ordin\u00e0ria. Aix\u00f2 no \u00e9s correcte.<\/p>\n\n\n\n<p>Aquests per\u00edodes no serveixen per avan\u00e7ar l&#8217;edat de jubilaci\u00f3 ordin\u00e0ria ni per assolir els llindars de 38 anys i mesos exigits. La utilitat \u00e9s molt limitada i nom\u00e9s es reconeix, amb un m\u00e0xim d&#8217;un any, en sup\u00f2sits concrets de jubilaci\u00f3 anticipada o parcial.<\/p>\n\n\n\n<p><strong>Atenci\u00f3.<\/strong> Comptar amb la \u201cmili\u201d per arribar abans a la jubilaci\u00f3 ordin\u00e0ria pot portar a errors de c\u00e0lcul importants.<br><\/p>\n\n\n\n<p><strong>Una recomanaci\u00f3 pr\u00e0ctica abans de prendre decisions<\/strong><\/p>\n\n\n\n<p>Amb aquest nou escenari, anticipar la jubilaci\u00f3 exigeix \u200b\u200bplanificaci\u00f3, no nom\u00e9s bona intenci\u00f3. Revisar la vida laboral, comprovar llacunes de cotitzaci\u00f3 i calcular amb precisi\u00f3 els mesos acumulats \u00e9s m\u00e9s important que mai.<\/p>\n\n\n\n<p>Prendre decisions sense aquesta an\u00e0lisi pr\u00e8via pot suposar retards inesperats o plans que despr\u00e9s no encaixen amb la realitat legal.<\/p>\n\n\n\n<p><strong>Atenci\u00f3. <\/strong>Abans de fixar una data de jubilaci\u00f3, conv\u00e9 comprovar les dades oficials i no refiar-se nom\u00e9s d&#8217;estimacions generals.<br><\/p>\n\n\n\n<p>La jubilaci\u00f3 ja no respon a regles simples. Edat i cotitzaci\u00f3 van de la m\u00e0, i petits detalls poden canviar completament el resultat final. Cal revisar cada cas amb calma i antel.laci\u00f3 per evitar sorpreses quan ja no hi hagi marge de maniobra.<\/p>\n\n\n\n<p><a href=\"http:\/\/www.gemap.es\/contacto\">Puedes contactar con nuestro equipo&nbsp;<\/a>para cualquier duda o aclaraci\u00f3n que puedas tener al respecto.<\/p>\n","protected":false},"excerpt":{"rendered":"<p>Amb la fi del per\u00edode transitori, la jubilaci\u00f3 entra en una fase m\u00e9s r\u00edgida i menys intu\u00eftiva, on els anys cotitzats pesen tant com l&#8217;edat. A partir del 2026, jubilar-se exigeix \u200b\u200balguna cosa m\u00e9s que bufar espelmes. Conv\u00e9 mirar amb lupa la vida laboral abans de fer plans. Durant m\u00e9s d&#8217;una d\u00e8cada, l&#8217;edat de jubilaci\u00f3 [&hellip;]<\/p>\n","protected":false},"author":3,"featured_media":6374,"comment_status":"closed","ping_status":"open","sticky":false,"template":"","format":"standard","meta":{"_acf_changed":false,"footnotes":""},"categories":[1],"tags":[],"class_list":["post-6377","post","type-post","status-publish","format-standard","has-post-thumbnail","hentry","category-sin-categorizar"],"acf":[],"yoast_head":"<!-- This site is optimized with the Yoast SEO plugin v27.4 - https:\/\/yoast.com\/product\/yoast-seo-wordpress\/ -->\n<title>Quan fer 65 anys no sempre n&#039;hi ha prou per jubilar-se - Gemap<\/title>\n<meta name=\"robots\" content=\"index, follow, max-snippet:-1, max-image-preview:large, max-video-preview:-1\" \/>\n<link rel=\"canonical\" href=\"https:\/\/gemap.es\/ca\/quan-fer-65-anys-no-sempre-nhi-ha-prou-per-jubilar-se\/\" \/>\n<meta property=\"og:locale\" content=\"ca_ES\" \/>\n<meta property=\"og:type\" content=\"article\" \/>\n<meta property=\"og:title\" content=\"Quan fer 65 anys no sempre n&#039;hi ha prou per jubilar-se - Gemap\" \/>\n<meta property=\"og:description\" content=\"Amb la fi del per\u00edode transitori, la jubilaci\u00f3 entra en una fase m\u00e9s r\u00edgida i menys intu\u00eftiva, on els anys cotitzats pesen tant com l&#8217;edat. A partir del 2026, jubilar-se exigeix \u200b\u200balguna cosa m\u00e9s que bufar espelmes. Conv\u00e9 mirar amb lupa la vida laboral abans de fer plans. Durant m\u00e9s d&#8217;una d\u00e8cada, l&#8217;edat de jubilaci\u00f3 [&hellip;]\" \/>\n<meta property=\"og:url\" content=\"https:\/\/gemap.es\/ca\/quan-fer-65-anys-no-sempre-nhi-ha-prou-per-jubilar-se\/\" \/>\n<meta property=\"og:site_name\" content=\"Gemap\" \/>\n<meta property=\"article:publisher\" content=\"https:\/\/www.facebook.com\/gemap.ius\/\" \/>\n<meta property=\"article:published_time\" content=\"2026-01-15T09:56:54+00:00\" \/>\n<meta property=\"article:modified_time\" content=\"2026-01-16T10:04:02+00:00\" \/>\n<meta property=\"og:image\" content=\"https:\/\/gemap.es\/wp-content\/uploads\/2026\/01\/pexels-photo-5698383-1767863428_1767958919cp.jpeg\" \/>\n\t<meta property=\"og:image:width\" content=\"810\" \/>\n\t<meta property=\"og:image:height\" content=\"450\" \/>\n\t<meta property=\"og:image:type\" content=\"image\/jpeg\" \/>\n<meta name=\"author\" content=\"Gemap\" \/>\n<meta name=\"twitter:card\" content=\"summary_large_image\" \/>\n<meta name=\"twitter:creator\" content=\"@gemapius\" \/>\n<meta name=\"twitter:site\" content=\"@gemapius\" \/>\n<meta name=\"twitter:label1\" content=\"Escrit per\" \/>\n\t<meta name=\"twitter:data1\" content=\"Gemap\" \/>\n\t<meta name=\"twitter:label2\" content=\"Temps estimat de lectura\" \/>\n\t<meta name=\"twitter:data2\" content=\"5 minuts\" \/>\n<script type=\"application\/ld+json\" class=\"yoast-schema-graph\">{\"@context\":\"https:\\\/\\\/schema.org\",\"@graph\":[{\"@type\":\"Article\",\"@id\":\"https:\\\/\\\/gemap.es\\\/ca\\\/quan-fer-65-anys-no-sempre-nhi-ha-prou-per-jubilar-se\\\/#article\",\"isPartOf\":{\"@id\":\"https:\\\/\\\/gemap.es\\\/ca\\\/quan-fer-65-anys-no-sempre-nhi-ha-prou-per-jubilar-se\\\/\"},\"author\":{\"name\":\"Gemap\",\"@id\":\"https:\\\/\\\/gemap.es\\\/ca\\\/#\\\/schema\\\/person\\\/488bf7c00c857d972c990318b7048431\"},\"headline\":\"Quan fer 65 anys no sempre n&#8217;hi ha prou per jubilar-se\",\"datePublished\":\"2026-01-15T09:56:54+00:00\",\"dateModified\":\"2026-01-16T10:04:02+00:00\",\"mainEntityOfPage\":{\"@id\":\"https:\\\/\\\/gemap.es\\\/ca\\\/quan-fer-65-anys-no-sempre-nhi-ha-prou-per-jubilar-se\\\/\"},\"wordCount\":919,\"publisher\":{\"@id\":\"https:\\\/\\\/gemap.es\\\/ca\\\/#organization\"},\"image\":{\"@id\":\"https:\\\/\\\/gemap.es\\\/ca\\\/quan-fer-65-anys-no-sempre-nhi-ha-prou-per-jubilar-se\\\/#primaryimage\"},\"thumbnailUrl\":\"https:\\\/\\\/gemap.es\\\/wp-content\\\/uploads\\\/2026\\\/01\\\/pexels-photo-5698383-1767863428_1767958919cp.jpeg\",\"articleSection\":[\"Sin categorizar\"],\"inLanguage\":\"ca\"},{\"@type\":\"WebPage\",\"@id\":\"https:\\\/\\\/gemap.es\\\/ca\\\/quan-fer-65-anys-no-sempre-nhi-ha-prou-per-jubilar-se\\\/\",\"url\":\"https:\\\/\\\/gemap.es\\\/ca\\\/quan-fer-65-anys-no-sempre-nhi-ha-prou-per-jubilar-se\\\/\",\"name\":\"Quan fer 65 anys no sempre n'hi ha prou per jubilar-se - Gemap\",\"isPartOf\":{\"@id\":\"https:\\\/\\\/gemap.es\\\/ca\\\/#website\"},\"primaryImageOfPage\":{\"@id\":\"https:\\\/\\\/gemap.es\\\/ca\\\/quan-fer-65-anys-no-sempre-nhi-ha-prou-per-jubilar-se\\\/#primaryimage\"},\"image\":{\"@id\":\"https:\\\/\\\/gemap.es\\\/ca\\\/quan-fer-65-anys-no-sempre-nhi-ha-prou-per-jubilar-se\\\/#primaryimage\"},\"thumbnailUrl\":\"https:\\\/\\\/gemap.es\\\/wp-content\\\/uploads\\\/2026\\\/01\\\/pexels-photo-5698383-1767863428_1767958919cp.jpeg\",\"datePublished\":\"2026-01-15T09:56:54+00:00\",\"dateModified\":\"2026-01-16T10:04:02+00:00\",\"breadcrumb\":{\"@id\":\"https:\\\/\\\/gemap.es\\\/ca\\\/quan-fer-65-anys-no-sempre-nhi-ha-prou-per-jubilar-se\\\/#breadcrumb\"},\"inLanguage\":\"ca\",\"potentialAction\":[{\"@type\":\"ReadAction\",\"target\":[\"https:\\\/\\\/gemap.es\\\/ca\\\/quan-fer-65-anys-no-sempre-nhi-ha-prou-per-jubilar-se\\\/\"]}]},{\"@type\":\"ImageObject\",\"inLanguage\":\"ca\",\"@id\":\"https:\\\/\\\/gemap.es\\\/ca\\\/quan-fer-65-anys-no-sempre-nhi-ha-prou-per-jubilar-se\\\/#primaryimage\",\"url\":\"https:\\\/\\\/gemap.es\\\/wp-content\\\/uploads\\\/2026\\\/01\\\/pexels-photo-5698383-1767863428_1767958919cp.jpeg\",\"contentUrl\":\"https:\\\/\\\/gemap.es\\\/wp-content\\\/uploads\\\/2026\\\/01\\\/pexels-photo-5698383-1767863428_1767958919cp.jpeg\",\"width\":810,\"height\":450,\"caption\":\"Jubilarse a los 65 a\u00f1os\"},{\"@type\":\"BreadcrumbList\",\"@id\":\"https:\\\/\\\/gemap.es\\\/ca\\\/quan-fer-65-anys-no-sempre-nhi-ha-prou-per-jubilar-se\\\/#breadcrumb\",\"itemListElement\":[{\"@type\":\"ListItem\",\"position\":1,\"name\":\"Portada\",\"item\":\"https:\\\/\\\/gemap.es\\\/ca\\\/home\\\/\"},{\"@type\":\"ListItem\",\"position\":2,\"name\":\"Quan fer 65 anys no sempre n&#8217;hi ha prou per jubilar-se\"}]},{\"@type\":\"WebSite\",\"@id\":\"https:\\\/\\\/gemap.es\\\/ca\\\/#website\",\"url\":\"https:\\\/\\\/gemap.es\\\/ca\\\/\",\"name\":\"Gemap\",\"description\":\"By your side\",\"publisher\":{\"@id\":\"https:\\\/\\\/gemap.es\\\/ca\\\/#organization\"},\"potentialAction\":[{\"@type\":\"SearchAction\",\"target\":{\"@type\":\"EntryPoint\",\"urlTemplate\":\"https:\\\/\\\/gemap.es\\\/ca\\\/?s={search_term_string}\"},\"query-input\":{\"@type\":\"PropertyValueSpecification\",\"valueRequired\":true,\"valueName\":\"search_term_string\"}}],\"inLanguage\":\"ca\"},{\"@type\":\"Organization\",\"@id\":\"https:\\\/\\\/gemap.es\\\/ca\\\/#organization\",\"name\":\"Gemap\",\"url\":\"https:\\\/\\\/gemap.es\\\/ca\\\/\",\"logo\":{\"@type\":\"ImageObject\",\"inLanguage\":\"ca\",\"@id\":\"https:\\\/\\\/gemap.es\\\/ca\\\/#\\\/schema\\\/logo\\\/image\\\/\",\"url\":\"https:\\\/\\\/gemap.es\\\/wp-content\\\/uploads\\\/2024\\\/11\\\/logo.svg\",\"contentUrl\":\"https:\\\/\\\/gemap.es\\\/wp-content\\\/uploads\\\/2024\\\/11\\\/logo.svg\",\"width\":340,\"height\":106,\"caption\":\"Gemap\"},\"image\":{\"@id\":\"https:\\\/\\\/gemap.es\\\/ca\\\/#\\\/schema\\\/logo\\\/image\\\/\"},\"sameAs\":[\"https:\\\/\\\/www.facebook.com\\\/gemap.ius\\\/\",\"https:\\\/\\\/x.com\\\/gemapius\",\"https:\\\/\\\/www.instagram.com\\\/gemap_asesoria\\\/\"]},{\"@type\":\"Person\",\"@id\":\"https:\\\/\\\/gemap.es\\\/ca\\\/#\\\/schema\\\/person\\\/488bf7c00c857d972c990318b7048431\",\"name\":\"Gemap\",\"image\":{\"@type\":\"ImageObject\",\"inLanguage\":\"ca\",\"@id\":\"https:\\\/\\\/secure.gravatar.com\\\/avatar\\\/880b2d735ee66ddf8c6e5f2e1a757b4b21b0814cea10dfaa193a4929cfce8057?s=96&d=mm&r=g\",\"url\":\"https:\\\/\\\/secure.gravatar.com\\\/avatar\\\/880b2d735ee66ddf8c6e5f2e1a757b4b21b0814cea10dfaa193a4929cfce8057?s=96&d=mm&r=g\",\"contentUrl\":\"https:\\\/\\\/secure.gravatar.com\\\/avatar\\\/880b2d735ee66ddf8c6e5f2e1a757b4b21b0814cea10dfaa193a4929cfce8057?s=96&d=mm&r=g\",\"caption\":\"Gemap\"},\"url\":\"https:\\\/\\\/gemap.es\\\/ca\\\/author\\\/gemap\\\/\"}]}<\/script>\n<!-- \/ Yoast SEO plugin. -->","yoast_head_json":{"title":"Quan fer 65 anys no sempre n'hi ha prou per jubilar-se - Gemap","robots":{"index":"index","follow":"follow","max-snippet":"max-snippet:-1","max-image-preview":"max-image-preview:large","max-video-preview":"max-video-preview:-1"},"canonical":"https:\/\/gemap.es\/ca\/quan-fer-65-anys-no-sempre-nhi-ha-prou-per-jubilar-se\/","og_locale":"ca_ES","og_type":"article","og_title":"Quan fer 65 anys no sempre n'hi ha prou per jubilar-se - Gemap","og_description":"Amb la fi del per\u00edode transitori, la jubilaci\u00f3 entra en una fase m\u00e9s r\u00edgida i menys intu\u00eftiva, on els anys cotitzats pesen tant com l&#8217;edat. A partir del 2026, jubilar-se exigeix \u200b\u200balguna cosa m\u00e9s que bufar espelmes. Conv\u00e9 mirar amb lupa la vida laboral abans de fer plans. Durant m\u00e9s d&#8217;una d\u00e8cada, l&#8217;edat de jubilaci\u00f3 [&hellip;]","og_url":"https:\/\/gemap.es\/ca\/quan-fer-65-anys-no-sempre-nhi-ha-prou-per-jubilar-se\/","og_site_name":"Gemap","article_publisher":"https:\/\/www.facebook.com\/gemap.ius\/","article_published_time":"2026-01-15T09:56:54+00:00","article_modified_time":"2026-01-16T10:04:02+00:00","og_image":[{"width":810,"height":450,"url":"https:\/\/gemap.es\/wp-content\/uploads\/2026\/01\/pexels-photo-5698383-1767863428_1767958919cp.jpeg","type":"image\/jpeg"}],"author":"Gemap","twitter_card":"summary_large_image","twitter_creator":"@gemapius","twitter_site":"@gemapius","twitter_misc":{"Escrit per":"Gemap","Temps estimat de lectura":"5 minuts"},"schema":{"@context":"https:\/\/schema.org","@graph":[{"@type":"Article","@id":"https:\/\/gemap.es\/ca\/quan-fer-65-anys-no-sempre-nhi-ha-prou-per-jubilar-se\/#article","isPartOf":{"@id":"https:\/\/gemap.es\/ca\/quan-fer-65-anys-no-sempre-nhi-ha-prou-per-jubilar-se\/"},"author":{"name":"Gemap","@id":"https:\/\/gemap.es\/ca\/#\/schema\/person\/488bf7c00c857d972c990318b7048431"},"headline":"Quan fer 65 anys no sempre n&#8217;hi ha prou per jubilar-se","datePublished":"2026-01-15T09:56:54+00:00","dateModified":"2026-01-16T10:04:02+00:00","mainEntityOfPage":{"@id":"https:\/\/gemap.es\/ca\/quan-fer-65-anys-no-sempre-nhi-ha-prou-per-jubilar-se\/"},"wordCount":919,"publisher":{"@id":"https:\/\/gemap.es\/ca\/#organization"},"image":{"@id":"https:\/\/gemap.es\/ca\/quan-fer-65-anys-no-sempre-nhi-ha-prou-per-jubilar-se\/#primaryimage"},"thumbnailUrl":"https:\/\/gemap.es\/wp-content\/uploads\/2026\/01\/pexels-photo-5698383-1767863428_1767958919cp.jpeg","articleSection":["Sin categorizar"],"inLanguage":"ca"},{"@type":"WebPage","@id":"https:\/\/gemap.es\/ca\/quan-fer-65-anys-no-sempre-nhi-ha-prou-per-jubilar-se\/","url":"https:\/\/gemap.es\/ca\/quan-fer-65-anys-no-sempre-nhi-ha-prou-per-jubilar-se\/","name":"Quan fer 65 anys no sempre n'hi ha prou per jubilar-se - Gemap","isPartOf":{"@id":"https:\/\/gemap.es\/ca\/#website"},"primaryImageOfPage":{"@id":"https:\/\/gemap.es\/ca\/quan-fer-65-anys-no-sempre-nhi-ha-prou-per-jubilar-se\/#primaryimage"},"image":{"@id":"https:\/\/gemap.es\/ca\/quan-fer-65-anys-no-sempre-nhi-ha-prou-per-jubilar-se\/#primaryimage"},"thumbnailUrl":"https:\/\/gemap.es\/wp-content\/uploads\/2026\/01\/pexels-photo-5698383-1767863428_1767958919cp.jpeg","datePublished":"2026-01-15T09:56:54+00:00","dateModified":"2026-01-16T10:04:02+00:00","breadcrumb":{"@id":"https:\/\/gemap.es\/ca\/quan-fer-65-anys-no-sempre-nhi-ha-prou-per-jubilar-se\/#breadcrumb"},"inLanguage":"ca","potentialAction":[{"@type":"ReadAction","target":["https:\/\/gemap.es\/ca\/quan-fer-65-anys-no-sempre-nhi-ha-prou-per-jubilar-se\/"]}]},{"@type":"ImageObject","inLanguage":"ca","@id":"https:\/\/gemap.es\/ca\/quan-fer-65-anys-no-sempre-nhi-ha-prou-per-jubilar-se\/#primaryimage","url":"https:\/\/gemap.es\/wp-content\/uploads\/2026\/01\/pexels-photo-5698383-1767863428_1767958919cp.jpeg","contentUrl":"https:\/\/gemap.es\/wp-content\/uploads\/2026\/01\/pexels-photo-5698383-1767863428_1767958919cp.jpeg","width":810,"height":450,"caption":"Jubilarse a los 65 a\u00f1os"},{"@type":"BreadcrumbList","@id":"https:\/\/gemap.es\/ca\/quan-fer-65-anys-no-sempre-nhi-ha-prou-per-jubilar-se\/#breadcrumb","itemListElement":[{"@type":"ListItem","position":1,"name":"Portada","item":"https:\/\/gemap.es\/ca\/home\/"},{"@type":"ListItem","position":2,"name":"Quan fer 65 anys no sempre n&#8217;hi ha prou per jubilar-se"}]},{"@type":"WebSite","@id":"https:\/\/gemap.es\/ca\/#website","url":"https:\/\/gemap.es\/ca\/","name":"Gemap","description":"By your side","publisher":{"@id":"https:\/\/gemap.es\/ca\/#organization"},"potentialAction":[{"@type":"SearchAction","target":{"@type":"EntryPoint","urlTemplate":"https:\/\/gemap.es\/ca\/?s={search_term_string}"},"query-input":{"@type":"PropertyValueSpecification","valueRequired":true,"valueName":"search_term_string"}}],"inLanguage":"ca"},{"@type":"Organization","@id":"https:\/\/gemap.es\/ca\/#organization","name":"Gemap","url":"https:\/\/gemap.es\/ca\/","logo":{"@type":"ImageObject","inLanguage":"ca","@id":"https:\/\/gemap.es\/ca\/#\/schema\/logo\/image\/","url":"https:\/\/gemap.es\/wp-content\/uploads\/2024\/11\/logo.svg","contentUrl":"https:\/\/gemap.es\/wp-content\/uploads\/2024\/11\/logo.svg","width":340,"height":106,"caption":"Gemap"},"image":{"@id":"https:\/\/gemap.es\/ca\/#\/schema\/logo\/image\/"},"sameAs":["https:\/\/www.facebook.com\/gemap.ius\/","https:\/\/x.com\/gemapius","https:\/\/www.instagram.com\/gemap_asesoria\/"]},{"@type":"Person","@id":"https:\/\/gemap.es\/ca\/#\/schema\/person\/488bf7c00c857d972c990318b7048431","name":"Gemap","image":{"@type":"ImageObject","inLanguage":"ca","@id":"https:\/\/secure.gravatar.com\/avatar\/880b2d735ee66ddf8c6e5f2e1a757b4b21b0814cea10dfaa193a4929cfce8057?s=96&d=mm&r=g","url":"https:\/\/secure.gravatar.com\/avatar\/880b2d735ee66ddf8c6e5f2e1a757b4b21b0814cea10dfaa193a4929cfce8057?s=96&d=mm&r=g","contentUrl":"https:\/\/secure.gravatar.com\/avatar\/880b2d735ee66ddf8c6e5f2e1a757b4b21b0814cea10dfaa193a4929cfce8057?s=96&d=mm&r=g","caption":"Gemap"},"url":"https:\/\/gemap.es\/ca\/author\/gemap\/"}]}},"_links":{"self":[{"href":"https:\/\/gemap.es\/ca\/wp-json\/wp\/v2\/posts\/6377","targetHints":{"allow":["GET"]}}],"collection":[{"href":"https:\/\/gemap.es\/ca\/wp-json\/wp\/v2\/posts"}],"about":[{"href":"https:\/\/gemap.es\/ca\/wp-json\/wp\/v2\/types\/post"}],"author":[{"embeddable":true,"href":"https:\/\/gemap.es\/ca\/wp-json\/wp\/v2\/users\/3"}],"replies":[{"embeddable":true,"href":"https:\/\/gemap.es\/ca\/wp-json\/wp\/v2\/comments?post=6377"}],"version-history":[{"count":1,"href":"https:\/\/gemap.es\/ca\/wp-json\/wp\/v2\/posts\/6377\/revisions"}],"predecessor-version":[{"id":6378,"href":"https:\/\/gemap.es\/ca\/wp-json\/wp\/v2\/posts\/6377\/revisions\/6378"}],"wp:featuredmedia":[{"embeddable":true,"href":"https:\/\/gemap.es\/ca\/wp-json\/wp\/v2\/media\/6374"}],"wp:attachment":[{"href":"https:\/\/gemap.es\/ca\/wp-json\/wp\/v2\/media?parent=6377"}],"wp:term":[{"taxonomy":"category","embeddable":true,"href":"https:\/\/gemap.es\/ca\/wp-json\/wp\/v2\/categories?post=6377"},{"taxonomy":"post_tag","embeddable":true,"href":"https:\/\/gemap.es\/ca\/wp-json\/wp\/v2\/tags?post=6377"}],"curies":[{"name":"wp","href":"https:\/\/api.w.org\/{rel}","templated":true}]}}