{"id":6220,"date":"2025-12-22T11:32:15","date_gmt":"2025-12-22T10:32:15","guid":{"rendered":"https:\/\/gemap.es\/?p=6220"},"modified":"2025-12-22T11:32:17","modified_gmt":"2025-12-22T10:32:17","slug":"la-nova-llei-de-mobilitat-sostenible-obliga-les-empreses-a-replantejar-com-es-desplacen-els-seus-equips","status":"publish","type":"post","link":"https:\/\/gemap.es\/ca\/la-nova-llei-de-mobilitat-sostenible-obliga-les-empreses-a-replantejar-com-es-desplacen-els-seus-equips\/","title":{"rendered":"La nova Llei de Mobilitat Sostenible obliga les empreses a replantejar com es desplacen els seus equips"},"content":{"rendered":"\n<p>La nova Llei 9\/2025 no nom\u00e9s modifica com s&#8217;organitzen les ciutats: <strong>introdueix canvis directes en la manera com les empreses gestionen els despla\u00e7aments dels seus equips.<\/strong><\/p>\n\n\n\n<p>Des dels plans de mobilitat a la feina fins a l&#8217;accessibilitat i la sostenibilitat, la norma obliga a <strong>revisar pr\u00e0ctiques internes <\/strong>que fins ara es donaven per fetes. <strong>Les empreses hauran de parar m\u00e9s atenci\u00f3 a com arriben les plantilles al lloc de treball.<\/strong><\/p>\n\n\n\n<p>La llei converteix la mobilitat laboral en un assumpte estrat\u00e8gic i no merament log\u00edstic, amb implicacions en prevenci\u00f3, organitzaci\u00f3 i planificaci\u00f3 di\u00e0ria.<\/p>\n\n\n\n<p>El 5 de desembre del 2025 va entrar en vigor <strong>la Llei 9\/2025, de Mobilitat Sostenible<\/strong>, una norma \u00e0mplia que canvia la manera com ens movem i, sobretot, la manera com les empreses han d&#8217;organitzar els despla\u00e7aments dels seus equips. Encara que a primera vista pugui semblar una llei pensada \u00fanicament per a Administracions i operadors de transport, les seves implicacions aterren de ple a la vida di\u00e0ria de moltes organitzacions, <strong>especialment les que concentren un nombre elevat de persones treballadores en un mateix centre.<\/strong><\/p>\n\n\n\n<p>Per ajudar-vos a visualitzar qu\u00e8 canvia, us deixem un recorregut clar pels punts essencials.<\/p>\n\n\n\n<ol class=\"wp-block-list\">\n<li><strong>La mobilitat es converteix en un dret i obliga a replantejar prioritats<\/strong><\/li>\n<\/ol>\n\n\n\n<p>La llei reconeix la mobilitat com un dret col\u00b7lectiu, cosa que transcendeix el mer transport i situa el treballador i l&#8217;empresa al centre. L&#8217;objectiu ja no \u00e9s nom\u00e9s anar d&#8217;un punt A a un punt B, sin\u00f3 garantir que aquest despla\u00e7ament sigui raonable, accessible i sostenible.<\/p>\n\n\n\n<p>Moltes de les inversions p\u00fabliques futures, i tamb\u00e9 les decisions urban\u00edstiques, s&#8217;han de justificar sota aquest marc.<\/p>\n\n\n\n<ul class=\"wp-block-list\">\n<li><strong>Atenci\u00f3. <\/strong>Aquest canvi d\u201fenfocament significa que moltes empreses hauran de revisar com arriben els seus equips al centre de treball i quines alternatives ofereixen.<\/li>\n<\/ul>\n\n\n\n<ol start=\"2\" class=\"wp-block-list\">\n<li><strong>Entrada en vigor i activaci\u00f3 de terminis per a les empreses<\/strong><\/li>\n<\/ol>\n\n\n\n<p>La llei va entrar en vigor el <strong>5 de desembre del 2025,<\/strong> i des d&#8217;aquell moment s&#8217;activen terminis que afecten de manera directa centres de treball mitjans i grans.<\/p>\n\n\n\n<p>Els m\u00e9s rellevants s\u00f3n:<\/p>\n\n\n\n<ul class=\"wp-block-list\">\n<li><strong>Plans de mobilitat sostenible a la feina:<\/strong> Les empreses amb m\u00e9s de 200 persones treballadores o 100 per torn han de tenir un pla de mobilitat a la feina abans del 5 de desembre de 2027 (24 mesos des de l&#8217;entrada en vigor). (Art. 26.1)<\/li>\n\n\n\n<li>Comunicaci\u00f3 de plans de mobilitat ja existents: Si l&#8217;empresa ja disposa d&#8217;un pla, l&#8217;haur\u00e0 de remetre a l&#8217;autoritat auton\u00f2mica competent abans del 5 de mar\u00e7 del 2026 (tres mesos des de l&#8217;entrada en vigor). (Art. 27.3)<\/li>\n\n\n\n<li>Digitalitzaci\u00f3 obligat\u00f2ria del document de control del transport i full de ruta. Ser\u00e0 obligat\u00f2ria el 5 d&#8217;octubre del 2026 (10 mesos des de l&#8217;entrada en vigor).   (Disp. Trans. 8a)<\/li>\n<\/ul>\n\n\n\n<p><strong>Atenci\u00f3.<\/strong> Les empreses amb centres grans ja han d&#8217;activar un calendari intern: els terminis han comen\u00e7at a c\u00f3rrer.<\/p>\n\n\n\n<ol start=\"3\" class=\"wp-block-list\">\n<li><strong>Qu\u00e8 exigir\u00e0 el Pla de Mobilitat a la feina a les empreses<\/strong><\/li>\n<\/ol>\n\n\n\n<p>El nou pla no \u00e9s un simple document decoratiu: implica analitzar rutes, horaris, accessos, emissions, alternatives de transport col\u00b7lectiu, aparcament i mobilitat activa. L&#8217;empresa haur\u00e0 de nomenar responsables, mesurar resultats i renovar el pla de manera peri\u00f2dica.<\/p>\n\n\n\n<p>Aix\u00f2 requereix recopilar dades, estudiar patrons i coordinar-se amb lAdministraci\u00f3 local.<\/p>\n\n\n\n<p><strong>Atenci\u00f3. <\/strong>El pla ser\u00e0 objecte de seguiment cada dos anys i el seu incompliment pot generar requeriments i revisions externes.<\/p>\n\n\n\n<ol start=\"4\" class=\"wp-block-list\">\n<li><strong>Les empreses hauran de comunicar i actualitzar els plans existents<\/strong><\/li>\n<\/ol>\n\n\n\n<p>Les organitzacions que ja haguessin elaborat un pla de mobilitat ho hauran de comunicar en tres mesos des de l&#8217;entrada en vigor (termini que finalitza el 5 de mar\u00e7 del 2026).<br>A m\u00e9s, ho hauran d&#8217;actualitzar ajustant-lo als criteris que fixa la Llei 9\/2025.<\/p>\n\n\n\n<p><strong>Atenci\u00f3<\/strong>. Els plans antics deixen de servir, caldr\u00e0 revisar-los per adaptar-los als criteris oficials.<\/p>\n\n\n\n<ol start=\"5\" class=\"wp-block-list\">\n<li><strong>Mobilitat inclusiva i accessible: una obligaci\u00f3 envers les persones treballadores<\/strong><\/li>\n<\/ol>\n\n\n\n<p>La norma introdueix la idea que la mobilitat ha de ser inclusiva. Aix\u00f2 implica pensar en:<\/p>\n\n\n\n<ul class=\"wp-block-list\">\n<li>Accessos per als vianants segurs.<\/li>\n\n\n\n<li>Mobilitat ciclista.<\/li>\n\n\n\n<li>Connexions reals amb transport p\u00fablic.<\/li>\n\n\n\n<li>Solucions espec\u00edfiques per a persones amb mobilitat redu\u00efda.<\/li>\n<\/ul>\n\n\n\n<p>L&#8217;Administraci\u00f3 pot exigir canvis en accessos, senyalitzaci\u00f3, aparcaments i punts de c\u00e0rrega.<\/p>\n\n\n\n<p><strong>Atenci\u00f3.<\/strong> Les avaluacions daccessibilitat podran influir en inspeccions, autoritzacions urban\u00edstiques i fins i tot en decisions municipals sobre tr\u00e0nsit.<\/p>\n\n\n\n<ol start=\"6\" class=\"wp-block-list\">\n<li><strong>Empreses i negociaci\u00f3 col\u00b7lectiva: noves obligacions<\/strong><\/li>\n<\/ol>\n\n\n\n<p>La llei obliga que els convenis col\u00b7lectius la comissi\u00f3 negociadora dels quals es constitueixi despr\u00e9s de la seva entrada en vigor incloguin la negociaci\u00f3 de mesures de mobilitat sostenible a la feina.<br>(Disp. Trans. 1a)<\/p>\n\n\n\n<p>Aix\u00f2 implica que la mobilitat \u00e9s un tema laboral m\u00e9s, tant com un protocol de clima o un pla d&#8217;igualtat.<\/p>\n\n\n\n<p><strong>Atenci\u00f3. <\/strong>Les empreses hauran de seure amb la representaci\u00f3 laboral per pactar mesures sobre despla\u00e7aments, transport col\u00b7lectiu, emissions i seguretat vi\u00e0ria.<\/p>\n\n\n\n<ol start=\"7\" class=\"wp-block-list\">\n<li><strong>Incentius i financiaci\u00f3: oportunitats a tenir en compte<\/strong><\/li>\n<\/ol>\n\n\n\n<p>El Ministeri convocar\u00e0 subvencions per donar suport als plans de mobilitat sostenible a la feina en empreses amb m\u00e9s de 100 persones treballadores o 50 per torn. (Disp. Addic. 27a)<\/p>\n\n\n\n<p>Aix\u00f2 obre la porta a finan\u00e7ar:<\/p>\n\n\n\n<ul class=\"wp-block-list\">\n<li>Llan\u00e7adores o transport col\u00b7lectiu<\/li>\n\n\n\n<li>Aparcaments segurs de bicicletes<\/li>\n\n\n\n<li>Sistemes de cotxe compartit<\/li>\n\n\n\n<li>Infraestructures de punts de rec\u00e0rrega<\/li>\n<\/ul>\n\n\n\n<p><strong>Atenci\u00f3.<\/strong> Els ajuts seran en concurr\u00e8ncia competitiva. Conv\u00e9 preparar el pla abans que es convoquin.<\/p>\n\n\n\n<ol start=\"8\" class=\"wp-block-list\">\n<li><strong>Digitalitzaci\u00f3 i subministrament obligatori de dades<\/strong><\/li>\n<\/ol>\n\n\n\n<p>La llei avan\u00e7a cap a crear un ecosistema de dades de mobilitat. Les autoritats exigiran que empreses i operadors transmetin informaci\u00f3 agregada per millorar la planificaci\u00f3.<\/p>\n\n\n\n<p><strong>Atenci\u00f3. <\/strong>Determinats centres d&#8217;activitat quedaran obligats a pujar dades a l&#8217;EDIM (Espai de Dades Integrat de Mobilitat), cosa que obligar\u00e0 a estructurar internament qu\u00e8 es mesura i com.<br><\/p>\n\n\n\n<p>La Llei 9\/2025 no \u00e9s una norma que es quedi al paper: canvia la relaci\u00f3 de les empreses amb la mobilitat dels seus equips i exigeix \u200b\u200badaptar horaris, accessos, alternatives de transport i mesures de sostenibilitat. El termini de dos anys pot semblar llarg per\u00f2 no ho \u00e9s quan es tracta d&#8217;elaborar un pla seri\u00f3s i negociat, que a m\u00e9s haur\u00e0 de ser revisat peri\u00f2dicament.<\/p>\n\n\n\n<p>Pots <a href=\"http:\/\/www.gemap.es\/contacto\">contactar amb aquest despatx professional <\/a>per consultar qualsevol dubte que pugui apar\u00e8ixer.<\/p>\n","protected":false},"excerpt":{"rendered":"<p>La nova Llei 9\/2025 no nom\u00e9s modifica com s&#8217;organitzen les ciutats: introdueix canvis directes en la manera com les empreses gestionen els despla\u00e7aments dels seus equips. Des dels plans de mobilitat a la feina fins a l&#8217;accessibilitat i la sostenibilitat, la norma obliga a revisar pr\u00e0ctiques internes que fins ara es donaven per fetes. Les [&hellip;]<\/p>\n","protected":false},"author":3,"featured_media":6216,"comment_status":"closed","ping_status":"open","sticky":false,"template":"","format":"standard","meta":{"_acf_changed":false,"footnotes":""},"categories":[64,17],"tags":[],"class_list":["post-6220","post","type-post","status-publish","format-standard","has-post-thumbnail","hentry","category-actualidad","category-empresas"],"acf":[],"yoast_head":"<!-- This site is optimized with the Yoast SEO plugin v27.4 - https:\/\/yoast.com\/product\/yoast-seo-wordpress\/ -->\n<title>La nova Llei de Mobilitat Sostenible obliga les empreses a replantejar com es desplacen els seus equips - Gemap<\/title>\n<meta name=\"robots\" content=\"index, follow, max-snippet:-1, max-image-preview:large, max-video-preview:-1\" \/>\n<link rel=\"canonical\" href=\"https:\/\/gemap.es\/ca\/la-nova-llei-de-mobilitat-sostenible-obliga-les-empreses-a-replantejar-com-es-desplacen-els-seus-equips\/\" \/>\n<meta property=\"og:locale\" content=\"ca_ES\" \/>\n<meta property=\"og:type\" content=\"article\" \/>\n<meta property=\"og:title\" content=\"La nova Llei de Mobilitat Sostenible obliga les empreses a replantejar com es desplacen els seus equips - Gemap\" \/>\n<meta property=\"og:description\" content=\"La nova Llei 9\/2025 no nom\u00e9s modifica com s&#8217;organitzen les ciutats: introdueix canvis directes en la manera com les empreses gestionen els despla\u00e7aments dels seus equips. Des dels plans de mobilitat a la feina fins a l&#8217;accessibilitat i la sostenibilitat, la norma obliga a revisar pr\u00e0ctiques internes que fins ara es donaven per fetes. Les [&hellip;]\" \/>\n<meta property=\"og:url\" content=\"https:\/\/gemap.es\/ca\/la-nova-llei-de-mobilitat-sostenible-obliga-les-empreses-a-replantejar-com-es-desplacen-els-seus-equips\/\" \/>\n<meta property=\"og:site_name\" content=\"Gemap\" \/>\n<meta property=\"article:publisher\" content=\"https:\/\/www.facebook.com\/gemap.ius\/\" \/>\n<meta property=\"article:published_time\" content=\"2025-12-22T10:32:15+00:00\" \/>\n<meta property=\"article:modified_time\" content=\"2025-12-22T10:32:17+00:00\" \/>\n<meta property=\"og:image\" content=\"https:\/\/gemap.es\/wp-content\/uploads\/2025\/12\/pexels-photo-799443_1765533152.jpeg\" \/>\n\t<meta property=\"og:image:width\" content=\"810\" \/>\n\t<meta property=\"og:image:height\" content=\"450\" \/>\n\t<meta property=\"og:image:type\" content=\"image\/jpeg\" \/>\n<meta name=\"author\" content=\"Gemap\" \/>\n<meta name=\"twitter:card\" content=\"summary_large_image\" \/>\n<meta name=\"twitter:creator\" content=\"@gemapius\" \/>\n<meta name=\"twitter:site\" content=\"@gemapius\" \/>\n<meta name=\"twitter:label1\" content=\"Escrit per\" \/>\n\t<meta name=\"twitter:data1\" content=\"Gemap\" \/>\n\t<meta name=\"twitter:label2\" content=\"Temps estimat de lectura\" \/>\n\t<meta name=\"twitter:data2\" content=\"5 minuts\" \/>\n<script type=\"application\/ld+json\" class=\"yoast-schema-graph\">{\"@context\":\"https:\\\/\\\/schema.org\",\"@graph\":[{\"@type\":\"Article\",\"@id\":\"https:\\\/\\\/gemap.es\\\/ca\\\/la-nova-llei-de-mobilitat-sostenible-obliga-les-empreses-a-replantejar-com-es-desplacen-els-seus-equips\\\/#article\",\"isPartOf\":{\"@id\":\"https:\\\/\\\/gemap.es\\\/ca\\\/la-nova-llei-de-mobilitat-sostenible-obliga-les-empreses-a-replantejar-com-es-desplacen-els-seus-equips\\\/\"},\"author\":{\"name\":\"Gemap\",\"@id\":\"https:\\\/\\\/gemap.es\\\/ca\\\/#\\\/schema\\\/person\\\/488bf7c00c857d972c990318b7048431\"},\"headline\":\"La nova Llei de Mobilitat Sostenible obliga les empreses a replantejar com es desplacen els seus equips\",\"datePublished\":\"2025-12-22T10:32:15+00:00\",\"dateModified\":\"2025-12-22T10:32:17+00:00\",\"mainEntityOfPage\":{\"@id\":\"https:\\\/\\\/gemap.es\\\/ca\\\/la-nova-llei-de-mobilitat-sostenible-obliga-les-empreses-a-replantejar-com-es-desplacen-els-seus-equips\\\/\"},\"wordCount\":1052,\"publisher\":{\"@id\":\"https:\\\/\\\/gemap.es\\\/ca\\\/#organization\"},\"image\":{\"@id\":\"https:\\\/\\\/gemap.es\\\/ca\\\/la-nova-llei-de-mobilitat-sostenible-obliga-les-empreses-a-replantejar-com-es-desplacen-els-seus-equips\\\/#primaryimage\"},\"thumbnailUrl\":\"https:\\\/\\\/gemap.es\\\/wp-content\\\/uploads\\\/2025\\\/12\\\/pexels-photo-799443_1765533152.jpeg\",\"articleSection\":[\"Actualidad\",\"Empresas\"],\"inLanguage\":\"ca\"},{\"@type\":\"WebPage\",\"@id\":\"https:\\\/\\\/gemap.es\\\/ca\\\/la-nova-llei-de-mobilitat-sostenible-obliga-les-empreses-a-replantejar-com-es-desplacen-els-seus-equips\\\/\",\"url\":\"https:\\\/\\\/gemap.es\\\/ca\\\/la-nova-llei-de-mobilitat-sostenible-obliga-les-empreses-a-replantejar-com-es-desplacen-els-seus-equips\\\/\",\"name\":\"La nova Llei de Mobilitat Sostenible obliga les empreses a replantejar com es desplacen els seus equips - Gemap\",\"isPartOf\":{\"@id\":\"https:\\\/\\\/gemap.es\\\/ca\\\/#website\"},\"primaryImageOfPage\":{\"@id\":\"https:\\\/\\\/gemap.es\\\/ca\\\/la-nova-llei-de-mobilitat-sostenible-obliga-les-empreses-a-replantejar-com-es-desplacen-els-seus-equips\\\/#primaryimage\"},\"image\":{\"@id\":\"https:\\\/\\\/gemap.es\\\/ca\\\/la-nova-llei-de-mobilitat-sostenible-obliga-les-empreses-a-replantejar-com-es-desplacen-els-seus-equips\\\/#primaryimage\"},\"thumbnailUrl\":\"https:\\\/\\\/gemap.es\\\/wp-content\\\/uploads\\\/2025\\\/12\\\/pexels-photo-799443_1765533152.jpeg\",\"datePublished\":\"2025-12-22T10:32:15+00:00\",\"dateModified\":\"2025-12-22T10:32:17+00:00\",\"breadcrumb\":{\"@id\":\"https:\\\/\\\/gemap.es\\\/ca\\\/la-nova-llei-de-mobilitat-sostenible-obliga-les-empreses-a-replantejar-com-es-desplacen-els-seus-equips\\\/#breadcrumb\"},\"inLanguage\":\"ca\",\"potentialAction\":[{\"@type\":\"ReadAction\",\"target\":[\"https:\\\/\\\/gemap.es\\\/ca\\\/la-nova-llei-de-mobilitat-sostenible-obliga-les-empreses-a-replantejar-com-es-desplacen-els-seus-equips\\\/\"]}]},{\"@type\":\"ImageObject\",\"inLanguage\":\"ca\",\"@id\":\"https:\\\/\\\/gemap.es\\\/ca\\\/la-nova-llei-de-mobilitat-sostenible-obliga-les-empreses-a-replantejar-com-es-desplacen-els-seus-equips\\\/#primaryimage\",\"url\":\"https:\\\/\\\/gemap.es\\\/wp-content\\\/uploads\\\/2025\\\/12\\\/pexels-photo-799443_1765533152.jpeg\",\"contentUrl\":\"https:\\\/\\\/gemap.es\\\/wp-content\\\/uploads\\\/2025\\\/12\\\/pexels-photo-799443_1765533152.jpeg\",\"width\":810,\"height\":450,\"caption\":\"Movilidad Sostenible en la empresa\"},{\"@type\":\"BreadcrumbList\",\"@id\":\"https:\\\/\\\/gemap.es\\\/ca\\\/la-nova-llei-de-mobilitat-sostenible-obliga-les-empreses-a-replantejar-com-es-desplacen-els-seus-equips\\\/#breadcrumb\",\"itemListElement\":[{\"@type\":\"ListItem\",\"position\":1,\"name\":\"Portada\",\"item\":\"https:\\\/\\\/gemap.es\\\/ca\\\/home\\\/\"},{\"@type\":\"ListItem\",\"position\":2,\"name\":\"La nova Llei de Mobilitat Sostenible obliga les empreses a replantejar com es desplacen els seus equips\"}]},{\"@type\":\"WebSite\",\"@id\":\"https:\\\/\\\/gemap.es\\\/ca\\\/#website\",\"url\":\"https:\\\/\\\/gemap.es\\\/ca\\\/\",\"name\":\"Gemap\",\"description\":\"By your side\",\"publisher\":{\"@id\":\"https:\\\/\\\/gemap.es\\\/ca\\\/#organization\"},\"potentialAction\":[{\"@type\":\"SearchAction\",\"target\":{\"@type\":\"EntryPoint\",\"urlTemplate\":\"https:\\\/\\\/gemap.es\\\/ca\\\/?s={search_term_string}\"},\"query-input\":{\"@type\":\"PropertyValueSpecification\",\"valueRequired\":true,\"valueName\":\"search_term_string\"}}],\"inLanguage\":\"ca\"},{\"@type\":\"Organization\",\"@id\":\"https:\\\/\\\/gemap.es\\\/ca\\\/#organization\",\"name\":\"Gemap\",\"url\":\"https:\\\/\\\/gemap.es\\\/ca\\\/\",\"logo\":{\"@type\":\"ImageObject\",\"inLanguage\":\"ca\",\"@id\":\"https:\\\/\\\/gemap.es\\\/ca\\\/#\\\/schema\\\/logo\\\/image\\\/\",\"url\":\"https:\\\/\\\/gemap.es\\\/wp-content\\\/uploads\\\/2024\\\/11\\\/logo.svg\",\"contentUrl\":\"https:\\\/\\\/gemap.es\\\/wp-content\\\/uploads\\\/2024\\\/11\\\/logo.svg\",\"width\":340,\"height\":106,\"caption\":\"Gemap\"},\"image\":{\"@id\":\"https:\\\/\\\/gemap.es\\\/ca\\\/#\\\/schema\\\/logo\\\/image\\\/\"},\"sameAs\":[\"https:\\\/\\\/www.facebook.com\\\/gemap.ius\\\/\",\"https:\\\/\\\/x.com\\\/gemapius\",\"https:\\\/\\\/www.instagram.com\\\/gemap_asesoria\\\/\"]},{\"@type\":\"Person\",\"@id\":\"https:\\\/\\\/gemap.es\\\/ca\\\/#\\\/schema\\\/person\\\/488bf7c00c857d972c990318b7048431\",\"name\":\"Gemap\",\"image\":{\"@type\":\"ImageObject\",\"inLanguage\":\"ca\",\"@id\":\"https:\\\/\\\/secure.gravatar.com\\\/avatar\\\/880b2d735ee66ddf8c6e5f2e1a757b4b21b0814cea10dfaa193a4929cfce8057?s=96&d=mm&r=g\",\"url\":\"https:\\\/\\\/secure.gravatar.com\\\/avatar\\\/880b2d735ee66ddf8c6e5f2e1a757b4b21b0814cea10dfaa193a4929cfce8057?s=96&d=mm&r=g\",\"contentUrl\":\"https:\\\/\\\/secure.gravatar.com\\\/avatar\\\/880b2d735ee66ddf8c6e5f2e1a757b4b21b0814cea10dfaa193a4929cfce8057?s=96&d=mm&r=g\",\"caption\":\"Gemap\"},\"url\":\"https:\\\/\\\/gemap.es\\\/ca\\\/author\\\/gemap\\\/\"}]}<\/script>\n<!-- \/ Yoast SEO plugin. -->","yoast_head_json":{"title":"La nova Llei de Mobilitat Sostenible obliga les empreses a replantejar com es desplacen els seus equips - Gemap","robots":{"index":"index","follow":"follow","max-snippet":"max-snippet:-1","max-image-preview":"max-image-preview:large","max-video-preview":"max-video-preview:-1"},"canonical":"https:\/\/gemap.es\/ca\/la-nova-llei-de-mobilitat-sostenible-obliga-les-empreses-a-replantejar-com-es-desplacen-els-seus-equips\/","og_locale":"ca_ES","og_type":"article","og_title":"La nova Llei de Mobilitat Sostenible obliga les empreses a replantejar com es desplacen els seus equips - Gemap","og_description":"La nova Llei 9\/2025 no nom\u00e9s modifica com s&#8217;organitzen les ciutats: introdueix canvis directes en la manera com les empreses gestionen els despla\u00e7aments dels seus equips. Des dels plans de mobilitat a la feina fins a l&#8217;accessibilitat i la sostenibilitat, la norma obliga a revisar pr\u00e0ctiques internes que fins ara es donaven per fetes. Les [&hellip;]","og_url":"https:\/\/gemap.es\/ca\/la-nova-llei-de-mobilitat-sostenible-obliga-les-empreses-a-replantejar-com-es-desplacen-els-seus-equips\/","og_site_name":"Gemap","article_publisher":"https:\/\/www.facebook.com\/gemap.ius\/","article_published_time":"2025-12-22T10:32:15+00:00","article_modified_time":"2025-12-22T10:32:17+00:00","og_image":[{"width":810,"height":450,"url":"https:\/\/gemap.es\/wp-content\/uploads\/2025\/12\/pexels-photo-799443_1765533152.jpeg","type":"image\/jpeg"}],"author":"Gemap","twitter_card":"summary_large_image","twitter_creator":"@gemapius","twitter_site":"@gemapius","twitter_misc":{"Escrit per":"Gemap","Temps estimat de lectura":"5 minuts"},"schema":{"@context":"https:\/\/schema.org","@graph":[{"@type":"Article","@id":"https:\/\/gemap.es\/ca\/la-nova-llei-de-mobilitat-sostenible-obliga-les-empreses-a-replantejar-com-es-desplacen-els-seus-equips\/#article","isPartOf":{"@id":"https:\/\/gemap.es\/ca\/la-nova-llei-de-mobilitat-sostenible-obliga-les-empreses-a-replantejar-com-es-desplacen-els-seus-equips\/"},"author":{"name":"Gemap","@id":"https:\/\/gemap.es\/ca\/#\/schema\/person\/488bf7c00c857d972c990318b7048431"},"headline":"La nova Llei de Mobilitat Sostenible obliga les empreses a replantejar com es desplacen els seus equips","datePublished":"2025-12-22T10:32:15+00:00","dateModified":"2025-12-22T10:32:17+00:00","mainEntityOfPage":{"@id":"https:\/\/gemap.es\/ca\/la-nova-llei-de-mobilitat-sostenible-obliga-les-empreses-a-replantejar-com-es-desplacen-els-seus-equips\/"},"wordCount":1052,"publisher":{"@id":"https:\/\/gemap.es\/ca\/#organization"},"image":{"@id":"https:\/\/gemap.es\/ca\/la-nova-llei-de-mobilitat-sostenible-obliga-les-empreses-a-replantejar-com-es-desplacen-els-seus-equips\/#primaryimage"},"thumbnailUrl":"https:\/\/gemap.es\/wp-content\/uploads\/2025\/12\/pexels-photo-799443_1765533152.jpeg","articleSection":["Actualidad","Empresas"],"inLanguage":"ca"},{"@type":"WebPage","@id":"https:\/\/gemap.es\/ca\/la-nova-llei-de-mobilitat-sostenible-obliga-les-empreses-a-replantejar-com-es-desplacen-els-seus-equips\/","url":"https:\/\/gemap.es\/ca\/la-nova-llei-de-mobilitat-sostenible-obliga-les-empreses-a-replantejar-com-es-desplacen-els-seus-equips\/","name":"La nova Llei de Mobilitat Sostenible obliga les empreses a replantejar com es desplacen els seus equips - Gemap","isPartOf":{"@id":"https:\/\/gemap.es\/ca\/#website"},"primaryImageOfPage":{"@id":"https:\/\/gemap.es\/ca\/la-nova-llei-de-mobilitat-sostenible-obliga-les-empreses-a-replantejar-com-es-desplacen-els-seus-equips\/#primaryimage"},"image":{"@id":"https:\/\/gemap.es\/ca\/la-nova-llei-de-mobilitat-sostenible-obliga-les-empreses-a-replantejar-com-es-desplacen-els-seus-equips\/#primaryimage"},"thumbnailUrl":"https:\/\/gemap.es\/wp-content\/uploads\/2025\/12\/pexels-photo-799443_1765533152.jpeg","datePublished":"2025-12-22T10:32:15+00:00","dateModified":"2025-12-22T10:32:17+00:00","breadcrumb":{"@id":"https:\/\/gemap.es\/ca\/la-nova-llei-de-mobilitat-sostenible-obliga-les-empreses-a-replantejar-com-es-desplacen-els-seus-equips\/#breadcrumb"},"inLanguage":"ca","potentialAction":[{"@type":"ReadAction","target":["https:\/\/gemap.es\/ca\/la-nova-llei-de-mobilitat-sostenible-obliga-les-empreses-a-replantejar-com-es-desplacen-els-seus-equips\/"]}]},{"@type":"ImageObject","inLanguage":"ca","@id":"https:\/\/gemap.es\/ca\/la-nova-llei-de-mobilitat-sostenible-obliga-les-empreses-a-replantejar-com-es-desplacen-els-seus-equips\/#primaryimage","url":"https:\/\/gemap.es\/wp-content\/uploads\/2025\/12\/pexels-photo-799443_1765533152.jpeg","contentUrl":"https:\/\/gemap.es\/wp-content\/uploads\/2025\/12\/pexels-photo-799443_1765533152.jpeg","width":810,"height":450,"caption":"Movilidad Sostenible en la empresa"},{"@type":"BreadcrumbList","@id":"https:\/\/gemap.es\/ca\/la-nova-llei-de-mobilitat-sostenible-obliga-les-empreses-a-replantejar-com-es-desplacen-els-seus-equips\/#breadcrumb","itemListElement":[{"@type":"ListItem","position":1,"name":"Portada","item":"https:\/\/gemap.es\/ca\/home\/"},{"@type":"ListItem","position":2,"name":"La nova Llei de Mobilitat Sostenible obliga les empreses a replantejar com es desplacen els seus equips"}]},{"@type":"WebSite","@id":"https:\/\/gemap.es\/ca\/#website","url":"https:\/\/gemap.es\/ca\/","name":"Gemap","description":"By your side","publisher":{"@id":"https:\/\/gemap.es\/ca\/#organization"},"potentialAction":[{"@type":"SearchAction","target":{"@type":"EntryPoint","urlTemplate":"https:\/\/gemap.es\/ca\/?s={search_term_string}"},"query-input":{"@type":"PropertyValueSpecification","valueRequired":true,"valueName":"search_term_string"}}],"inLanguage":"ca"},{"@type":"Organization","@id":"https:\/\/gemap.es\/ca\/#organization","name":"Gemap","url":"https:\/\/gemap.es\/ca\/","logo":{"@type":"ImageObject","inLanguage":"ca","@id":"https:\/\/gemap.es\/ca\/#\/schema\/logo\/image\/","url":"https:\/\/gemap.es\/wp-content\/uploads\/2024\/11\/logo.svg","contentUrl":"https:\/\/gemap.es\/wp-content\/uploads\/2024\/11\/logo.svg","width":340,"height":106,"caption":"Gemap"},"image":{"@id":"https:\/\/gemap.es\/ca\/#\/schema\/logo\/image\/"},"sameAs":["https:\/\/www.facebook.com\/gemap.ius\/","https:\/\/x.com\/gemapius","https:\/\/www.instagram.com\/gemap_asesoria\/"]},{"@type":"Person","@id":"https:\/\/gemap.es\/ca\/#\/schema\/person\/488bf7c00c857d972c990318b7048431","name":"Gemap","image":{"@type":"ImageObject","inLanguage":"ca","@id":"https:\/\/secure.gravatar.com\/avatar\/880b2d735ee66ddf8c6e5f2e1a757b4b21b0814cea10dfaa193a4929cfce8057?s=96&d=mm&r=g","url":"https:\/\/secure.gravatar.com\/avatar\/880b2d735ee66ddf8c6e5f2e1a757b4b21b0814cea10dfaa193a4929cfce8057?s=96&d=mm&r=g","contentUrl":"https:\/\/secure.gravatar.com\/avatar\/880b2d735ee66ddf8c6e5f2e1a757b4b21b0814cea10dfaa193a4929cfce8057?s=96&d=mm&r=g","caption":"Gemap"},"url":"https:\/\/gemap.es\/ca\/author\/gemap\/"}]}},"_links":{"self":[{"href":"https:\/\/gemap.es\/ca\/wp-json\/wp\/v2\/posts\/6220","targetHints":{"allow":["GET"]}}],"collection":[{"href":"https:\/\/gemap.es\/ca\/wp-json\/wp\/v2\/posts"}],"about":[{"href":"https:\/\/gemap.es\/ca\/wp-json\/wp\/v2\/types\/post"}],"author":[{"embeddable":true,"href":"https:\/\/gemap.es\/ca\/wp-json\/wp\/v2\/users\/3"}],"replies":[{"embeddable":true,"href":"https:\/\/gemap.es\/ca\/wp-json\/wp\/v2\/comments?post=6220"}],"version-history":[{"count":1,"href":"https:\/\/gemap.es\/ca\/wp-json\/wp\/v2\/posts\/6220\/revisions"}],"predecessor-version":[{"id":6225,"href":"https:\/\/gemap.es\/ca\/wp-json\/wp\/v2\/posts\/6220\/revisions\/6225"}],"wp:featuredmedia":[{"embeddable":true,"href":"https:\/\/gemap.es\/ca\/wp-json\/wp\/v2\/media\/6216"}],"wp:attachment":[{"href":"https:\/\/gemap.es\/ca\/wp-json\/wp\/v2\/media?parent=6220"}],"wp:term":[{"taxonomy":"category","embeddable":true,"href":"https:\/\/gemap.es\/ca\/wp-json\/wp\/v2\/categories?post=6220"},{"taxonomy":"post_tag","embeddable":true,"href":"https:\/\/gemap.es\/ca\/wp-json\/wp\/v2\/tags?post=6220"}],"curies":[{"name":"wp","href":"https:\/\/api.w.org\/{rel}","templated":true}]}}