{"id":5969,"date":"2025-11-18T10:43:26","date_gmt":"2025-11-18T09:43:26","guid":{"rendered":"https:\/\/gemap.es\/?p=5969"},"modified":"2025-11-18T10:43:28","modified_gmt":"2025-11-18T09:43:28","slug":"les-respostes-dhisenda-sobre-verifactu-que-totes-les-empreses-han-de-coneixer","status":"publish","type":"post","link":"https:\/\/gemap.es\/ca\/les-respostes-dhisenda-sobre-verifactu-que-totes-les-empreses-han-de-coneixer\/","title":{"rendered":"Les respostes d&#8217;Hisenda sobre VERI*FACTU que totes les empreses han de con\u00e8ixer"},"content":{"rendered":"\n<p>L&#8217;Ag\u00e8ncia Tribut\u00e0ria ha publicat una \u00e0mplia guia de preguntes freq\u00fcents que <strong>aclareix els dubtes principals sobre la implantaci\u00f3 dels nous sistemes inform\u00e0tics de facturaci\u00f3<\/strong> (SIF) i el model VERI*FACTU.<\/p>\n\n\n\n<p>Amb la vista posada el 2026, Hisenda ha aclarit com hauran de funcionar els programes de facturaci\u00f3 i quines exig\u00e8ncies t\u00e8cniques hauran de complir per garantir la integritat i la tra\u00e7abilitat de les factures.<\/p>\n\n\n\n<p>L&#8217;Ag\u00e8ncia Tribut\u00e0ria ha publicat recentment a la seva seu electr\u00f2nica un conjunt de preguntes freq\u00fcents (FAQ) sobre els Sistemes Inform\u00e0tics de Facturaci\u00f3 (SIF) i el sistema VERI*FACTU, que formaran part del nou marc de control de la facturaci\u00f3 electr\u00f2nica. <strong>Aquests aclariments s\u00f3n clau per entendre com s&#8217;han d&#8217;adaptar les empreses i els professionals a aquest model abans de la seva implantaci\u00f3 definitiva<\/strong>.<\/p>\n\n\n\n<h2 class=\"wp-block-heading\">Objecte i conceptes b\u00e0sics<\/h2>\n\n\n\n<p>El prop\u00f2sit del nou sistema \u00e9s garantir que totes les factures emeses siguin aut\u00e8ntiques, \u00edntegres i verificables. Els programes o sistemes inform\u00e0tics de facturaci\u00f3 han de complir condicions espec\u00edfiques que impedeixin modificar o eliminar una factura sense deixar-ne const\u00e0ncia.<\/p>\n\n\n\n<p>L&#8217;AEAT defineix els Sistemes Inform\u00e0tics de Facturaci\u00f3 (SIF) com qualsevol programari que intervingui en la creaci\u00f3, registre o emmagatzematge de factures, ja sigui desenvolupat internament o proporcionat per tercers.<\/p>\n\n\n\n<h2 class=\"wp-block-heading\">\u00c0mbit d&#8217;aplicaci\u00f3<\/h2>\n\n\n\n<p>El sistema \u00e9s aplicable a tots els empresaris i professionals que emetin factures, independentment de la seva grand\u00e0ria o activitat, llevat dels que ja estiguin obligats al Subministrament Immediat d&#8217;Informaci\u00f3 (SII) oa altres sistemes equivalents.<\/p>\n\n\n\n<p>Tamb\u00e9 s&#8217;aclareix que l&#8217;obligaci\u00f3 afecta tant els programes usats en ordinadors com els instal\u00b7lats al n\u00favol o integrats en plataformes de gesti\u00f3 comptable o ERP.<\/p>\n\n\n\n<h2 class=\"wp-block-heading\">Compliment i delegaci\u00f3<\/h2>\n\n\n\n<p>La responsabilitat del compliment recau sempre en l&#8217;obligat tributari, fins i tot si el sistema el gestiona un tercer. Aix\u00f2 no obstant, podr\u00e0 delegar l&#8217;\u00fas o el manteniment, sempre que el programari estigui certificat i s&#8217;hagi em\u00e8s la declaraci\u00f3 responsable corresponent pel prove\u00efdor.<\/p>\n\n\n\n<h2 class=\"wp-block-heading\">Requisits t\u00e8cnics principals dels SIF<\/h2>\n\n\n\n<p>L&#8217;AEAT detalla cinc grans blocs de requisits:<\/p>\n\n\n\n<ul class=\"wp-block-list\">\n<li>Integritat i inalterabilitat: els registres han de ser immodificables. Qualsevol canvi posterior ha de quedar tra\u00e7at.<\/li>\n\n\n\n<li>Tra\u00e7abilitat: cada factura ha de poder seguir des de la seva emissi\u00f3 fins a la seva conservaci\u00f3.<\/li>\n\n\n\n<li>Conservaci\u00f3 i accessibilitat: el sistema ha de permetre accedir a les dades de manera llegible i segura durant els terminis legals.<\/li>\n\n\n\n<li>Registre d&#8217;esdeveniments: tots els moviments i les operacions han de quedar registrats, incloent-hi altes, anul\u00b7lacions o rectificacions.<\/li>\n\n\n\n<li>Petjada digital (hash) i signatura: cada factura portar\u00e0 un identificador \u00fanic que n&#8217;assegura l&#8217;autenticitat.<\/li>\n<\/ul>\n\n\n\n<p>A m\u00e9s, els programes han de comptar amb capacitat de remissi\u00f3 de la informaci\u00f3 a l&#8217;AEAT i utilitzar els certificats electr\u00f2nics que garanteixin la validesa de les comunicacions.<\/p>\n\n\n\n<h2 class=\"wp-block-heading\">Certificaci\u00f3 i declaraci\u00f3 responsable<\/h2>\n\n\n\n<p>Cada programari haur\u00e0 de comptar amb una declaraci\u00f3 responsable emesa pel seu desenvolupador o prove\u00efdor, en qu\u00e8 es garanteixi el compliment dels requisits del sistema.<br>Aquesta declaraci\u00f3 no es limita a un simple formulari: comporta una responsabilitat directa del fabricant davant d&#8217;Hisenda, cosa que obligar\u00e0 els usuaris a verificar que els seus programes estiguin degudament certificats.<\/p>\n\n\n\n<h2 class=\"wp-block-heading\">VERI*FACTU: el sistema de factura verificable<\/h2>\n\n\n\n<p>L&#8217;AEAT aclareix que els sistemes VERI*FACTU s\u00f3n aquells que remeten autom\u00e0ticament els registres de facturaci\u00f3 a l&#8217;Ag\u00e8ncia Tribut\u00e0ria al moment de la seva generaci\u00f3.<br>Les factures inclouran:<\/p>\n\n\n\n<ul class=\"wp-block-list\">\n<li>Un codi QR que permetr\u00e0 comprovar-ne l&#8217;autenticitat.<\/li>\n\n\n\n<li>La frase \u201cVERI*FACTU\u201d com a marca identificativa del sistema.<\/li>\n<\/ul>\n\n\n\n<p>Aquest model ser\u00e0 voluntari en una primera fase, per\u00f2 s&#8217;espera que se&#8217;n generalitzi l&#8217;\u00fas, atesa la major seguretat i la menor exposici\u00f3 a inspeccions.<\/p>\n\n\n\n<h2 class=\"wp-block-heading\">Procediments de facturaci\u00f3 i col\u00b7laboraci\u00f3 social<\/h2>\n\n\n\n<p>Com a novetat, Hisenda permetr\u00e0 que el receptor de la factura tamb\u00e9 pugui remetre informaci\u00f3 a lAdministraci\u00f3, facilitant la verificaci\u00f3 de les dades i reduint conflictes en la gesti\u00f3 de lIVA.<\/p>\n\n\n\n<p>A m\u00e9s, es refor\u00e7a l&#8217;anomenada \u00abcol\u00b7laboraci\u00f3 social\u00bb, convidant associacions i professionals a participar en la implantaci\u00f3 d&#8217;aquests sistemes mitjan\u00e7ant proves i aportacions t\u00e8cniques.<\/p>\n\n\n\n<p><strong>ATENCI\u00d3:<\/strong><\/p>\n\n\n\n<ul class=\"wp-block-list\">\n<li>Actualitza el teu programari: els programes actuals podrien no complir els nous requisits.<\/li>\n\n\n\n<li>Verifica la certificaci\u00f3: exigeix \u200b\u200bal teu prove\u00efdor la declaraci\u00f3 responsable emesa d&#8217;acord amb el model de l&#8217;AEAT.<\/li>\n\n\n\n<li>Planifica ladaptaci\u00f3: les sancions per incompliment seran elevades i no sadmetran excuses t\u00e8cniques.<\/li>\n\n\n\n<li>Atenci\u00f3 a la tra\u00e7abilitat: qualsevol manipulaci\u00f3 o esborrament de factures quedar\u00e0 registrat i ser\u00e0 detectable per Hisenda.<\/li>\n<\/ul>\n\n\n\n<p><strong>En resum,<\/strong> les FAQ de l&#8217;Ag\u00e8ncia Tribut\u00e0ria aclareixen que el nou sistema no \u00e9s nom\u00e9s una actualitzaci\u00f3 t\u00e8cnica sin\u00f3 un canvi de paradigma en la forma de facturar. Qui s&#8217;adapti aviat i guanyar\u00e0 en seguretat, control i tranquil\u00b7litat davant de futures revisions.<\/p>\n\n\n\n<p>El nostre despatx queda a la vostra disposici\u00f3 per revisar el vostre programari, comprovar si compleix els requisits t\u00e8cnics i acompanyar-lo en la transici\u00f3 al nou entorn VERI*FACTU.<\/p>\n\n\n\n<p>Posa&#8217;t en contacte amb aquest despatx professional per a qualsevol dubte o aclariment que puguis tenir sobre aix\u00f2.<\/p>\n\n\n\n<p><\/p>\n","protected":false},"excerpt":{"rendered":"<p>L&#8217;Ag\u00e8ncia Tribut\u00e0ria ha publicat una \u00e0mplia guia de preguntes freq\u00fcents que aclareix els dubtes principals sobre la implantaci\u00f3 dels nous sistemes inform\u00e0tics de facturaci\u00f3 (SIF) i el model VERI*FACTU. Amb la vista posada el 2026, Hisenda ha aclarit com hauran de funcionar els programes de facturaci\u00f3 i quines exig\u00e8ncies t\u00e8cniques hauran de complir per garantir [&hellip;]<\/p>\n","protected":false},"author":3,"featured_media":5966,"comment_status":"closed","ping_status":"open","sticky":false,"template":"","format":"standard","meta":{"_acf_changed":false,"footnotes":""},"categories":[65,37,38],"tags":[],"class_list":["post-5969","post","type-post","status-publish","format-standard","has-post-thumbnail","hentry","category-actualitat","category-digitalizacio","category-empresas-ca"],"acf":[],"yoast_head":"<!-- This site is optimized with the Yoast SEO plugin v27.4 - https:\/\/yoast.com\/product\/yoast-seo-wordpress\/ -->\n<title>Les respostes d&#039;Hisenda sobre VERI*FACTU que totes les empreses han de con\u00e8ixer - Gemap<\/title>\n<meta name=\"robots\" content=\"index, follow, max-snippet:-1, max-image-preview:large, max-video-preview:-1\" \/>\n<link rel=\"canonical\" href=\"https:\/\/gemap.es\/ca\/les-respostes-dhisenda-sobre-verifactu-que-totes-les-empreses-han-de-coneixer\/\" \/>\n<meta property=\"og:locale\" content=\"ca_ES\" \/>\n<meta property=\"og:type\" content=\"article\" \/>\n<meta property=\"og:title\" content=\"Les respostes d&#039;Hisenda sobre VERI*FACTU que totes les empreses han de con\u00e8ixer - Gemap\" \/>\n<meta property=\"og:description\" content=\"L&#8217;Ag\u00e8ncia Tribut\u00e0ria ha publicat una \u00e0mplia guia de preguntes freq\u00fcents que aclareix els dubtes principals sobre la implantaci\u00f3 dels nous sistemes inform\u00e0tics de facturaci\u00f3 (SIF) i el model VERI*FACTU. Amb la vista posada el 2026, Hisenda ha aclarit com hauran de funcionar els programes de facturaci\u00f3 i quines exig\u00e8ncies t\u00e8cniques hauran de complir per garantir [&hellip;]\" \/>\n<meta property=\"og:url\" content=\"https:\/\/gemap.es\/ca\/les-respostes-dhisenda-sobre-verifactu-que-totes-les-empreses-han-de-coneixer\/\" \/>\n<meta property=\"og:site_name\" content=\"Gemap\" \/>\n<meta property=\"article:publisher\" content=\"https:\/\/www.facebook.com\/gemap.ius\/\" \/>\n<meta property=\"article:published_time\" content=\"2025-11-18T09:43:26+00:00\" \/>\n<meta property=\"article:modified_time\" content=\"2025-11-18T09:43:28+00:00\" \/>\n<meta property=\"og:image\" content=\"https:\/\/gemap.es\/wp-content\/uploads\/2025\/11\/pexels-photo-8837765-1762937740_1763029084cp.jpeg\" \/>\n\t<meta property=\"og:image:width\" content=\"810\" \/>\n\t<meta property=\"og:image:height\" content=\"450\" \/>\n\t<meta property=\"og:image:type\" content=\"image\/jpeg\" \/>\n<meta name=\"author\" content=\"Gemap\" \/>\n<meta name=\"twitter:card\" content=\"summary_large_image\" \/>\n<meta name=\"twitter:creator\" content=\"@gemapius\" \/>\n<meta name=\"twitter:site\" content=\"@gemapius\" \/>\n<meta name=\"twitter:label1\" content=\"Escrit per\" \/>\n\t<meta name=\"twitter:data1\" content=\"Gemap\" \/>\n\t<meta name=\"twitter:label2\" content=\"Temps estimat de lectura\" \/>\n\t<meta name=\"twitter:data2\" content=\"4 minuts\" \/>\n<script type=\"application\/ld+json\" class=\"yoast-schema-graph\">{\"@context\":\"https:\\\/\\\/schema.org\",\"@graph\":[{\"@type\":\"Article\",\"@id\":\"https:\\\/\\\/gemap.es\\\/ca\\\/les-respostes-dhisenda-sobre-verifactu-que-totes-les-empreses-han-de-coneixer\\\/#article\",\"isPartOf\":{\"@id\":\"https:\\\/\\\/gemap.es\\\/ca\\\/les-respostes-dhisenda-sobre-verifactu-que-totes-les-empreses-han-de-coneixer\\\/\"},\"author\":{\"name\":\"Gemap\",\"@id\":\"https:\\\/\\\/gemap.es\\\/ca\\\/#\\\/schema\\\/person\\\/488bf7c00c857d972c990318b7048431\"},\"headline\":\"Les respostes d&#8217;Hisenda sobre VERI*FACTU que totes les empreses han de con\u00e8ixer\",\"datePublished\":\"2025-11-18T09:43:26+00:00\",\"dateModified\":\"2025-11-18T09:43:28+00:00\",\"mainEntityOfPage\":{\"@id\":\"https:\\\/\\\/gemap.es\\\/ca\\\/les-respostes-dhisenda-sobre-verifactu-que-totes-les-empreses-han-de-coneixer\\\/\"},\"wordCount\":875,\"publisher\":{\"@id\":\"https:\\\/\\\/gemap.es\\\/ca\\\/#organization\"},\"image\":{\"@id\":\"https:\\\/\\\/gemap.es\\\/ca\\\/les-respostes-dhisenda-sobre-verifactu-que-totes-les-empreses-han-de-coneixer\\\/#primaryimage\"},\"thumbnailUrl\":\"https:\\\/\\\/gemap.es\\\/wp-content\\\/uploads\\\/2025\\\/11\\\/pexels-photo-8837765-1762937740_1763029084cp.jpeg\",\"articleSection\":[\"Actualitat\",\"Digitalizaci\u00f3\",\"Empresas\"],\"inLanguage\":\"ca\"},{\"@type\":\"WebPage\",\"@id\":\"https:\\\/\\\/gemap.es\\\/ca\\\/les-respostes-dhisenda-sobre-verifactu-que-totes-les-empreses-han-de-coneixer\\\/\",\"url\":\"https:\\\/\\\/gemap.es\\\/ca\\\/les-respostes-dhisenda-sobre-verifactu-que-totes-les-empreses-han-de-coneixer\\\/\",\"name\":\"Les respostes d'Hisenda sobre VERI*FACTU que totes les empreses han de con\u00e8ixer - Gemap\",\"isPartOf\":{\"@id\":\"https:\\\/\\\/gemap.es\\\/ca\\\/#website\"},\"primaryImageOfPage\":{\"@id\":\"https:\\\/\\\/gemap.es\\\/ca\\\/les-respostes-dhisenda-sobre-verifactu-que-totes-les-empreses-han-de-coneixer\\\/#primaryimage\"},\"image\":{\"@id\":\"https:\\\/\\\/gemap.es\\\/ca\\\/les-respostes-dhisenda-sobre-verifactu-que-totes-les-empreses-han-de-coneixer\\\/#primaryimage\"},\"thumbnailUrl\":\"https:\\\/\\\/gemap.es\\\/wp-content\\\/uploads\\\/2025\\\/11\\\/pexels-photo-8837765-1762937740_1763029084cp.jpeg\",\"datePublished\":\"2025-11-18T09:43:26+00:00\",\"dateModified\":\"2025-11-18T09:43:28+00:00\",\"breadcrumb\":{\"@id\":\"https:\\\/\\\/gemap.es\\\/ca\\\/les-respostes-dhisenda-sobre-verifactu-que-totes-les-empreses-han-de-coneixer\\\/#breadcrumb\"},\"inLanguage\":\"ca\",\"potentialAction\":[{\"@type\":\"ReadAction\",\"target\":[\"https:\\\/\\\/gemap.es\\\/ca\\\/les-respostes-dhisenda-sobre-verifactu-que-totes-les-empreses-han-de-coneixer\\\/\"]}]},{\"@type\":\"ImageObject\",\"inLanguage\":\"ca\",\"@id\":\"https:\\\/\\\/gemap.es\\\/ca\\\/les-respostes-dhisenda-sobre-verifactu-que-totes-les-empreses-han-de-coneixer\\\/#primaryimage\",\"url\":\"https:\\\/\\\/gemap.es\\\/wp-content\\\/uploads\\\/2025\\\/11\\\/pexels-photo-8837765-1762937740_1763029084cp.jpeg\",\"contentUrl\":\"https:\\\/\\\/gemap.es\\\/wp-content\\\/uploads\\\/2025\\\/11\\\/pexels-photo-8837765-1762937740_1763029084cp.jpeg\",\"width\":810,\"height\":450,\"caption\":\"VeriFactu\"},{\"@type\":\"BreadcrumbList\",\"@id\":\"https:\\\/\\\/gemap.es\\\/ca\\\/les-respostes-dhisenda-sobre-verifactu-que-totes-les-empreses-han-de-coneixer\\\/#breadcrumb\",\"itemListElement\":[{\"@type\":\"ListItem\",\"position\":1,\"name\":\"Portada\",\"item\":\"https:\\\/\\\/gemap.es\\\/ca\\\/home\\\/\"},{\"@type\":\"ListItem\",\"position\":2,\"name\":\"Les respostes d&#8217;Hisenda sobre VERI*FACTU que totes les empreses han de con\u00e8ixer\"}]},{\"@type\":\"WebSite\",\"@id\":\"https:\\\/\\\/gemap.es\\\/ca\\\/#website\",\"url\":\"https:\\\/\\\/gemap.es\\\/ca\\\/\",\"name\":\"Gemap\",\"description\":\"By your side\",\"publisher\":{\"@id\":\"https:\\\/\\\/gemap.es\\\/ca\\\/#organization\"},\"potentialAction\":[{\"@type\":\"SearchAction\",\"target\":{\"@type\":\"EntryPoint\",\"urlTemplate\":\"https:\\\/\\\/gemap.es\\\/ca\\\/?s={search_term_string}\"},\"query-input\":{\"@type\":\"PropertyValueSpecification\",\"valueRequired\":true,\"valueName\":\"search_term_string\"}}],\"inLanguage\":\"ca\"},{\"@type\":\"Organization\",\"@id\":\"https:\\\/\\\/gemap.es\\\/ca\\\/#organization\",\"name\":\"Gemap\",\"url\":\"https:\\\/\\\/gemap.es\\\/ca\\\/\",\"logo\":{\"@type\":\"ImageObject\",\"inLanguage\":\"ca\",\"@id\":\"https:\\\/\\\/gemap.es\\\/ca\\\/#\\\/schema\\\/logo\\\/image\\\/\",\"url\":\"https:\\\/\\\/gemap.es\\\/wp-content\\\/uploads\\\/2024\\\/11\\\/logo.svg\",\"contentUrl\":\"https:\\\/\\\/gemap.es\\\/wp-content\\\/uploads\\\/2024\\\/11\\\/logo.svg\",\"width\":340,\"height\":106,\"caption\":\"Gemap\"},\"image\":{\"@id\":\"https:\\\/\\\/gemap.es\\\/ca\\\/#\\\/schema\\\/logo\\\/image\\\/\"},\"sameAs\":[\"https:\\\/\\\/www.facebook.com\\\/gemap.ius\\\/\",\"https:\\\/\\\/x.com\\\/gemapius\",\"https:\\\/\\\/www.instagram.com\\\/gemap_asesoria\\\/\"]},{\"@type\":\"Person\",\"@id\":\"https:\\\/\\\/gemap.es\\\/ca\\\/#\\\/schema\\\/person\\\/488bf7c00c857d972c990318b7048431\",\"name\":\"Gemap\",\"image\":{\"@type\":\"ImageObject\",\"inLanguage\":\"ca\",\"@id\":\"https:\\\/\\\/secure.gravatar.com\\\/avatar\\\/880b2d735ee66ddf8c6e5f2e1a757b4b21b0814cea10dfaa193a4929cfce8057?s=96&d=mm&r=g\",\"url\":\"https:\\\/\\\/secure.gravatar.com\\\/avatar\\\/880b2d735ee66ddf8c6e5f2e1a757b4b21b0814cea10dfaa193a4929cfce8057?s=96&d=mm&r=g\",\"contentUrl\":\"https:\\\/\\\/secure.gravatar.com\\\/avatar\\\/880b2d735ee66ddf8c6e5f2e1a757b4b21b0814cea10dfaa193a4929cfce8057?s=96&d=mm&r=g\",\"caption\":\"Gemap\"},\"url\":\"https:\\\/\\\/gemap.es\\\/ca\\\/author\\\/gemap\\\/\"}]}<\/script>\n<!-- \/ Yoast SEO plugin. -->","yoast_head_json":{"title":"Les respostes d'Hisenda sobre VERI*FACTU que totes les empreses han de con\u00e8ixer - Gemap","robots":{"index":"index","follow":"follow","max-snippet":"max-snippet:-1","max-image-preview":"max-image-preview:large","max-video-preview":"max-video-preview:-1"},"canonical":"https:\/\/gemap.es\/ca\/les-respostes-dhisenda-sobre-verifactu-que-totes-les-empreses-han-de-coneixer\/","og_locale":"ca_ES","og_type":"article","og_title":"Les respostes d'Hisenda sobre VERI*FACTU que totes les empreses han de con\u00e8ixer - Gemap","og_description":"L&#8217;Ag\u00e8ncia Tribut\u00e0ria ha publicat una \u00e0mplia guia de preguntes freq\u00fcents que aclareix els dubtes principals sobre la implantaci\u00f3 dels nous sistemes inform\u00e0tics de facturaci\u00f3 (SIF) i el model VERI*FACTU. Amb la vista posada el 2026, Hisenda ha aclarit com hauran de funcionar els programes de facturaci\u00f3 i quines exig\u00e8ncies t\u00e8cniques hauran de complir per garantir [&hellip;]","og_url":"https:\/\/gemap.es\/ca\/les-respostes-dhisenda-sobre-verifactu-que-totes-les-empreses-han-de-coneixer\/","og_site_name":"Gemap","article_publisher":"https:\/\/www.facebook.com\/gemap.ius\/","article_published_time":"2025-11-18T09:43:26+00:00","article_modified_time":"2025-11-18T09:43:28+00:00","og_image":[{"width":810,"height":450,"url":"https:\/\/gemap.es\/wp-content\/uploads\/2025\/11\/pexels-photo-8837765-1762937740_1763029084cp.jpeg","type":"image\/jpeg"}],"author":"Gemap","twitter_card":"summary_large_image","twitter_creator":"@gemapius","twitter_site":"@gemapius","twitter_misc":{"Escrit per":"Gemap","Temps estimat de lectura":"4 minuts"},"schema":{"@context":"https:\/\/schema.org","@graph":[{"@type":"Article","@id":"https:\/\/gemap.es\/ca\/les-respostes-dhisenda-sobre-verifactu-que-totes-les-empreses-han-de-coneixer\/#article","isPartOf":{"@id":"https:\/\/gemap.es\/ca\/les-respostes-dhisenda-sobre-verifactu-que-totes-les-empreses-han-de-coneixer\/"},"author":{"name":"Gemap","@id":"https:\/\/gemap.es\/ca\/#\/schema\/person\/488bf7c00c857d972c990318b7048431"},"headline":"Les respostes d&#8217;Hisenda sobre VERI*FACTU que totes les empreses han de con\u00e8ixer","datePublished":"2025-11-18T09:43:26+00:00","dateModified":"2025-11-18T09:43:28+00:00","mainEntityOfPage":{"@id":"https:\/\/gemap.es\/ca\/les-respostes-dhisenda-sobre-verifactu-que-totes-les-empreses-han-de-coneixer\/"},"wordCount":875,"publisher":{"@id":"https:\/\/gemap.es\/ca\/#organization"},"image":{"@id":"https:\/\/gemap.es\/ca\/les-respostes-dhisenda-sobre-verifactu-que-totes-les-empreses-han-de-coneixer\/#primaryimage"},"thumbnailUrl":"https:\/\/gemap.es\/wp-content\/uploads\/2025\/11\/pexels-photo-8837765-1762937740_1763029084cp.jpeg","articleSection":["Actualitat","Digitalizaci\u00f3","Empresas"],"inLanguage":"ca"},{"@type":"WebPage","@id":"https:\/\/gemap.es\/ca\/les-respostes-dhisenda-sobre-verifactu-que-totes-les-empreses-han-de-coneixer\/","url":"https:\/\/gemap.es\/ca\/les-respostes-dhisenda-sobre-verifactu-que-totes-les-empreses-han-de-coneixer\/","name":"Les respostes d'Hisenda sobre VERI*FACTU que totes les empreses han de con\u00e8ixer - Gemap","isPartOf":{"@id":"https:\/\/gemap.es\/ca\/#website"},"primaryImageOfPage":{"@id":"https:\/\/gemap.es\/ca\/les-respostes-dhisenda-sobre-verifactu-que-totes-les-empreses-han-de-coneixer\/#primaryimage"},"image":{"@id":"https:\/\/gemap.es\/ca\/les-respostes-dhisenda-sobre-verifactu-que-totes-les-empreses-han-de-coneixer\/#primaryimage"},"thumbnailUrl":"https:\/\/gemap.es\/wp-content\/uploads\/2025\/11\/pexels-photo-8837765-1762937740_1763029084cp.jpeg","datePublished":"2025-11-18T09:43:26+00:00","dateModified":"2025-11-18T09:43:28+00:00","breadcrumb":{"@id":"https:\/\/gemap.es\/ca\/les-respostes-dhisenda-sobre-verifactu-que-totes-les-empreses-han-de-coneixer\/#breadcrumb"},"inLanguage":"ca","potentialAction":[{"@type":"ReadAction","target":["https:\/\/gemap.es\/ca\/les-respostes-dhisenda-sobre-verifactu-que-totes-les-empreses-han-de-coneixer\/"]}]},{"@type":"ImageObject","inLanguage":"ca","@id":"https:\/\/gemap.es\/ca\/les-respostes-dhisenda-sobre-verifactu-que-totes-les-empreses-han-de-coneixer\/#primaryimage","url":"https:\/\/gemap.es\/wp-content\/uploads\/2025\/11\/pexels-photo-8837765-1762937740_1763029084cp.jpeg","contentUrl":"https:\/\/gemap.es\/wp-content\/uploads\/2025\/11\/pexels-photo-8837765-1762937740_1763029084cp.jpeg","width":810,"height":450,"caption":"VeriFactu"},{"@type":"BreadcrumbList","@id":"https:\/\/gemap.es\/ca\/les-respostes-dhisenda-sobre-verifactu-que-totes-les-empreses-han-de-coneixer\/#breadcrumb","itemListElement":[{"@type":"ListItem","position":1,"name":"Portada","item":"https:\/\/gemap.es\/ca\/home\/"},{"@type":"ListItem","position":2,"name":"Les respostes d&#8217;Hisenda sobre VERI*FACTU que totes les empreses han de con\u00e8ixer"}]},{"@type":"WebSite","@id":"https:\/\/gemap.es\/ca\/#website","url":"https:\/\/gemap.es\/ca\/","name":"Gemap","description":"By your side","publisher":{"@id":"https:\/\/gemap.es\/ca\/#organization"},"potentialAction":[{"@type":"SearchAction","target":{"@type":"EntryPoint","urlTemplate":"https:\/\/gemap.es\/ca\/?s={search_term_string}"},"query-input":{"@type":"PropertyValueSpecification","valueRequired":true,"valueName":"search_term_string"}}],"inLanguage":"ca"},{"@type":"Organization","@id":"https:\/\/gemap.es\/ca\/#organization","name":"Gemap","url":"https:\/\/gemap.es\/ca\/","logo":{"@type":"ImageObject","inLanguage":"ca","@id":"https:\/\/gemap.es\/ca\/#\/schema\/logo\/image\/","url":"https:\/\/gemap.es\/wp-content\/uploads\/2024\/11\/logo.svg","contentUrl":"https:\/\/gemap.es\/wp-content\/uploads\/2024\/11\/logo.svg","width":340,"height":106,"caption":"Gemap"},"image":{"@id":"https:\/\/gemap.es\/ca\/#\/schema\/logo\/image\/"},"sameAs":["https:\/\/www.facebook.com\/gemap.ius\/","https:\/\/x.com\/gemapius","https:\/\/www.instagram.com\/gemap_asesoria\/"]},{"@type":"Person","@id":"https:\/\/gemap.es\/ca\/#\/schema\/person\/488bf7c00c857d972c990318b7048431","name":"Gemap","image":{"@type":"ImageObject","inLanguage":"ca","@id":"https:\/\/secure.gravatar.com\/avatar\/880b2d735ee66ddf8c6e5f2e1a757b4b21b0814cea10dfaa193a4929cfce8057?s=96&d=mm&r=g","url":"https:\/\/secure.gravatar.com\/avatar\/880b2d735ee66ddf8c6e5f2e1a757b4b21b0814cea10dfaa193a4929cfce8057?s=96&d=mm&r=g","contentUrl":"https:\/\/secure.gravatar.com\/avatar\/880b2d735ee66ddf8c6e5f2e1a757b4b21b0814cea10dfaa193a4929cfce8057?s=96&d=mm&r=g","caption":"Gemap"},"url":"https:\/\/gemap.es\/ca\/author\/gemap\/"}]}},"_links":{"self":[{"href":"https:\/\/gemap.es\/ca\/wp-json\/wp\/v2\/posts\/5969","targetHints":{"allow":["GET"]}}],"collection":[{"href":"https:\/\/gemap.es\/ca\/wp-json\/wp\/v2\/posts"}],"about":[{"href":"https:\/\/gemap.es\/ca\/wp-json\/wp\/v2\/types\/post"}],"author":[{"embeddable":true,"href":"https:\/\/gemap.es\/ca\/wp-json\/wp\/v2\/users\/3"}],"replies":[{"embeddable":true,"href":"https:\/\/gemap.es\/ca\/wp-json\/wp\/v2\/comments?post=5969"}],"version-history":[{"count":1,"href":"https:\/\/gemap.es\/ca\/wp-json\/wp\/v2\/posts\/5969\/revisions"}],"predecessor-version":[{"id":5970,"href":"https:\/\/gemap.es\/ca\/wp-json\/wp\/v2\/posts\/5969\/revisions\/5970"}],"wp:featuredmedia":[{"embeddable":true,"href":"https:\/\/gemap.es\/ca\/wp-json\/wp\/v2\/media\/5966"}],"wp:attachment":[{"href":"https:\/\/gemap.es\/ca\/wp-json\/wp\/v2\/media?parent=5969"}],"wp:term":[{"taxonomy":"category","embeddable":true,"href":"https:\/\/gemap.es\/ca\/wp-json\/wp\/v2\/categories?post=5969"},{"taxonomy":"post_tag","embeddable":true,"href":"https:\/\/gemap.es\/ca\/wp-json\/wp\/v2\/tags?post=5969"}],"curies":[{"name":"wp","href":"https:\/\/api.w.org\/{rel}","templated":true}]}}