{"id":5961,"date":"2025-11-10T11:51:43","date_gmt":"2025-11-10T10:51:43","guid":{"rendered":"https:\/\/gemap.es\/?p=5961"},"modified":"2025-11-10T11:51:45","modified_gmt":"2025-11-10T10:51:45","slug":"formacio-programada-lajut-que-moltes-pimes-deixen-passar-per-desconeixement","status":"publish","type":"post","link":"https:\/\/gemap.es\/ca\/formacio-programada-lajut-que-moltes-pimes-deixen-passar-per-desconeixement\/","title":{"rendered":"Formaci\u00f3 programada: l&#8217;ajut que moltes pimes deixen passar per desconeixement"},"content":{"rendered":"\n<p><strong>Cada mes la teva empresa cotitza per formaci\u00f3<\/strong>, per\u00f2 aix\u00f2 no garanteix que el teu equip rebi ni una hora de curs.<\/p>\n\n\n\n<p>Si no es planifica i no es comunica b\u00e9, <strong>el cr\u00e8dit es perd<\/strong>. L&#8217;anomenada \u201cformaci\u00f3 programada per les empreses\u201d \u00e9s, a la pr\u00e0ctica, una oportunitat: <strong>millorar compet\u00e8ncies dels teus treballadors utilitzant les bonificacions a les assegurances socials.<\/strong> I, tot i aix\u00f2, milers d&#8217;empreses la deixen passar.<\/p>\n\n\n\n<p>Si tens treballadors en n\u00f2mina, cada mes la teva empresa cotitza per formaci\u00f3. Aquesta partida apareix a les assegurances socials, passa desapercebuda en el dia a dia i, no obstant, \u00e9s la clau per <strong>finan\u00e7ar cursos que milloren la qualificaci\u00f3 de la seva plantilla.<\/strong><\/p>\n\n\n\n<p>La normativa parla de \u201c<strong>formaci\u00f3 programada per les empreses<\/strong>\u201d. Dit en llenguatge pla: \u00e9s la formaci\u00f3 que vost\u00e8 decideix, orientada a les necessitats reals del seu negoci, i el cost de les quals pot recuperar totalment o parcialment mitjan\u00e7ant bonificacions a les cotitzacions a la Seguretat Social. El problema \u00e9s que moltes empreses ni ho saben, ni ho planifiquen, ni ho comuniquen b\u00e9. Resultat: el cr\u00e8dit de formaci\u00f3 es queda gens.<\/p>\n\n\n\n<h2 class=\"wp-block-heading\">Quin tipus de formaci\u00f3 entra aqu\u00ed?<\/h2>\n\n\n\n<p>No es tracta de cursos \u201cte\u00f2rics\u201d desconnectats del dia a dia. La formaci\u00f3 ha de tenir relaci\u00f3 amb l&#8217;activitat de l&#8217;empresa i amb les necessitats actuals o futures dels seus treballadors:<\/p>\n\n\n\n<ul class=\"wp-block-list\">\n<li>Actualitzaci\u00f3 normativa (laboral, prevenci\u00f3, fiscal\u2026).<\/li>\n\n\n\n<li>Habilitats de gesti\u00f3, atenci\u00f3 al client, eines digitals.<\/li>\n\n\n\n<li>Millora de processos interns, qualitat i organitzaci\u00f3.<\/li>\n<\/ul>\n\n\n\n<p>Fins i tot es pot utilitzar per donar contingut real al <strong>dret del treballador a 20 hores anuals de formaci\u00f3 a la feina,<\/strong> sempre que s&#8217;organitzi dins del marc previst al RD 694\/2017.<\/p>\n\n\n\n<h2 class=\"wp-block-heading\">Qui se&#8217;n pot beneficiar?<\/h2>\n\n\n\n<p>Aqu\u00ed ve la part bona: pr\u00e0cticament qualsevol empresa que cotitzi per formaci\u00f3 i tingui centres de treball a Espanya pot accedir a aquest sistema, amb independ\u00e8ncia de la mida o el sector.<\/p>\n\n\n\n<p>\u00c9s igual si el teu negoci \u00e9s una pime de 5 persones o una companyia amb diversos centres:<br>si cotitzes per formaci\u00f3 i organitzes cursos per als teus treballadors, pots aplicar bonificacions a les assegurances socials fins al l\u00edmit del seu cr\u00e8dit.<\/p>\n\n\n\n<h2 class=\"wp-block-heading\">Com s&#8217;organitza la formaci\u00f3 (i per qu\u00e8 no cal improvisar)<\/h2>\n\n\n\n<p>L&#8217;empresa pot organitzar els cursos de diferents maneres:<\/p>\n\n\n\n<ul class=\"wp-block-list\">\n<li>Planificar-los i impartir-los amb mitjans propis, si disposa d&#8217;estructura i personal per fer-ho.<\/li>\n\n\n\n<li>Encarregar lorganitzaci\u00f3 a entitats externes: organitzacions empresarials o sindicals, associacions, entitats de formaci\u00f3 inscrites, etc.<\/li>\n\n\n\n<li>Agrupar-se amb altres empreses, especialment en el cas de plantilles petites, per gestionar conjuntament els seus cr\u00e8dits, mantenint sempre separat el cr\u00e8dit de cadascuna.<\/li>\n<\/ul>\n\n\n\n<p>Sigui quina sigui la f\u00f3rmula, la condici\u00f3 b\u00e0sica \u00e9s que qui imparteixi la formaci\u00f3 sigui una entitat formativa inscrita al registre corresponent. Si aix\u00f2 falla, la bonificaci\u00f3 es posa en risc.<\/p>\n\n\n\n<h2 class=\"wp-block-heading\">El cr\u00e8dit de formaci\u00f3: diners que hi s\u00f3n\u2026 per\u00f2 es pot perdre<\/h2>\n\n\n\n<p>Cada any, a la seva empresa se li assigna un cr\u00e8dit de formaci\u00f3, calculat en funci\u00f3 del que va cotitzar per formaci\u00f3 a l&#8217;exercici anterior i del percentatge que marqui la Llei de Pressupostos.<br>A m\u00e9s, la norma garanteix un cr\u00e8dit m\u00ednim perqu\u00e8 fins i tot les empreses m\u00e9s petites puguin fer alguna acci\u00f3 formativa.<\/p>\n\n\n\n<p>Alguns punts clau que conv\u00e9 tenir presents:<\/p>\n\n\n\n<ul class=\"wp-block-list\">\n<li>Empreses noves o amb nous centres: tamb\u00e9 tenen dret a cr\u00e8dit quan incorporen treballadors, aplicant-hi els imports fixats en pressupostos.<\/li>\n\n\n\n<li>Empreses de menys de 50 treballadors: poden demanar, a trav\u00e9s del sistema electr\u00f2nic, acumular el cr\u00e8dit no consumit i fer-lo servir en el seg\u00fcent exercici o en els dos seg\u00fcents. Si tampoc no s&#8217;utilitza en aquest termini\u2026 es perd.<\/li>\n\n\n\n<li>Les empreses es poden agrupar (sobretot les de menys de 100 treballadors) per gestionar juntes els seus cr\u00e8dits, per\u00f2 cadascuna nom\u00e9s pot fer servir el seu.<\/li>\n<\/ul>\n\n\n\n<p>En resum: si no es planifica, si no es comunica a temps o si no s&#8217;executen b\u00e9 els cursos, aquests diners que ja estan pagant a les assegurances socials no tornen.<\/p>\n\n\n\n<h2 class=\"wp-block-heading\">Obligacions de l&#8217;empresa que es bonifica<\/h2>\n\n\n\n<p>Perqu\u00e8 la formaci\u00f3 sigui bonificable no n&#8217;hi ha prou amb \u201cfer un curs\u201d i ja est\u00e0. L&#8217;empresa t\u00e9 una s\u00e8rie d&#8217;obligacions que \u00e9s important no descuidar:<\/p>\n\n\n\n<ul class=\"wp-block-list\">\n<li><strong>Informar i, si escau, consultar<\/strong> la representaci\u00f3 legal dels treballadors sobre les accions programades.<\/li>\n\n\n\n<li><strong>Comunicar l&#8217;inici i la fi<\/strong> de cada acci\u00f3 formativa a trav\u00e9s del sistema electr\u00f2nic del SEPE\/FUNDAE, amb totes les dades: continguts b\u00e0sics, dates, horaris, lloc, n\u00famero de participants, tutors, etc.<\/li>\n\n\n\n<li><strong>Portar un control clar dels costos<\/strong>, identificant-los en comptabilitat sota un ep\u00edgraf espec\u00edfic de &#8220;formaci\u00f3 a la feina&#8221;.<\/li>\n\n\n\n<li><strong>Conservar la documentaci\u00f3 justificativa<\/strong> durant almenys quatre anys: factures, bonificacions practicades, comunicacions, etc.<\/li>\n\n\n\n<li><strong>Acreditar l&#8217;assist\u00e8ncia<\/strong> dels participants mitjan\u00e7ant fulls de signatura o sistemes equivalents, i guardar aquests registres.<\/li>\n\n\n\n<li>Facilitar i conservar els <strong>q\u00fcestionaris d&#8217;avaluaci\u00f3 de qualitat<\/strong> que han d&#8217;emplenar els participants en acabar.<\/li>\n\n\n\n<li>Garantir que, per al treballador, la formaci\u00f3 \u00e9s<strong> totalment gratu\u00efta.<\/strong><\/li>\n\n\n\n<li>Estar al c<strong>orrent amb Hisenda i la Seguretat Social <\/strong>a l&#8217;hora d&#8217;aplicar la bonificaci\u00f3.<\/li>\n<\/ul>\n\n\n\n<p>Si l&#8217;empresa cessa la seva activitat abans que transcorri el termini de conservaci\u00f3, ha de remetre la documentaci\u00f3 a l&#8217;Administraci\u00f3 a trav\u00e9s de la Fundaci\u00f3 Estatal per a la Formaci\u00f3 en lOcupaci\u00f3.<\/p>\n\n\n\n<h2 class=\"wp-block-heading\">Qu\u00e8 hi ha de la relaci\u00f3 amb lAdministraci\u00f3?<\/h2>\n\n\n\n<p>No totes les empreses tenen el mateix interlocutor:<\/p>\n\n\n\n<ul class=\"wp-block-list\">\n<li>Si tots els seus centres estan en una mateixa comunitat aut\u00f2noma, el seguiment i control el porta la comunitat aut\u00f2noma.<\/li>\n\n\n\n<li>Si teniu centres en diverses, la compet\u00e8ncia recau en el Servei P\u00fablic d&#8217;Ocupaci\u00f3 Estatal, que tamb\u00e9 gestiona, juntament amb la Fundaci\u00f3 Estatal, el sistema electr\u00f2nic de comunicacions.<\/li>\n<\/ul>\n\n\n\n<p>A efectes pr\u00e0ctics, el que veu la seva empresa \u00e9s l&#8217;aplicaci\u00f3 telem\u00e0tica on es comuniquen els cursos i, posteriorment, es practica la bonificaci\u00f3 en les assegurances socials.<\/p>\n\n\n\n<h2 class=\"wp-block-heading\">Recorda\u2026<\/h2>\n\n\n\n<ul class=\"wp-block-list\">\n<li>Cada any la teva empresa t\u00e9 cr\u00e8dit de formaci\u00f3: si no es fa servir correctament, es perd.<\/li>\n\n\n\n<li>Les comunicacions (inici i fi dels cursos) no s\u00f3n un simple tr\u00e0mit: un error formal pot fer que no sigui bonificable.<\/li>\n\n\n\n<li>Compte de contractar formaci\u00f3 a entitats no inscrites: hi pot haver cursos molt atractius comercialment, per\u00f2 si no compleixen requisits, la bonificaci\u00f3 est\u00e0 en risc.<\/li>\n\n\n\n<li>A empreses petites, la possibilitat d&#8217;acumular cr\u00e8dit dos anys \u00e9s una oportunitat\u2026 sempre que alg\u00fa ho planifiqui i ho mogui a temps.<\/li>\n\n\n\n<li>En inspeccions i controls, la primera cosa que es demana s\u00f3n: comunicacions, factures, justificants d&#8217;assist\u00e8ncia i comptabilitat separada. Si no est\u00e0 tot endre\u00e7at, comencen els problemes.<\/li>\n<\/ul>\n\n\n\n<p><strong><em>Aqu\u00ed \u00e9s on entra el valor d&#8217;una assessoria que domini b\u00e9 aquest terreny. No es tracta nom\u00e9s de &#8220;donar d&#8217;alta cursos&#8221;, sin\u00f3 d&#8217;acompanyar l&#8217;empresa a tot el cicle:<\/em><\/strong><\/p>\n\n\n\n<ul class=\"wp-block-list\">\n<li>Analitzar el cr\u00e8dit disponible i la situaci\u00f3 de lempresa (mida, centres, plantilla).<\/li>\n\n\n\n<li>Dissenyar un pla de formaci\u00f3 \u00fatil de deb\u00f2, alineat amb l&#8217;activitat i les necessitats de l&#8217;equip.<\/li>\n\n\n\n<li>Gestionar tota la part administrativa i telem\u00e0tica: comunicacions, seguiment, documentaci\u00f3, bonificacions.<\/li>\n\n\n\n<li>Assegurar que no es cometen errors que puguin donar lloc a devolucions o sancions.<\/li>\n<\/ul>\n\n\n\n<p><strong><em>Si vols deixar de perdre el cr\u00e8dit de formaci\u00f3 que ja est\u00e0 pagant i convertir-lo en cursos concrets per a la gent, \u00e9s un bon moment per revisar la situaci\u00f3 de la teva empresa i organitzar un pla.<\/em><\/strong><\/p>\n\n\n\n<p><a href=\"https:\/\/gemap.es\/ca\/contacte\/\">Poseu-vos en contacte amb Gemap <\/a>per veure com podem planificar aquesta formaci\u00f3.<\/p>\n","protected":false},"excerpt":{"rendered":"<p>Cada mes la teva empresa cotitza per formaci\u00f3, per\u00f2 aix\u00f2 no garanteix que el teu equip rebi ni una hora de curs. Si no es planifica i no es comunica b\u00e9, el cr\u00e8dit es perd. L&#8217;anomenada \u201cformaci\u00f3 programada per les empreses\u201d \u00e9s, a la pr\u00e0ctica, una oportunitat: millorar compet\u00e8ncies dels teus treballadors utilitzant les bonificacions [&hellip;]<\/p>\n","protected":false},"author":3,"featured_media":5958,"comment_status":"closed","ping_status":"open","sticky":false,"template":"","format":"standard","meta":{"_acf_changed":false,"footnotes":""},"categories":[65,38],"tags":[],"class_list":["post-5961","post","type-post","status-publish","format-standard","has-post-thumbnail","hentry","category-actualitat","category-empresas-ca"],"acf":[],"yoast_head":"<!-- This site is optimized with the Yoast SEO plugin v27.4 - https:\/\/yoast.com\/product\/yoast-seo-wordpress\/ -->\n<title>Formaci\u00f3 programada: l&#039;ajut que moltes pimes deixen passar per desconeixement - Gemap<\/title>\n<meta name=\"robots\" content=\"index, follow, max-snippet:-1, max-image-preview:large, max-video-preview:-1\" \/>\n<link rel=\"canonical\" href=\"https:\/\/gemap.es\/ca\/formacio-programada-lajut-que-moltes-pimes-deixen-passar-per-desconeixement\/\" \/>\n<meta property=\"og:locale\" content=\"ca_ES\" \/>\n<meta property=\"og:type\" content=\"article\" \/>\n<meta property=\"og:title\" content=\"Formaci\u00f3 programada: l&#039;ajut que moltes pimes deixen passar per desconeixement - Gemap\" \/>\n<meta property=\"og:description\" content=\"Cada mes la teva empresa cotitza per formaci\u00f3, per\u00f2 aix\u00f2 no garanteix que el teu equip rebi ni una hora de curs. Si no es planifica i no es comunica b\u00e9, el cr\u00e8dit es perd. L&#8217;anomenada \u201cformaci\u00f3 programada per les empreses\u201d \u00e9s, a la pr\u00e0ctica, una oportunitat: millorar compet\u00e8ncies dels teus treballadors utilitzant les bonificacions [&hellip;]\" \/>\n<meta property=\"og:url\" content=\"https:\/\/gemap.es\/ca\/formacio-programada-lajut-que-moltes-pimes-deixen-passar-per-desconeixement\/\" \/>\n<meta property=\"og:site_name\" content=\"Gemap\" \/>\n<meta property=\"article:publisher\" content=\"https:\/\/www.facebook.com\/gemap.ius\/\" \/>\n<meta property=\"article:published_time\" content=\"2025-11-10T10:51:43+00:00\" \/>\n<meta property=\"article:modified_time\" content=\"2025-11-10T10:51:45+00:00\" \/>\n<meta property=\"og:image\" content=\"https:\/\/gemap.es\/wp-content\/uploads\/2025\/11\/pexels-photo-1181615_1762432722.jpeg\" \/>\n\t<meta property=\"og:image:width\" content=\"810\" \/>\n\t<meta property=\"og:image:height\" content=\"450\" \/>\n\t<meta property=\"og:image:type\" content=\"image\/jpeg\" \/>\n<meta name=\"author\" content=\"Gemap\" \/>\n<meta name=\"twitter:card\" content=\"summary_large_image\" \/>\n<meta name=\"twitter:creator\" content=\"@gemapius\" \/>\n<meta name=\"twitter:site\" content=\"@gemapius\" \/>\n<meta name=\"twitter:label1\" content=\"Escrit per\" \/>\n\t<meta name=\"twitter:data1\" content=\"Gemap\" \/>\n\t<meta name=\"twitter:label2\" content=\"Temps estimat de lectura\" \/>\n\t<meta name=\"twitter:data2\" content=\"6 minuts\" \/>\n<script type=\"application\/ld+json\" class=\"yoast-schema-graph\">{\"@context\":\"https:\\\/\\\/schema.org\",\"@graph\":[{\"@type\":\"Article\",\"@id\":\"https:\\\/\\\/gemap.es\\\/ca\\\/formacio-programada-lajut-que-moltes-pimes-deixen-passar-per-desconeixement\\\/#article\",\"isPartOf\":{\"@id\":\"https:\\\/\\\/gemap.es\\\/ca\\\/formacio-programada-lajut-que-moltes-pimes-deixen-passar-per-desconeixement\\\/\"},\"author\":{\"name\":\"Gemap\",\"@id\":\"https:\\\/\\\/gemap.es\\\/ca\\\/#\\\/schema\\\/person\\\/488bf7c00c857d972c990318b7048431\"},\"headline\":\"Formaci\u00f3 programada: l&#8217;ajut que moltes pimes deixen passar per desconeixement\",\"datePublished\":\"2025-11-10T10:51:43+00:00\",\"dateModified\":\"2025-11-10T10:51:45+00:00\",\"mainEntityOfPage\":{\"@id\":\"https:\\\/\\\/gemap.es\\\/ca\\\/formacio-programada-lajut-que-moltes-pimes-deixen-passar-per-desconeixement\\\/\"},\"wordCount\":1270,\"publisher\":{\"@id\":\"https:\\\/\\\/gemap.es\\\/ca\\\/#organization\"},\"image\":{\"@id\":\"https:\\\/\\\/gemap.es\\\/ca\\\/formacio-programada-lajut-que-moltes-pimes-deixen-passar-per-desconeixement\\\/#primaryimage\"},\"thumbnailUrl\":\"https:\\\/\\\/gemap.es\\\/wp-content\\\/uploads\\\/2025\\\/11\\\/pexels-photo-1181615_1762432722.jpeg\",\"articleSection\":[\"Actualitat\",\"Empresas\"],\"inLanguage\":\"ca\"},{\"@type\":\"WebPage\",\"@id\":\"https:\\\/\\\/gemap.es\\\/ca\\\/formacio-programada-lajut-que-moltes-pimes-deixen-passar-per-desconeixement\\\/\",\"url\":\"https:\\\/\\\/gemap.es\\\/ca\\\/formacio-programada-lajut-que-moltes-pimes-deixen-passar-per-desconeixement\\\/\",\"name\":\"Formaci\u00f3 programada: l'ajut que moltes pimes deixen passar per desconeixement - Gemap\",\"isPartOf\":{\"@id\":\"https:\\\/\\\/gemap.es\\\/ca\\\/#website\"},\"primaryImageOfPage\":{\"@id\":\"https:\\\/\\\/gemap.es\\\/ca\\\/formacio-programada-lajut-que-moltes-pimes-deixen-passar-per-desconeixement\\\/#primaryimage\"},\"image\":{\"@id\":\"https:\\\/\\\/gemap.es\\\/ca\\\/formacio-programada-lajut-que-moltes-pimes-deixen-passar-per-desconeixement\\\/#primaryimage\"},\"thumbnailUrl\":\"https:\\\/\\\/gemap.es\\\/wp-content\\\/uploads\\\/2025\\\/11\\\/pexels-photo-1181615_1762432722.jpeg\",\"datePublished\":\"2025-11-10T10:51:43+00:00\",\"dateModified\":\"2025-11-10T10:51:45+00:00\",\"breadcrumb\":{\"@id\":\"https:\\\/\\\/gemap.es\\\/ca\\\/formacio-programada-lajut-que-moltes-pimes-deixen-passar-per-desconeixement\\\/#breadcrumb\"},\"inLanguage\":\"ca\",\"potentialAction\":[{\"@type\":\"ReadAction\",\"target\":[\"https:\\\/\\\/gemap.es\\\/ca\\\/formacio-programada-lajut-que-moltes-pimes-deixen-passar-per-desconeixement\\\/\"]}]},{\"@type\":\"ImageObject\",\"inLanguage\":\"ca\",\"@id\":\"https:\\\/\\\/gemap.es\\\/ca\\\/formacio-programada-lajut-que-moltes-pimes-deixen-passar-per-desconeixement\\\/#primaryimage\",\"url\":\"https:\\\/\\\/gemap.es\\\/wp-content\\\/uploads\\\/2025\\\/11\\\/pexels-photo-1181615_1762432722.jpeg\",\"contentUrl\":\"https:\\\/\\\/gemap.es\\\/wp-content\\\/uploads\\\/2025\\\/11\\\/pexels-photo-1181615_1762432722.jpeg\",\"width\":810,\"height\":450,\"caption\":\"Formaci\u00f3n bonificada en la empresa\"},{\"@type\":\"BreadcrumbList\",\"@id\":\"https:\\\/\\\/gemap.es\\\/ca\\\/formacio-programada-lajut-que-moltes-pimes-deixen-passar-per-desconeixement\\\/#breadcrumb\",\"itemListElement\":[{\"@type\":\"ListItem\",\"position\":1,\"name\":\"Portada\",\"item\":\"https:\\\/\\\/gemap.es\\\/ca\\\/home\\\/\"},{\"@type\":\"ListItem\",\"position\":2,\"name\":\"Formaci\u00f3 programada: l&#8217;ajut que moltes pimes deixen passar per desconeixement\"}]},{\"@type\":\"WebSite\",\"@id\":\"https:\\\/\\\/gemap.es\\\/ca\\\/#website\",\"url\":\"https:\\\/\\\/gemap.es\\\/ca\\\/\",\"name\":\"Gemap\",\"description\":\"By your side\",\"publisher\":{\"@id\":\"https:\\\/\\\/gemap.es\\\/ca\\\/#organization\"},\"potentialAction\":[{\"@type\":\"SearchAction\",\"target\":{\"@type\":\"EntryPoint\",\"urlTemplate\":\"https:\\\/\\\/gemap.es\\\/ca\\\/?s={search_term_string}\"},\"query-input\":{\"@type\":\"PropertyValueSpecification\",\"valueRequired\":true,\"valueName\":\"search_term_string\"}}],\"inLanguage\":\"ca\"},{\"@type\":\"Organization\",\"@id\":\"https:\\\/\\\/gemap.es\\\/ca\\\/#organization\",\"name\":\"Gemap\",\"url\":\"https:\\\/\\\/gemap.es\\\/ca\\\/\",\"logo\":{\"@type\":\"ImageObject\",\"inLanguage\":\"ca\",\"@id\":\"https:\\\/\\\/gemap.es\\\/ca\\\/#\\\/schema\\\/logo\\\/image\\\/\",\"url\":\"https:\\\/\\\/gemap.es\\\/wp-content\\\/uploads\\\/2024\\\/11\\\/logo.svg\",\"contentUrl\":\"https:\\\/\\\/gemap.es\\\/wp-content\\\/uploads\\\/2024\\\/11\\\/logo.svg\",\"width\":340,\"height\":106,\"caption\":\"Gemap\"},\"image\":{\"@id\":\"https:\\\/\\\/gemap.es\\\/ca\\\/#\\\/schema\\\/logo\\\/image\\\/\"},\"sameAs\":[\"https:\\\/\\\/www.facebook.com\\\/gemap.ius\\\/\",\"https:\\\/\\\/x.com\\\/gemapius\",\"https:\\\/\\\/www.instagram.com\\\/gemap_asesoria\\\/\"]},{\"@type\":\"Person\",\"@id\":\"https:\\\/\\\/gemap.es\\\/ca\\\/#\\\/schema\\\/person\\\/488bf7c00c857d972c990318b7048431\",\"name\":\"Gemap\",\"image\":{\"@type\":\"ImageObject\",\"inLanguage\":\"ca\",\"@id\":\"https:\\\/\\\/secure.gravatar.com\\\/avatar\\\/880b2d735ee66ddf8c6e5f2e1a757b4b21b0814cea10dfaa193a4929cfce8057?s=96&d=mm&r=g\",\"url\":\"https:\\\/\\\/secure.gravatar.com\\\/avatar\\\/880b2d735ee66ddf8c6e5f2e1a757b4b21b0814cea10dfaa193a4929cfce8057?s=96&d=mm&r=g\",\"contentUrl\":\"https:\\\/\\\/secure.gravatar.com\\\/avatar\\\/880b2d735ee66ddf8c6e5f2e1a757b4b21b0814cea10dfaa193a4929cfce8057?s=96&d=mm&r=g\",\"caption\":\"Gemap\"},\"url\":\"https:\\\/\\\/gemap.es\\\/ca\\\/author\\\/gemap\\\/\"}]}<\/script>\n<!-- \/ Yoast SEO plugin. -->","yoast_head_json":{"title":"Formaci\u00f3 programada: l'ajut que moltes pimes deixen passar per desconeixement - Gemap","robots":{"index":"index","follow":"follow","max-snippet":"max-snippet:-1","max-image-preview":"max-image-preview:large","max-video-preview":"max-video-preview:-1"},"canonical":"https:\/\/gemap.es\/ca\/formacio-programada-lajut-que-moltes-pimes-deixen-passar-per-desconeixement\/","og_locale":"ca_ES","og_type":"article","og_title":"Formaci\u00f3 programada: l'ajut que moltes pimes deixen passar per desconeixement - Gemap","og_description":"Cada mes la teva empresa cotitza per formaci\u00f3, per\u00f2 aix\u00f2 no garanteix que el teu equip rebi ni una hora de curs. Si no es planifica i no es comunica b\u00e9, el cr\u00e8dit es perd. L&#8217;anomenada \u201cformaci\u00f3 programada per les empreses\u201d \u00e9s, a la pr\u00e0ctica, una oportunitat: millorar compet\u00e8ncies dels teus treballadors utilitzant les bonificacions [&hellip;]","og_url":"https:\/\/gemap.es\/ca\/formacio-programada-lajut-que-moltes-pimes-deixen-passar-per-desconeixement\/","og_site_name":"Gemap","article_publisher":"https:\/\/www.facebook.com\/gemap.ius\/","article_published_time":"2025-11-10T10:51:43+00:00","article_modified_time":"2025-11-10T10:51:45+00:00","og_image":[{"width":810,"height":450,"url":"https:\/\/gemap.es\/wp-content\/uploads\/2025\/11\/pexels-photo-1181615_1762432722.jpeg","type":"image\/jpeg"}],"author":"Gemap","twitter_card":"summary_large_image","twitter_creator":"@gemapius","twitter_site":"@gemapius","twitter_misc":{"Escrit per":"Gemap","Temps estimat de lectura":"6 minuts"},"schema":{"@context":"https:\/\/schema.org","@graph":[{"@type":"Article","@id":"https:\/\/gemap.es\/ca\/formacio-programada-lajut-que-moltes-pimes-deixen-passar-per-desconeixement\/#article","isPartOf":{"@id":"https:\/\/gemap.es\/ca\/formacio-programada-lajut-que-moltes-pimes-deixen-passar-per-desconeixement\/"},"author":{"name":"Gemap","@id":"https:\/\/gemap.es\/ca\/#\/schema\/person\/488bf7c00c857d972c990318b7048431"},"headline":"Formaci\u00f3 programada: l&#8217;ajut que moltes pimes deixen passar per desconeixement","datePublished":"2025-11-10T10:51:43+00:00","dateModified":"2025-11-10T10:51:45+00:00","mainEntityOfPage":{"@id":"https:\/\/gemap.es\/ca\/formacio-programada-lajut-que-moltes-pimes-deixen-passar-per-desconeixement\/"},"wordCount":1270,"publisher":{"@id":"https:\/\/gemap.es\/ca\/#organization"},"image":{"@id":"https:\/\/gemap.es\/ca\/formacio-programada-lajut-que-moltes-pimes-deixen-passar-per-desconeixement\/#primaryimage"},"thumbnailUrl":"https:\/\/gemap.es\/wp-content\/uploads\/2025\/11\/pexels-photo-1181615_1762432722.jpeg","articleSection":["Actualitat","Empresas"],"inLanguage":"ca"},{"@type":"WebPage","@id":"https:\/\/gemap.es\/ca\/formacio-programada-lajut-que-moltes-pimes-deixen-passar-per-desconeixement\/","url":"https:\/\/gemap.es\/ca\/formacio-programada-lajut-que-moltes-pimes-deixen-passar-per-desconeixement\/","name":"Formaci\u00f3 programada: l'ajut que moltes pimes deixen passar per desconeixement - Gemap","isPartOf":{"@id":"https:\/\/gemap.es\/ca\/#website"},"primaryImageOfPage":{"@id":"https:\/\/gemap.es\/ca\/formacio-programada-lajut-que-moltes-pimes-deixen-passar-per-desconeixement\/#primaryimage"},"image":{"@id":"https:\/\/gemap.es\/ca\/formacio-programada-lajut-que-moltes-pimes-deixen-passar-per-desconeixement\/#primaryimage"},"thumbnailUrl":"https:\/\/gemap.es\/wp-content\/uploads\/2025\/11\/pexels-photo-1181615_1762432722.jpeg","datePublished":"2025-11-10T10:51:43+00:00","dateModified":"2025-11-10T10:51:45+00:00","breadcrumb":{"@id":"https:\/\/gemap.es\/ca\/formacio-programada-lajut-que-moltes-pimes-deixen-passar-per-desconeixement\/#breadcrumb"},"inLanguage":"ca","potentialAction":[{"@type":"ReadAction","target":["https:\/\/gemap.es\/ca\/formacio-programada-lajut-que-moltes-pimes-deixen-passar-per-desconeixement\/"]}]},{"@type":"ImageObject","inLanguage":"ca","@id":"https:\/\/gemap.es\/ca\/formacio-programada-lajut-que-moltes-pimes-deixen-passar-per-desconeixement\/#primaryimage","url":"https:\/\/gemap.es\/wp-content\/uploads\/2025\/11\/pexels-photo-1181615_1762432722.jpeg","contentUrl":"https:\/\/gemap.es\/wp-content\/uploads\/2025\/11\/pexels-photo-1181615_1762432722.jpeg","width":810,"height":450,"caption":"Formaci\u00f3n bonificada en la empresa"},{"@type":"BreadcrumbList","@id":"https:\/\/gemap.es\/ca\/formacio-programada-lajut-que-moltes-pimes-deixen-passar-per-desconeixement\/#breadcrumb","itemListElement":[{"@type":"ListItem","position":1,"name":"Portada","item":"https:\/\/gemap.es\/ca\/home\/"},{"@type":"ListItem","position":2,"name":"Formaci\u00f3 programada: l&#8217;ajut que moltes pimes deixen passar per desconeixement"}]},{"@type":"WebSite","@id":"https:\/\/gemap.es\/ca\/#website","url":"https:\/\/gemap.es\/ca\/","name":"Gemap","description":"By your side","publisher":{"@id":"https:\/\/gemap.es\/ca\/#organization"},"potentialAction":[{"@type":"SearchAction","target":{"@type":"EntryPoint","urlTemplate":"https:\/\/gemap.es\/ca\/?s={search_term_string}"},"query-input":{"@type":"PropertyValueSpecification","valueRequired":true,"valueName":"search_term_string"}}],"inLanguage":"ca"},{"@type":"Organization","@id":"https:\/\/gemap.es\/ca\/#organization","name":"Gemap","url":"https:\/\/gemap.es\/ca\/","logo":{"@type":"ImageObject","inLanguage":"ca","@id":"https:\/\/gemap.es\/ca\/#\/schema\/logo\/image\/","url":"https:\/\/gemap.es\/wp-content\/uploads\/2024\/11\/logo.svg","contentUrl":"https:\/\/gemap.es\/wp-content\/uploads\/2024\/11\/logo.svg","width":340,"height":106,"caption":"Gemap"},"image":{"@id":"https:\/\/gemap.es\/ca\/#\/schema\/logo\/image\/"},"sameAs":["https:\/\/www.facebook.com\/gemap.ius\/","https:\/\/x.com\/gemapius","https:\/\/www.instagram.com\/gemap_asesoria\/"]},{"@type":"Person","@id":"https:\/\/gemap.es\/ca\/#\/schema\/person\/488bf7c00c857d972c990318b7048431","name":"Gemap","image":{"@type":"ImageObject","inLanguage":"ca","@id":"https:\/\/secure.gravatar.com\/avatar\/880b2d735ee66ddf8c6e5f2e1a757b4b21b0814cea10dfaa193a4929cfce8057?s=96&d=mm&r=g","url":"https:\/\/secure.gravatar.com\/avatar\/880b2d735ee66ddf8c6e5f2e1a757b4b21b0814cea10dfaa193a4929cfce8057?s=96&d=mm&r=g","contentUrl":"https:\/\/secure.gravatar.com\/avatar\/880b2d735ee66ddf8c6e5f2e1a757b4b21b0814cea10dfaa193a4929cfce8057?s=96&d=mm&r=g","caption":"Gemap"},"url":"https:\/\/gemap.es\/ca\/author\/gemap\/"}]}},"_links":{"self":[{"href":"https:\/\/gemap.es\/ca\/wp-json\/wp\/v2\/posts\/5961","targetHints":{"allow":["GET"]}}],"collection":[{"href":"https:\/\/gemap.es\/ca\/wp-json\/wp\/v2\/posts"}],"about":[{"href":"https:\/\/gemap.es\/ca\/wp-json\/wp\/v2\/types\/post"}],"author":[{"embeddable":true,"href":"https:\/\/gemap.es\/ca\/wp-json\/wp\/v2\/users\/3"}],"replies":[{"embeddable":true,"href":"https:\/\/gemap.es\/ca\/wp-json\/wp\/v2\/comments?post=5961"}],"version-history":[{"count":2,"href":"https:\/\/gemap.es\/ca\/wp-json\/wp\/v2\/posts\/5961\/revisions"}],"predecessor-version":[{"id":5963,"href":"https:\/\/gemap.es\/ca\/wp-json\/wp\/v2\/posts\/5961\/revisions\/5963"}],"wp:featuredmedia":[{"embeddable":true,"href":"https:\/\/gemap.es\/ca\/wp-json\/wp\/v2\/media\/5958"}],"wp:attachment":[{"href":"https:\/\/gemap.es\/ca\/wp-json\/wp\/v2\/media?parent=5961"}],"wp:term":[{"taxonomy":"category","embeddable":true,"href":"https:\/\/gemap.es\/ca\/wp-json\/wp\/v2\/categories?post=5961"},{"taxonomy":"post_tag","embeddable":true,"href":"https:\/\/gemap.es\/ca\/wp-json\/wp\/v2\/tags?post=5961"}],"curies":[{"name":"wp","href":"https:\/\/api.w.org\/{rel}","templated":true}]}}