{"id":5939,"date":"2025-11-03T13:11:30","date_gmt":"2025-11-03T12:11:30","guid":{"rendered":"https:\/\/gemap.es\/?p=5939"},"modified":"2025-11-03T13:11:33","modified_gmt":"2025-11-03T12:11:33","slug":"puc-deduir-lordinador-o-el-mobil-que-faig-servir-per-treballar","status":"publish","type":"post","link":"https:\/\/gemap.es\/ca\/puc-deduir-lordinador-o-el-mobil-que-faig-servir-per-treballar\/","title":{"rendered":"Puc deduir l&#8217;ordinador o el m\u00f2bil que faig servir per treballar?"},"content":{"rendered":"\n<p>Si treballes pel teu compte (aut\u00f2nom) i utilitzes equips electr\u00f2nics al teu dia a dia, aquesta informaci\u00f3 t&#8217;interessa. T&#8217;expliquem quan els pots deduir i com justificar-ho correctament. <strong>No es tracta de deduir per deduir, sin\u00f3 de fer-ho amb criteri.<\/strong><\/p>\n\n\n\n<p>Poques q\u00fcestions provoquen tants malentesos entre els professionals i l&#8217;Ag\u00e8ncia Tribut\u00e0ria com la deducci\u00f3 de certes despeses. I si hi ha un terreny especialment conf\u00fas, \u00e9s aquest en qu\u00e8 el professional i el personal es barregen: el tel\u00e8fon amb qu\u00e8 tamb\u00e9 truques a casa, el port\u00e0til on revises els teus correus de la feina per\u00f2 veus s\u00e8ries el cap de setmana, o fins i tot el cotxe que fas servir per visitar un client i per anar a la platja diumenge.<\/p>\n\n\n\n<p>La Direcci\u00f3 General de Tributs (DGT) s&#8217;ha tornat a pronunciar sobre aquest tema a la consulta vinculant V1233-25, de 4 de juliol de 2025, on aclareix com tractar la compra d&#8217;un <strong>ordinador i un tel\u00e8fon m\u00f2bil quan es fan servir en una activitat professional.<\/strong><\/p>\n\n\n\n<p><strong>Atenci\u00f3.<\/strong> Hisenda no diu que no els puguis deduir, per\u00f2 s\u00ed que has de demostrar que realment els utilitzes per treballar i no de manera personal.<br><\/p>\n\n\n\n<h2 class=\"wp-block-heading\">Qu\u00e8 diu Hisenda?<\/h2>\n\n\n\n<p>La DGT torna a insistir en una cosa b\u00e0sica:<\/p>\n\n\n\n<p>Nom\u00e9s s\u00f3n dedu\u00efbles les despeses que estiguin directament relacionades amb l&#8217;obtenci\u00f3 d&#8217;ingressos, estiguin ben justificades, registrades i s&#8217;utilitzin de forma exclusiva a l&#8217;activitat professional.<\/p>\n\n\n\n<p>Aix\u00f2 vol dir que no val a dir \u00abl&#8217;\u00fas per treballar\u00bb, ni n&#8217;hi ha prou de tenir la factura. Cal poder-ho provar amb dades i fets. Si el b\u00e9 s&#8217;utilitza tamb\u00e9 per a fins personals, la deducci\u00f3 nom\u00e9s es permet quan aquest \u00fas privat sigui accessori i poc rellevant, com ara consultar alguna cosa puntual fora de l&#8217;horari laboral.<\/p>\n\n\n\n<p><strong>Atenci\u00f3.<\/strong> Si tens un tel\u00e8fon que fas servir alhora per a trucades personals i de la feina, el millor \u00e9s tenir una l\u00ednia a part nom\u00e9s per a l&#8217;activitat professional. \u00c9s la manera m\u00e9s clara d&#8217;evitar problemes.<br><\/p>\n\n\n\n<h2 class=\"wp-block-heading\">Qu\u00e8 puc deduir?<\/h2>\n\n\n\n<p>Si ets aut\u00f2nom o professional per compte propi, podr\u00e0s deduir-te ordinadors, tauletes, tel\u00e8fons o fins i tot vehicles, sempre que estiguin afectes a la teva activitat. Aix\u00f2 vol dir que l\u00fas ha destar vinculat a la feina. En el cas dels equips electr\u00f2nics, la despesa no es dedueix de cop, sin\u00f3 de mica en mica, mitjan\u00e7ant amortitzaci\u00f3 (\u00e9s a dir, aplicant un percentatge anual sobre el seu valor).<\/p>\n\n\n\n<p>Per exemple, un ordinador de 1.200\u20ac s&#8217;amortitza en diversos exercicis aplicant el percentatge que marca Hisenda. Aix\u00f2 s\u00ed, tot ha de quedar registrat i documentat als teus llibres comptables o registres oficials.<\/p>\n\n\n\n<p><strong>Atenci\u00f3.<\/strong> Encara que sembli obvi, les despeses han d&#8217;estar al teu nom com a professional. Les factures personals no serveixen.<\/p>\n\n\n\n<h2 class=\"wp-block-heading\">Com puc demostrar que un b\u00e9 \u00e9s professional?<\/h2>\n\n\n\n<p>No hi ha una llista tancada de proves, per\u00f2 la Llei General Tribut\u00e0ria (article 106) deixa clar que la c\u00e0rrega de la prova \u00e9s del contribuent. A la pr\u00e0ctica, aix\u00f2 significa que si Hisenda revisa les teves deduccions, haur\u00e0s de demostrar amb fets que aquest b\u00e9 es fa servir per treballar.<br>Alguns exemples de proves v\u00e0lides poden ser:<\/p>\n\n\n\n<ul class=\"wp-block-list\">\n<li>Que l&#8217;equip estigui f\u00edsicament al teu despatx o local.<\/li>\n\n\n\n<li>Que figuri assegurat nom\u00e9s com a b\u00e9 professional.<\/li>\n\n\n\n<li>Que tinguis un altre dispositiu similar per a \u00fas personal.<\/li>\n\n\n\n<li>Que la l\u00ednia de tel\u00e8fon estigui contractada i facturada a nom de la vostra activitat.<\/li>\n\n\n\n<li>Que pugueu mostrar registres d&#8217;\u00fas (hores, rutes, accessos, correus, aplicacions professionals, etc.).<\/li>\n\n\n\n<li>Que hi hagi un contracte o pol\u00edtica interna que n&#8217;acrediti l&#8217;\u00fas exclusiu.<\/li>\n<\/ul>\n\n\n\n<p><strong>Atenci\u00f3. <\/strong>Desa captures, correus o informes d\u00fas, sobretot si lequip \u00e9s compartit. Com m\u00e9s evid\u00e8ncia, menys risc de regularitzaci\u00f3.<\/p>\n\n\n\n<h2 class=\"wp-block-heading\">El que tamb\u00e9 hauria de millorar<\/h2>\n\n\n\n<p>Des del costat de l&#8217;Administraci\u00f3, seria desitjable que hi hagu\u00e9s criteris m\u00e9s clars i homogenis, especialment en aquells casos on la frontera entre \u00fas personal i professional \u00e9s difusa. Sovint hi ha situacions perfectament leg\u00edtimes \u2013com un m\u00f2bil amb doble SIM o un port\u00e0til usat a casa per a tasques laborals\u2013 que es q\u00fcestionen simplement per no existir un barem clar.<\/p>\n\n\n\n<p>Establir regles objectives (percentatges d&#8217;\u00fas, l\u00edmits raonables o m\u00f2duls de deducci\u00f3) evitaria molts conflictes, estalviaria temps i donaria m\u00e9s seguretat jur\u00eddica a tothom.<\/p>\n\n\n\n<p>La manca de criteris clars acaba desgastant tant els contribuents com la pr\u00f2pia Administraci\u00f3. I aix\u00f2, al dia a dia d&#8217;una empresa, es tradueix en temps perdut i preocupaci\u00f3.<\/p>\n\n\n\n<p><strong>Conclusi\u00f3<\/strong><\/p>\n\n\n\n<p>Si treballes per compte propi o gestiones un petit negoci, tingues present tres idees clau:<\/p>\n\n\n\n<ol class=\"wp-block-list\">\n<li>Nom\u00e9s pots deduir despeses vinculades directament amb els teus ingressos.<\/li>\n\n\n\n<li>\u00c9s fonamental poder demostrar l\u00fas professional amb documentaci\u00f3 o registres.<\/li>\n\n\n\n<li>La transpar\u00e8ncia i la prud\u00e8ncia s\u00f3n les teves millors aliades davant d&#8217;Hisenda.<\/li>\n<\/ol>\n\n\n\n<p>Complir amb la norma no ha de ser un obstacle si les coses es fan b\u00e9 i amb criteri.<br>I si tens dubtes, recorda que no est\u00e0s sol: el nostre despatx et pot ajudar a revisar les despeses, classificar correctament els teus equips i evitar sorpreses desagradables en una futura comprovaci\u00f3. <a href=\"http:\/\/www.gemap.cat\/contacte\">Contacta amb nosaltres.<\/a><\/p>\n","protected":false},"excerpt":{"rendered":"<p>Si treballes pel teu compte (aut\u00f2nom) i utilitzes equips electr\u00f2nics al teu dia a dia, aquesta informaci\u00f3 t&#8217;interessa. T&#8217;expliquem quan els pots deduir i com justificar-ho correctament. No es tracta de deduir per deduir, sin\u00f3 de fer-ho amb criteri. Poques q\u00fcestions provoquen tants malentesos entre els professionals i l&#8217;Ag\u00e8ncia Tribut\u00e0ria com la deducci\u00f3 de certes [&hellip;]<\/p>\n","protected":false},"author":3,"featured_media":5936,"comment_status":"closed","ping_status":"open","sticky":false,"template":"","format":"standard","meta":{"_acf_changed":false,"footnotes":""},"categories":[65,38],"tags":[],"class_list":["post-5939","post","type-post","status-publish","format-standard","has-post-thumbnail","hentry","category-actualitat","category-empresas-ca"],"acf":[],"yoast_head":"<!-- This site is optimized with the Yoast SEO plugin v27.4 - https:\/\/yoast.com\/product\/yoast-seo-wordpress\/ -->\n<title>Puc deduir l&#039;ordinador o el m\u00f2bil que faig servir per treballar? - Gemap<\/title>\n<meta name=\"robots\" content=\"index, follow, max-snippet:-1, max-image-preview:large, max-video-preview:-1\" \/>\n<link rel=\"canonical\" href=\"https:\/\/gemap.es\/ca\/puc-deduir-lordinador-o-el-mobil-que-faig-servir-per-treballar\/\" \/>\n<meta property=\"og:locale\" content=\"ca_ES\" \/>\n<meta property=\"og:type\" content=\"article\" \/>\n<meta property=\"og:title\" content=\"Puc deduir l&#039;ordinador o el m\u00f2bil que faig servir per treballar? - Gemap\" \/>\n<meta property=\"og:description\" content=\"Si treballes pel teu compte (aut\u00f2nom) i utilitzes equips electr\u00f2nics al teu dia a dia, aquesta informaci\u00f3 t&#8217;interessa. T&#8217;expliquem quan els pots deduir i com justificar-ho correctament. No es tracta de deduir per deduir, sin\u00f3 de fer-ho amb criteri. Poques q\u00fcestions provoquen tants malentesos entre els professionals i l&#8217;Ag\u00e8ncia Tribut\u00e0ria com la deducci\u00f3 de certes [&hellip;]\" \/>\n<meta property=\"og:url\" content=\"https:\/\/gemap.es\/ca\/puc-deduir-lordinador-o-el-mobil-que-faig-servir-per-treballar\/\" \/>\n<meta property=\"og:site_name\" content=\"Gemap\" \/>\n<meta property=\"article:publisher\" content=\"https:\/\/www.facebook.com\/gemap.ius\/\" \/>\n<meta property=\"article:published_time\" content=\"2025-11-03T12:11:30+00:00\" \/>\n<meta property=\"article:modified_time\" content=\"2025-11-03T12:11:33+00:00\" \/>\n<meta property=\"og:image\" content=\"https:\/\/gemap.es\/wp-content\/uploads\/2025\/11\/pexels-photo-7693223-1761733900_1761828261cp.jpeg\" \/>\n\t<meta property=\"og:image:width\" content=\"810\" \/>\n\t<meta property=\"og:image:height\" content=\"450\" \/>\n\t<meta property=\"og:image:type\" content=\"image\/jpeg\" \/>\n<meta name=\"author\" content=\"Gemap\" \/>\n<meta name=\"twitter:card\" content=\"summary_large_image\" \/>\n<meta name=\"twitter:creator\" content=\"@gemapius\" \/>\n<meta name=\"twitter:site\" content=\"@gemapius\" \/>\n<meta name=\"twitter:label1\" content=\"Escrit per\" \/>\n\t<meta name=\"twitter:data1\" content=\"Gemap\" \/>\n\t<meta name=\"twitter:label2\" content=\"Temps estimat de lectura\" \/>\n\t<meta name=\"twitter:data2\" content=\"4 minuts\" \/>\n<script type=\"application\/ld+json\" class=\"yoast-schema-graph\">{\"@context\":\"https:\\\/\\\/schema.org\",\"@graph\":[{\"@type\":\"Article\",\"@id\":\"https:\\\/\\\/gemap.es\\\/ca\\\/puc-deduir-lordinador-o-el-mobil-que-faig-servir-per-treballar\\\/#article\",\"isPartOf\":{\"@id\":\"https:\\\/\\\/gemap.es\\\/ca\\\/puc-deduir-lordinador-o-el-mobil-que-faig-servir-per-treballar\\\/\"},\"author\":{\"name\":\"Gemap\",\"@id\":\"https:\\\/\\\/gemap.es\\\/ca\\\/#\\\/schema\\\/person\\\/488bf7c00c857d972c990318b7048431\"},\"headline\":\"Puc deduir l&#8217;ordinador o el m\u00f2bil que faig servir per treballar?\",\"datePublished\":\"2025-11-03T12:11:30+00:00\",\"dateModified\":\"2025-11-03T12:11:33+00:00\",\"mainEntityOfPage\":{\"@id\":\"https:\\\/\\\/gemap.es\\\/ca\\\/puc-deduir-lordinador-o-el-mobil-que-faig-servir-per-treballar\\\/\"},\"wordCount\":908,\"publisher\":{\"@id\":\"https:\\\/\\\/gemap.es\\\/ca\\\/#organization\"},\"image\":{\"@id\":\"https:\\\/\\\/gemap.es\\\/ca\\\/puc-deduir-lordinador-o-el-mobil-que-faig-servir-per-treballar\\\/#primaryimage\"},\"thumbnailUrl\":\"https:\\\/\\\/gemap.es\\\/wp-content\\\/uploads\\\/2025\\\/11\\\/pexels-photo-7693223-1761733900_1761828261cp.jpeg\",\"articleSection\":[\"Actualitat\",\"Empresas\"],\"inLanguage\":\"ca\"},{\"@type\":\"WebPage\",\"@id\":\"https:\\\/\\\/gemap.es\\\/ca\\\/puc-deduir-lordinador-o-el-mobil-que-faig-servir-per-treballar\\\/\",\"url\":\"https:\\\/\\\/gemap.es\\\/ca\\\/puc-deduir-lordinador-o-el-mobil-que-faig-servir-per-treballar\\\/\",\"name\":\"Puc deduir l'ordinador o el m\u00f2bil que faig servir per treballar? - Gemap\",\"isPartOf\":{\"@id\":\"https:\\\/\\\/gemap.es\\\/ca\\\/#website\"},\"primaryImageOfPage\":{\"@id\":\"https:\\\/\\\/gemap.es\\\/ca\\\/puc-deduir-lordinador-o-el-mobil-que-faig-servir-per-treballar\\\/#primaryimage\"},\"image\":{\"@id\":\"https:\\\/\\\/gemap.es\\\/ca\\\/puc-deduir-lordinador-o-el-mobil-que-faig-servir-per-treballar\\\/#primaryimage\"},\"thumbnailUrl\":\"https:\\\/\\\/gemap.es\\\/wp-content\\\/uploads\\\/2025\\\/11\\\/pexels-photo-7693223-1761733900_1761828261cp.jpeg\",\"datePublished\":\"2025-11-03T12:11:30+00:00\",\"dateModified\":\"2025-11-03T12:11:33+00:00\",\"breadcrumb\":{\"@id\":\"https:\\\/\\\/gemap.es\\\/ca\\\/puc-deduir-lordinador-o-el-mobil-que-faig-servir-per-treballar\\\/#breadcrumb\"},\"inLanguage\":\"ca\",\"potentialAction\":[{\"@type\":\"ReadAction\",\"target\":[\"https:\\\/\\\/gemap.es\\\/ca\\\/puc-deduir-lordinador-o-el-mobil-que-faig-servir-per-treballar\\\/\"]}]},{\"@type\":\"ImageObject\",\"inLanguage\":\"ca\",\"@id\":\"https:\\\/\\\/gemap.es\\\/ca\\\/puc-deduir-lordinador-o-el-mobil-que-faig-servir-per-treballar\\\/#primaryimage\",\"url\":\"https:\\\/\\\/gemap.es\\\/wp-content\\\/uploads\\\/2025\\\/11\\\/pexels-photo-7693223-1761733900_1761828261cp.jpeg\",\"contentUrl\":\"https:\\\/\\\/gemap.es\\\/wp-content\\\/uploads\\\/2025\\\/11\\\/pexels-photo-7693223-1761733900_1761828261cp.jpeg\",\"width\":810,\"height\":450,\"caption\":\"deducir ordenador o m\u00f3vil\"},{\"@type\":\"BreadcrumbList\",\"@id\":\"https:\\\/\\\/gemap.es\\\/ca\\\/puc-deduir-lordinador-o-el-mobil-que-faig-servir-per-treballar\\\/#breadcrumb\",\"itemListElement\":[{\"@type\":\"ListItem\",\"position\":1,\"name\":\"Portada\",\"item\":\"https:\\\/\\\/gemap.es\\\/ca\\\/home\\\/\"},{\"@type\":\"ListItem\",\"position\":2,\"name\":\"Puc deduir l&#8217;ordinador o el m\u00f2bil que faig servir per treballar?\"}]},{\"@type\":\"WebSite\",\"@id\":\"https:\\\/\\\/gemap.es\\\/ca\\\/#website\",\"url\":\"https:\\\/\\\/gemap.es\\\/ca\\\/\",\"name\":\"Gemap\",\"description\":\"By your side\",\"publisher\":{\"@id\":\"https:\\\/\\\/gemap.es\\\/ca\\\/#organization\"},\"potentialAction\":[{\"@type\":\"SearchAction\",\"target\":{\"@type\":\"EntryPoint\",\"urlTemplate\":\"https:\\\/\\\/gemap.es\\\/ca\\\/?s={search_term_string}\"},\"query-input\":{\"@type\":\"PropertyValueSpecification\",\"valueRequired\":true,\"valueName\":\"search_term_string\"}}],\"inLanguage\":\"ca\"},{\"@type\":\"Organization\",\"@id\":\"https:\\\/\\\/gemap.es\\\/ca\\\/#organization\",\"name\":\"Gemap\",\"url\":\"https:\\\/\\\/gemap.es\\\/ca\\\/\",\"logo\":{\"@type\":\"ImageObject\",\"inLanguage\":\"ca\",\"@id\":\"https:\\\/\\\/gemap.es\\\/ca\\\/#\\\/schema\\\/logo\\\/image\\\/\",\"url\":\"https:\\\/\\\/gemap.es\\\/wp-content\\\/uploads\\\/2024\\\/11\\\/logo.svg\",\"contentUrl\":\"https:\\\/\\\/gemap.es\\\/wp-content\\\/uploads\\\/2024\\\/11\\\/logo.svg\",\"width\":340,\"height\":106,\"caption\":\"Gemap\"},\"image\":{\"@id\":\"https:\\\/\\\/gemap.es\\\/ca\\\/#\\\/schema\\\/logo\\\/image\\\/\"},\"sameAs\":[\"https:\\\/\\\/www.facebook.com\\\/gemap.ius\\\/\",\"https:\\\/\\\/x.com\\\/gemapius\",\"https:\\\/\\\/www.instagram.com\\\/gemap_asesoria\\\/\"]},{\"@type\":\"Person\",\"@id\":\"https:\\\/\\\/gemap.es\\\/ca\\\/#\\\/schema\\\/person\\\/488bf7c00c857d972c990318b7048431\",\"name\":\"Gemap\",\"image\":{\"@type\":\"ImageObject\",\"inLanguage\":\"ca\",\"@id\":\"https:\\\/\\\/secure.gravatar.com\\\/avatar\\\/880b2d735ee66ddf8c6e5f2e1a757b4b21b0814cea10dfaa193a4929cfce8057?s=96&d=mm&r=g\",\"url\":\"https:\\\/\\\/secure.gravatar.com\\\/avatar\\\/880b2d735ee66ddf8c6e5f2e1a757b4b21b0814cea10dfaa193a4929cfce8057?s=96&d=mm&r=g\",\"contentUrl\":\"https:\\\/\\\/secure.gravatar.com\\\/avatar\\\/880b2d735ee66ddf8c6e5f2e1a757b4b21b0814cea10dfaa193a4929cfce8057?s=96&d=mm&r=g\",\"caption\":\"Gemap\"},\"url\":\"https:\\\/\\\/gemap.es\\\/ca\\\/author\\\/gemap\\\/\"}]}<\/script>\n<!-- \/ Yoast SEO plugin. -->","yoast_head_json":{"title":"Puc deduir l'ordinador o el m\u00f2bil que faig servir per treballar? - Gemap","robots":{"index":"index","follow":"follow","max-snippet":"max-snippet:-1","max-image-preview":"max-image-preview:large","max-video-preview":"max-video-preview:-1"},"canonical":"https:\/\/gemap.es\/ca\/puc-deduir-lordinador-o-el-mobil-que-faig-servir-per-treballar\/","og_locale":"ca_ES","og_type":"article","og_title":"Puc deduir l'ordinador o el m\u00f2bil que faig servir per treballar? - Gemap","og_description":"Si treballes pel teu compte (aut\u00f2nom) i utilitzes equips electr\u00f2nics al teu dia a dia, aquesta informaci\u00f3 t&#8217;interessa. T&#8217;expliquem quan els pots deduir i com justificar-ho correctament. No es tracta de deduir per deduir, sin\u00f3 de fer-ho amb criteri. Poques q\u00fcestions provoquen tants malentesos entre els professionals i l&#8217;Ag\u00e8ncia Tribut\u00e0ria com la deducci\u00f3 de certes [&hellip;]","og_url":"https:\/\/gemap.es\/ca\/puc-deduir-lordinador-o-el-mobil-que-faig-servir-per-treballar\/","og_site_name":"Gemap","article_publisher":"https:\/\/www.facebook.com\/gemap.ius\/","article_published_time":"2025-11-03T12:11:30+00:00","article_modified_time":"2025-11-03T12:11:33+00:00","og_image":[{"width":810,"height":450,"url":"https:\/\/gemap.es\/wp-content\/uploads\/2025\/11\/pexels-photo-7693223-1761733900_1761828261cp.jpeg","type":"image\/jpeg"}],"author":"Gemap","twitter_card":"summary_large_image","twitter_creator":"@gemapius","twitter_site":"@gemapius","twitter_misc":{"Escrit per":"Gemap","Temps estimat de lectura":"4 minuts"},"schema":{"@context":"https:\/\/schema.org","@graph":[{"@type":"Article","@id":"https:\/\/gemap.es\/ca\/puc-deduir-lordinador-o-el-mobil-que-faig-servir-per-treballar\/#article","isPartOf":{"@id":"https:\/\/gemap.es\/ca\/puc-deduir-lordinador-o-el-mobil-que-faig-servir-per-treballar\/"},"author":{"name":"Gemap","@id":"https:\/\/gemap.es\/ca\/#\/schema\/person\/488bf7c00c857d972c990318b7048431"},"headline":"Puc deduir l&#8217;ordinador o el m\u00f2bil que faig servir per treballar?","datePublished":"2025-11-03T12:11:30+00:00","dateModified":"2025-11-03T12:11:33+00:00","mainEntityOfPage":{"@id":"https:\/\/gemap.es\/ca\/puc-deduir-lordinador-o-el-mobil-que-faig-servir-per-treballar\/"},"wordCount":908,"publisher":{"@id":"https:\/\/gemap.es\/ca\/#organization"},"image":{"@id":"https:\/\/gemap.es\/ca\/puc-deduir-lordinador-o-el-mobil-que-faig-servir-per-treballar\/#primaryimage"},"thumbnailUrl":"https:\/\/gemap.es\/wp-content\/uploads\/2025\/11\/pexels-photo-7693223-1761733900_1761828261cp.jpeg","articleSection":["Actualitat","Empresas"],"inLanguage":"ca"},{"@type":"WebPage","@id":"https:\/\/gemap.es\/ca\/puc-deduir-lordinador-o-el-mobil-que-faig-servir-per-treballar\/","url":"https:\/\/gemap.es\/ca\/puc-deduir-lordinador-o-el-mobil-que-faig-servir-per-treballar\/","name":"Puc deduir l'ordinador o el m\u00f2bil que faig servir per treballar? - Gemap","isPartOf":{"@id":"https:\/\/gemap.es\/ca\/#website"},"primaryImageOfPage":{"@id":"https:\/\/gemap.es\/ca\/puc-deduir-lordinador-o-el-mobil-que-faig-servir-per-treballar\/#primaryimage"},"image":{"@id":"https:\/\/gemap.es\/ca\/puc-deduir-lordinador-o-el-mobil-que-faig-servir-per-treballar\/#primaryimage"},"thumbnailUrl":"https:\/\/gemap.es\/wp-content\/uploads\/2025\/11\/pexels-photo-7693223-1761733900_1761828261cp.jpeg","datePublished":"2025-11-03T12:11:30+00:00","dateModified":"2025-11-03T12:11:33+00:00","breadcrumb":{"@id":"https:\/\/gemap.es\/ca\/puc-deduir-lordinador-o-el-mobil-que-faig-servir-per-treballar\/#breadcrumb"},"inLanguage":"ca","potentialAction":[{"@type":"ReadAction","target":["https:\/\/gemap.es\/ca\/puc-deduir-lordinador-o-el-mobil-que-faig-servir-per-treballar\/"]}]},{"@type":"ImageObject","inLanguage":"ca","@id":"https:\/\/gemap.es\/ca\/puc-deduir-lordinador-o-el-mobil-que-faig-servir-per-treballar\/#primaryimage","url":"https:\/\/gemap.es\/wp-content\/uploads\/2025\/11\/pexels-photo-7693223-1761733900_1761828261cp.jpeg","contentUrl":"https:\/\/gemap.es\/wp-content\/uploads\/2025\/11\/pexels-photo-7693223-1761733900_1761828261cp.jpeg","width":810,"height":450,"caption":"deducir ordenador o m\u00f3vil"},{"@type":"BreadcrumbList","@id":"https:\/\/gemap.es\/ca\/puc-deduir-lordinador-o-el-mobil-que-faig-servir-per-treballar\/#breadcrumb","itemListElement":[{"@type":"ListItem","position":1,"name":"Portada","item":"https:\/\/gemap.es\/ca\/home\/"},{"@type":"ListItem","position":2,"name":"Puc deduir l&#8217;ordinador o el m\u00f2bil que faig servir per treballar?"}]},{"@type":"WebSite","@id":"https:\/\/gemap.es\/ca\/#website","url":"https:\/\/gemap.es\/ca\/","name":"Gemap","description":"By your side","publisher":{"@id":"https:\/\/gemap.es\/ca\/#organization"},"potentialAction":[{"@type":"SearchAction","target":{"@type":"EntryPoint","urlTemplate":"https:\/\/gemap.es\/ca\/?s={search_term_string}"},"query-input":{"@type":"PropertyValueSpecification","valueRequired":true,"valueName":"search_term_string"}}],"inLanguage":"ca"},{"@type":"Organization","@id":"https:\/\/gemap.es\/ca\/#organization","name":"Gemap","url":"https:\/\/gemap.es\/ca\/","logo":{"@type":"ImageObject","inLanguage":"ca","@id":"https:\/\/gemap.es\/ca\/#\/schema\/logo\/image\/","url":"https:\/\/gemap.es\/wp-content\/uploads\/2024\/11\/logo.svg","contentUrl":"https:\/\/gemap.es\/wp-content\/uploads\/2024\/11\/logo.svg","width":340,"height":106,"caption":"Gemap"},"image":{"@id":"https:\/\/gemap.es\/ca\/#\/schema\/logo\/image\/"},"sameAs":["https:\/\/www.facebook.com\/gemap.ius\/","https:\/\/x.com\/gemapius","https:\/\/www.instagram.com\/gemap_asesoria\/"]},{"@type":"Person","@id":"https:\/\/gemap.es\/ca\/#\/schema\/person\/488bf7c00c857d972c990318b7048431","name":"Gemap","image":{"@type":"ImageObject","inLanguage":"ca","@id":"https:\/\/secure.gravatar.com\/avatar\/880b2d735ee66ddf8c6e5f2e1a757b4b21b0814cea10dfaa193a4929cfce8057?s=96&d=mm&r=g","url":"https:\/\/secure.gravatar.com\/avatar\/880b2d735ee66ddf8c6e5f2e1a757b4b21b0814cea10dfaa193a4929cfce8057?s=96&d=mm&r=g","contentUrl":"https:\/\/secure.gravatar.com\/avatar\/880b2d735ee66ddf8c6e5f2e1a757b4b21b0814cea10dfaa193a4929cfce8057?s=96&d=mm&r=g","caption":"Gemap"},"url":"https:\/\/gemap.es\/ca\/author\/gemap\/"}]}},"_links":{"self":[{"href":"https:\/\/gemap.es\/ca\/wp-json\/wp\/v2\/posts\/5939","targetHints":{"allow":["GET"]}}],"collection":[{"href":"https:\/\/gemap.es\/ca\/wp-json\/wp\/v2\/posts"}],"about":[{"href":"https:\/\/gemap.es\/ca\/wp-json\/wp\/v2\/types\/post"}],"author":[{"embeddable":true,"href":"https:\/\/gemap.es\/ca\/wp-json\/wp\/v2\/users\/3"}],"replies":[{"embeddable":true,"href":"https:\/\/gemap.es\/ca\/wp-json\/wp\/v2\/comments?post=5939"}],"version-history":[{"count":1,"href":"https:\/\/gemap.es\/ca\/wp-json\/wp\/v2\/posts\/5939\/revisions"}],"predecessor-version":[{"id":5940,"href":"https:\/\/gemap.es\/ca\/wp-json\/wp\/v2\/posts\/5939\/revisions\/5940"}],"wp:featuredmedia":[{"embeddable":true,"href":"https:\/\/gemap.es\/ca\/wp-json\/wp\/v2\/media\/5936"}],"wp:attachment":[{"href":"https:\/\/gemap.es\/ca\/wp-json\/wp\/v2\/media?parent=5939"}],"wp:term":[{"taxonomy":"category","embeddable":true,"href":"https:\/\/gemap.es\/ca\/wp-json\/wp\/v2\/categories?post=5939"},{"taxonomy":"post_tag","embeddable":true,"href":"https:\/\/gemap.es\/ca\/wp-json\/wp\/v2\/tags?post=5939"}],"curies":[{"name":"wp","href":"https:\/\/api.w.org\/{rel}","templated":true}]}}