{"id":5932,"date":"2025-10-30T13:22:12","date_gmt":"2025-10-30T12:22:12","guid":{"rendered":"https:\/\/gemap.es\/?p=5932"},"modified":"2025-10-30T13:22:14","modified_gmt":"2025-10-30T12:22:14","slug":"els-autonoms-sense-empleats-poden-acollir-se-a-qualsevol-dels-motius-legals-per-sollicitar-la-prestacio-per-cessament-dactivitat","status":"publish","type":"post","link":"https:\/\/gemap.es\/ca\/els-autonoms-sense-empleats-poden-acollir-se-a-qualsevol-dels-motius-legals-per-sollicitar-la-prestacio-per-cessament-dactivitat\/","title":{"rendered":"Els aut\u00f2noms sense empleats poden acollir-se a qualsevol dels motius legals per sol\u00b7licitar la prestaci\u00f3 per cessament dactivitat"},"content":{"rendered":"\n<p>Una sent\u00e8ncia recent corregeix el <strong>criteri restrictiu de les M\u00fatues i amplia la protecci\u00f3 dels aut\u00f2noms <\/strong>que es veuen obligats a tancar el negoci.<\/p>\n\n\n\n<p>El TSJ de Madrid resol una q\u00fcesti\u00f3 clau: els treballadors per compte propi sense assalariats no queden fora del sistema de protecci\u00f3 per cessament d?activitat.<\/p>\n\n\n\n<p>Hi ha sent\u00e8ncies que semblen petites, per\u00f2 canvien molt les coses. Aquesta n&#8217;\u00e9s una.<\/p>\n\n\n\n<p>El Tribunal Superior de Just\u00edcia de Madrid (TSJM), en una resoluci\u00f3 recent (20 de juny de 2025), ha aclarit una cosa que feia temps que generava frustraci\u00f3 entre els treballadors per compte propi: un aut\u00f2nom sense empleats tamb\u00e9 pot accedir a la prestaci\u00f3 per cessament d&#8217;activitat, encara que no compleixi els requisits \u00abimpossibles\u00bb de l&#8217;apartat 5 de l&#8217;article 3.1.<\/p>\n\n\n\n<p>Fins ara, moltes M\u00fatues interpretaven aquest article de manera molt r\u00edgida.<\/p>\n\n\n\n<p>Si l&#8217;aut\u00f2nom no tenia assalariats, li demanaven demostrar una caiguda del 75% en els ingressos i els deutes superiors al 150% del facturat. A la pr\u00e0ctica, aix\u00f2 significava que calia estar a la vora de la ru\u00efna per poder cobrar l&#8217;ajuda. I \u00e9s clar, molts se&#8217;n quedaven fora.<\/p>\n\n\n\n<h2 class=\"wp-block-heading\">La hist\u00f2ria darrere de la sent\u00e8ncia<br><\/h2>\n\n\n\n<p>El cas el protagonitza una treballadora aut\u00f2noma madrilenya, que feia anys que estava al capdavant del seu negoci. Despr\u00e9s d&#8217;acumular p\u00e8rdues, va sol\u00b7licitar la prestaci\u00f3 per cessament d&#8217;activitat. La M\u00fatua se la va denegar amb l&#8217;argument de sempre: \u00abCom que no t\u00e9 empleats, ha de complir les condicions de l&#8217;apartat 5\u00e8, i no les compleix.\u00bb Per\u00f2 la treballadora va al\u00b7legar una altra cosa. Va dir: \u00abHe tingut p\u00e8rdues de m\u00e9s del 10 % el darrer any, i aix\u00f2 tamb\u00e9 \u00e9s una causa econ\u00f2mica v\u00e0lida, segons l&#8217;apartat 1r del mateix article.\u00bb I tenia ra\u00f3.<\/p>\n\n\n\n<p>El Tribunal li va donar la ra\u00f3. Explic\u00e0 que els cinc sup\u00f2sits de l&#8217;article 331.1 s\u00f3n alternatius, no excloents. \u00c9s a dir, l&#8217;aut\u00f2nom es pot acollir a qualsevol, no nom\u00e9s al cinqu\u00e8. L&#8217;apartat 5\u00e8 -introdu\u00eft el 2022- no elimina els anteriors, sin\u00f3 que simplement afegeix una nova possibilitat per als que treballen sense plantilla.<\/p>\n\n\n\n<p>En paraules senzilles. <strong>El que diu el TSJ \u00e9s pur sentit com\u00fa: que una persona que treballa sola no s&#8217;ha d&#8217;arru\u00efnar per poder cobrar la prestaci\u00f3.<\/strong><\/p>\n\n\n\n<p>Si demostreu que la vostra activitat genera p\u00e8rdues, o que ha patit una caiguda important en les vendes, podeu sol\u00b7licitar el cessament d&#8217;activitat igual que qualsevol altre aut\u00f2nom.<\/p>\n\n\n\n<p>\u00c9s un canvi important perqu\u00e8 moltes M\u00fatues s&#8217;escudaven en aquest punt de la llei per denegar gaireb\u00e9 totes les sol\u00b7licituds. Ara ja no ho podran fer.<\/p>\n\n\n\n<p>A partir d&#8217;aquesta sent\u00e8ncia, els aut\u00f2noms sense empleats poden justificar el cessament del seu negoci per qualsevol dels motius previstos a la llei:<\/p>\n\n\n\n<ul class=\"wp-block-list\">\n<li>P\u00e8rdues continuades que superin el 10% dels ingressos.<\/li>\n\n\n\n<li>Execucions judicials o embargaments que afectin el 30% de la facturaci\u00f3.<\/li>\n\n\n\n<li>Situacions concursals.<\/li>\n\n\n\n<li>Tancament o suspensi\u00f3 de lactivitat per causes organitzatives o t\u00e8cniques.<\/li>\n\n\n\n<li>O, si escau, el fam\u00f3s sup\u00f2sit de l&#8217;apartat 5\u00e8 (deutes i ingressos).<\/li>\n<\/ul>\n\n\n\n<p>Qualsevol motiu \u00e9s v\u00e0lid. No cal complir tots alhora.<\/p>\n\n\n\n<h2 class=\"wp-block-heading\">Qu\u00e8 pots fer si est\u00e0s en aquesta situaci\u00f3?<br><\/h2>\n\n\n\n<p>Si ets aut\u00f2nom i al seu moment et van denegar el cessament d&#8217;activitat amb aquest argument, val la pena revisar-ho. Potser pots rec\u00f3rrer o tornar a sol\u00b7licitar-ho amb aquesta sent\u00e8ncia com a suport. Si ara est\u00e0s travessant una etapa dif\u00edcil, documenta b\u00e9 les teves p\u00e8rdues i els teus ingressos, perqu\u00e8 la clau \u00e9s demostrar el motiu econ\u00f2mic. I, sobretot, no llencis la tovallola per una interpretaci\u00f3 antiga. La llei protegeix m\u00e9s del que de vegades sembla.<\/p>\n\n\n\n<p><a href=\"http:\/\/www.gemap.es\/contacto\">Contacta amb aquest despatx professional <\/a>per a qualsevol dubte o aclariment que puguis tenir sobre aix\u00f2<\/p>\n","protected":false},"excerpt":{"rendered":"<p>Una sent\u00e8ncia recent corregeix el criteri restrictiu de les M\u00fatues i amplia la protecci\u00f3 dels aut\u00f2noms que es veuen obligats a tancar el negoci. El TSJ de Madrid resol una q\u00fcesti\u00f3 clau: els treballadors per compte propi sense assalariats no queden fora del sistema de protecci\u00f3 per cessament d?activitat. Hi ha sent\u00e8ncies que semblen petites, [&hellip;]<\/p>\n","protected":false},"author":3,"featured_media":5929,"comment_status":"closed","ping_status":"open","sticky":false,"template":"","format":"standard","meta":{"_acf_changed":false,"footnotes":""},"categories":[65,38],"tags":[],"class_list":["post-5932","post","type-post","status-publish","format-standard","has-post-thumbnail","hentry","category-actualitat","category-empresas-ca"],"acf":[],"yoast_head":"<!-- This site is optimized with the Yoast SEO plugin v27.4 - https:\/\/yoast.com\/product\/yoast-seo-wordpress\/ -->\n<title>Els aut\u00f2noms sense empleats poden acollir-se a qualsevol dels motius legals per sol\u00b7licitar la prestaci\u00f3 per cessament dactivitat - Gemap<\/title>\n<meta name=\"robots\" content=\"index, follow, max-snippet:-1, max-image-preview:large, max-video-preview:-1\" \/>\n<link rel=\"canonical\" href=\"https:\/\/gemap.es\/ca\/els-autonoms-sense-empleats-poden-acollir-se-a-qualsevol-dels-motius-legals-per-sollicitar-la-prestacio-per-cessament-dactivitat\/\" \/>\n<meta property=\"og:locale\" content=\"ca_ES\" \/>\n<meta property=\"og:type\" content=\"article\" \/>\n<meta property=\"og:title\" content=\"Els aut\u00f2noms sense empleats poden acollir-se a qualsevol dels motius legals per sol\u00b7licitar la prestaci\u00f3 per cessament dactivitat - Gemap\" \/>\n<meta property=\"og:description\" content=\"Una sent\u00e8ncia recent corregeix el criteri restrictiu de les M\u00fatues i amplia la protecci\u00f3 dels aut\u00f2noms que es veuen obligats a tancar el negoci. El TSJ de Madrid resol una q\u00fcesti\u00f3 clau: els treballadors per compte propi sense assalariats no queden fora del sistema de protecci\u00f3 per cessament d?activitat. Hi ha sent\u00e8ncies que semblen petites, [&hellip;]\" \/>\n<meta property=\"og:url\" content=\"https:\/\/gemap.es\/ca\/els-autonoms-sense-empleats-poden-acollir-se-a-qualsevol-dels-motius-legals-per-sollicitar-la-prestacio-per-cessament-dactivitat\/\" \/>\n<meta property=\"og:site_name\" content=\"Gemap\" \/>\n<meta property=\"article:publisher\" content=\"https:\/\/www.facebook.com\/gemap.ius\/\" \/>\n<meta property=\"article:published_time\" content=\"2025-10-30T12:22:12+00:00\" \/>\n<meta property=\"article:modified_time\" content=\"2025-10-30T12:22:14+00:00\" \/>\n<meta property=\"og:image\" content=\"https:\/\/gemap.es\/wp-content\/uploads\/2025\/10\/pexels-photo-5673514-1761118659_1761555265cp.jpeg\" \/>\n\t<meta property=\"og:image:width\" content=\"810\" \/>\n\t<meta property=\"og:image:height\" content=\"450\" \/>\n\t<meta property=\"og:image:type\" content=\"image\/jpeg\" \/>\n<meta name=\"author\" content=\"Gemap\" \/>\n<meta name=\"twitter:card\" content=\"summary_large_image\" \/>\n<meta name=\"twitter:creator\" content=\"@gemapius\" \/>\n<meta name=\"twitter:site\" content=\"@gemapius\" \/>\n<meta name=\"twitter:label1\" content=\"Escrit per\" \/>\n\t<meta name=\"twitter:data1\" content=\"Gemap\" \/>\n\t<meta name=\"twitter:label2\" content=\"Temps estimat de lectura\" \/>\n\t<meta name=\"twitter:data2\" content=\"3 minuts\" \/>\n<script type=\"application\/ld+json\" class=\"yoast-schema-graph\">{\"@context\":\"https:\\\/\\\/schema.org\",\"@graph\":[{\"@type\":\"Article\",\"@id\":\"https:\\\/\\\/gemap.es\\\/ca\\\/els-autonoms-sense-empleats-poden-acollir-se-a-qualsevol-dels-motius-legals-per-sollicitar-la-prestacio-per-cessament-dactivitat\\\/#article\",\"isPartOf\":{\"@id\":\"https:\\\/\\\/gemap.es\\\/ca\\\/els-autonoms-sense-empleats-poden-acollir-se-a-qualsevol-dels-motius-legals-per-sollicitar-la-prestacio-per-cessament-dactivitat\\\/\"},\"author\":{\"name\":\"Gemap\",\"@id\":\"https:\\\/\\\/gemap.es\\\/ca\\\/#\\\/schema\\\/person\\\/488bf7c00c857d972c990318b7048431\"},\"headline\":\"Els aut\u00f2noms sense empleats poden acollir-se a qualsevol dels motius legals per sol\u00b7licitar la prestaci\u00f3 per cessament dactivitat\",\"datePublished\":\"2025-10-30T12:22:12+00:00\",\"dateModified\":\"2025-10-30T12:22:14+00:00\",\"mainEntityOfPage\":{\"@id\":\"https:\\\/\\\/gemap.es\\\/ca\\\/els-autonoms-sense-empleats-poden-acollir-se-a-qualsevol-dels-motius-legals-per-sollicitar-la-prestacio-per-cessament-dactivitat\\\/\"},\"wordCount\":670,\"publisher\":{\"@id\":\"https:\\\/\\\/gemap.es\\\/ca\\\/#organization\"},\"image\":{\"@id\":\"https:\\\/\\\/gemap.es\\\/ca\\\/els-autonoms-sense-empleats-poden-acollir-se-a-qualsevol-dels-motius-legals-per-sollicitar-la-prestacio-per-cessament-dactivitat\\\/#primaryimage\"},\"thumbnailUrl\":\"https:\\\/\\\/gemap.es\\\/wp-content\\\/uploads\\\/2025\\\/10\\\/pexels-photo-5673514-1761118659_1761555265cp.jpeg\",\"articleSection\":[\"Actualitat\",\"Empresas\"],\"inLanguage\":\"ca\"},{\"@type\":\"WebPage\",\"@id\":\"https:\\\/\\\/gemap.es\\\/ca\\\/els-autonoms-sense-empleats-poden-acollir-se-a-qualsevol-dels-motius-legals-per-sollicitar-la-prestacio-per-cessament-dactivitat\\\/\",\"url\":\"https:\\\/\\\/gemap.es\\\/ca\\\/els-autonoms-sense-empleats-poden-acollir-se-a-qualsevol-dels-motius-legals-per-sollicitar-la-prestacio-per-cessament-dactivitat\\\/\",\"name\":\"Els aut\u00f2noms sense empleats poden acollir-se a qualsevol dels motius legals per sol\u00b7licitar la prestaci\u00f3 per cessament dactivitat - Gemap\",\"isPartOf\":{\"@id\":\"https:\\\/\\\/gemap.es\\\/ca\\\/#website\"},\"primaryImageOfPage\":{\"@id\":\"https:\\\/\\\/gemap.es\\\/ca\\\/els-autonoms-sense-empleats-poden-acollir-se-a-qualsevol-dels-motius-legals-per-sollicitar-la-prestacio-per-cessament-dactivitat\\\/#primaryimage\"},\"image\":{\"@id\":\"https:\\\/\\\/gemap.es\\\/ca\\\/els-autonoms-sense-empleats-poden-acollir-se-a-qualsevol-dels-motius-legals-per-sollicitar-la-prestacio-per-cessament-dactivitat\\\/#primaryimage\"},\"thumbnailUrl\":\"https:\\\/\\\/gemap.es\\\/wp-content\\\/uploads\\\/2025\\\/10\\\/pexels-photo-5673514-1761118659_1761555265cp.jpeg\",\"datePublished\":\"2025-10-30T12:22:12+00:00\",\"dateModified\":\"2025-10-30T12:22:14+00:00\",\"breadcrumb\":{\"@id\":\"https:\\\/\\\/gemap.es\\\/ca\\\/els-autonoms-sense-empleats-poden-acollir-se-a-qualsevol-dels-motius-legals-per-sollicitar-la-prestacio-per-cessament-dactivitat\\\/#breadcrumb\"},\"inLanguage\":\"ca\",\"potentialAction\":[{\"@type\":\"ReadAction\",\"target\":[\"https:\\\/\\\/gemap.es\\\/ca\\\/els-autonoms-sense-empleats-poden-acollir-se-a-qualsevol-dels-motius-legals-per-sollicitar-la-prestacio-per-cessament-dactivitat\\\/\"]}]},{\"@type\":\"ImageObject\",\"inLanguage\":\"ca\",\"@id\":\"https:\\\/\\\/gemap.es\\\/ca\\\/els-autonoms-sense-empleats-poden-acollir-se-a-qualsevol-dels-motius-legals-per-sollicitar-la-prestacio-per-cessament-dactivitat\\\/#primaryimage\",\"url\":\"https:\\\/\\\/gemap.es\\\/wp-content\\\/uploads\\\/2025\\\/10\\\/pexels-photo-5673514-1761118659_1761555265cp.jpeg\",\"contentUrl\":\"https:\\\/\\\/gemap.es\\\/wp-content\\\/uploads\\\/2025\\\/10\\\/pexels-photo-5673514-1761118659_1761555265cp.jpeg\",\"width\":810,\"height\":450,\"caption\":\"Aut\u00f3nomos y cese de actividad\"},{\"@type\":\"BreadcrumbList\",\"@id\":\"https:\\\/\\\/gemap.es\\\/ca\\\/els-autonoms-sense-empleats-poden-acollir-se-a-qualsevol-dels-motius-legals-per-sollicitar-la-prestacio-per-cessament-dactivitat\\\/#breadcrumb\",\"itemListElement\":[{\"@type\":\"ListItem\",\"position\":1,\"name\":\"Portada\",\"item\":\"https:\\\/\\\/gemap.es\\\/ca\\\/home\\\/\"},{\"@type\":\"ListItem\",\"position\":2,\"name\":\"Els aut\u00f2noms sense empleats poden acollir-se a qualsevol dels motius legals per sol\u00b7licitar la prestaci\u00f3 per cessament dactivitat\"}]},{\"@type\":\"WebSite\",\"@id\":\"https:\\\/\\\/gemap.es\\\/ca\\\/#website\",\"url\":\"https:\\\/\\\/gemap.es\\\/ca\\\/\",\"name\":\"Gemap\",\"description\":\"By your side\",\"publisher\":{\"@id\":\"https:\\\/\\\/gemap.es\\\/ca\\\/#organization\"},\"potentialAction\":[{\"@type\":\"SearchAction\",\"target\":{\"@type\":\"EntryPoint\",\"urlTemplate\":\"https:\\\/\\\/gemap.es\\\/ca\\\/?s={search_term_string}\"},\"query-input\":{\"@type\":\"PropertyValueSpecification\",\"valueRequired\":true,\"valueName\":\"search_term_string\"}}],\"inLanguage\":\"ca\"},{\"@type\":\"Organization\",\"@id\":\"https:\\\/\\\/gemap.es\\\/ca\\\/#organization\",\"name\":\"Gemap\",\"url\":\"https:\\\/\\\/gemap.es\\\/ca\\\/\",\"logo\":{\"@type\":\"ImageObject\",\"inLanguage\":\"ca\",\"@id\":\"https:\\\/\\\/gemap.es\\\/ca\\\/#\\\/schema\\\/logo\\\/image\\\/\",\"url\":\"https:\\\/\\\/gemap.es\\\/wp-content\\\/uploads\\\/2024\\\/11\\\/logo.svg\",\"contentUrl\":\"https:\\\/\\\/gemap.es\\\/wp-content\\\/uploads\\\/2024\\\/11\\\/logo.svg\",\"width\":340,\"height\":106,\"caption\":\"Gemap\"},\"image\":{\"@id\":\"https:\\\/\\\/gemap.es\\\/ca\\\/#\\\/schema\\\/logo\\\/image\\\/\"},\"sameAs\":[\"https:\\\/\\\/www.facebook.com\\\/gemap.ius\\\/\",\"https:\\\/\\\/x.com\\\/gemapius\",\"https:\\\/\\\/www.instagram.com\\\/gemap_asesoria\\\/\"]},{\"@type\":\"Person\",\"@id\":\"https:\\\/\\\/gemap.es\\\/ca\\\/#\\\/schema\\\/person\\\/488bf7c00c857d972c990318b7048431\",\"name\":\"Gemap\",\"image\":{\"@type\":\"ImageObject\",\"inLanguage\":\"ca\",\"@id\":\"https:\\\/\\\/secure.gravatar.com\\\/avatar\\\/880b2d735ee66ddf8c6e5f2e1a757b4b21b0814cea10dfaa193a4929cfce8057?s=96&d=mm&r=g\",\"url\":\"https:\\\/\\\/secure.gravatar.com\\\/avatar\\\/880b2d735ee66ddf8c6e5f2e1a757b4b21b0814cea10dfaa193a4929cfce8057?s=96&d=mm&r=g\",\"contentUrl\":\"https:\\\/\\\/secure.gravatar.com\\\/avatar\\\/880b2d735ee66ddf8c6e5f2e1a757b4b21b0814cea10dfaa193a4929cfce8057?s=96&d=mm&r=g\",\"caption\":\"Gemap\"},\"url\":\"https:\\\/\\\/gemap.es\\\/ca\\\/author\\\/gemap\\\/\"}]}<\/script>\n<!-- \/ Yoast SEO plugin. -->","yoast_head_json":{"title":"Els aut\u00f2noms sense empleats poden acollir-se a qualsevol dels motius legals per sol\u00b7licitar la prestaci\u00f3 per cessament dactivitat - Gemap","robots":{"index":"index","follow":"follow","max-snippet":"max-snippet:-1","max-image-preview":"max-image-preview:large","max-video-preview":"max-video-preview:-1"},"canonical":"https:\/\/gemap.es\/ca\/els-autonoms-sense-empleats-poden-acollir-se-a-qualsevol-dels-motius-legals-per-sollicitar-la-prestacio-per-cessament-dactivitat\/","og_locale":"ca_ES","og_type":"article","og_title":"Els aut\u00f2noms sense empleats poden acollir-se a qualsevol dels motius legals per sol\u00b7licitar la prestaci\u00f3 per cessament dactivitat - Gemap","og_description":"Una sent\u00e8ncia recent corregeix el criteri restrictiu de les M\u00fatues i amplia la protecci\u00f3 dels aut\u00f2noms que es veuen obligats a tancar el negoci. El TSJ de Madrid resol una q\u00fcesti\u00f3 clau: els treballadors per compte propi sense assalariats no queden fora del sistema de protecci\u00f3 per cessament d?activitat. Hi ha sent\u00e8ncies que semblen petites, [&hellip;]","og_url":"https:\/\/gemap.es\/ca\/els-autonoms-sense-empleats-poden-acollir-se-a-qualsevol-dels-motius-legals-per-sollicitar-la-prestacio-per-cessament-dactivitat\/","og_site_name":"Gemap","article_publisher":"https:\/\/www.facebook.com\/gemap.ius\/","article_published_time":"2025-10-30T12:22:12+00:00","article_modified_time":"2025-10-30T12:22:14+00:00","og_image":[{"width":810,"height":450,"url":"https:\/\/gemap.es\/wp-content\/uploads\/2025\/10\/pexels-photo-5673514-1761118659_1761555265cp.jpeg","type":"image\/jpeg"}],"author":"Gemap","twitter_card":"summary_large_image","twitter_creator":"@gemapius","twitter_site":"@gemapius","twitter_misc":{"Escrit per":"Gemap","Temps estimat de lectura":"3 minuts"},"schema":{"@context":"https:\/\/schema.org","@graph":[{"@type":"Article","@id":"https:\/\/gemap.es\/ca\/els-autonoms-sense-empleats-poden-acollir-se-a-qualsevol-dels-motius-legals-per-sollicitar-la-prestacio-per-cessament-dactivitat\/#article","isPartOf":{"@id":"https:\/\/gemap.es\/ca\/els-autonoms-sense-empleats-poden-acollir-se-a-qualsevol-dels-motius-legals-per-sollicitar-la-prestacio-per-cessament-dactivitat\/"},"author":{"name":"Gemap","@id":"https:\/\/gemap.es\/ca\/#\/schema\/person\/488bf7c00c857d972c990318b7048431"},"headline":"Els aut\u00f2noms sense empleats poden acollir-se a qualsevol dels motius legals per sol\u00b7licitar la prestaci\u00f3 per cessament dactivitat","datePublished":"2025-10-30T12:22:12+00:00","dateModified":"2025-10-30T12:22:14+00:00","mainEntityOfPage":{"@id":"https:\/\/gemap.es\/ca\/els-autonoms-sense-empleats-poden-acollir-se-a-qualsevol-dels-motius-legals-per-sollicitar-la-prestacio-per-cessament-dactivitat\/"},"wordCount":670,"publisher":{"@id":"https:\/\/gemap.es\/ca\/#organization"},"image":{"@id":"https:\/\/gemap.es\/ca\/els-autonoms-sense-empleats-poden-acollir-se-a-qualsevol-dels-motius-legals-per-sollicitar-la-prestacio-per-cessament-dactivitat\/#primaryimage"},"thumbnailUrl":"https:\/\/gemap.es\/wp-content\/uploads\/2025\/10\/pexels-photo-5673514-1761118659_1761555265cp.jpeg","articleSection":["Actualitat","Empresas"],"inLanguage":"ca"},{"@type":"WebPage","@id":"https:\/\/gemap.es\/ca\/els-autonoms-sense-empleats-poden-acollir-se-a-qualsevol-dels-motius-legals-per-sollicitar-la-prestacio-per-cessament-dactivitat\/","url":"https:\/\/gemap.es\/ca\/els-autonoms-sense-empleats-poden-acollir-se-a-qualsevol-dels-motius-legals-per-sollicitar-la-prestacio-per-cessament-dactivitat\/","name":"Els aut\u00f2noms sense empleats poden acollir-se a qualsevol dels motius legals per sol\u00b7licitar la prestaci\u00f3 per cessament dactivitat - Gemap","isPartOf":{"@id":"https:\/\/gemap.es\/ca\/#website"},"primaryImageOfPage":{"@id":"https:\/\/gemap.es\/ca\/els-autonoms-sense-empleats-poden-acollir-se-a-qualsevol-dels-motius-legals-per-sollicitar-la-prestacio-per-cessament-dactivitat\/#primaryimage"},"image":{"@id":"https:\/\/gemap.es\/ca\/els-autonoms-sense-empleats-poden-acollir-se-a-qualsevol-dels-motius-legals-per-sollicitar-la-prestacio-per-cessament-dactivitat\/#primaryimage"},"thumbnailUrl":"https:\/\/gemap.es\/wp-content\/uploads\/2025\/10\/pexels-photo-5673514-1761118659_1761555265cp.jpeg","datePublished":"2025-10-30T12:22:12+00:00","dateModified":"2025-10-30T12:22:14+00:00","breadcrumb":{"@id":"https:\/\/gemap.es\/ca\/els-autonoms-sense-empleats-poden-acollir-se-a-qualsevol-dels-motius-legals-per-sollicitar-la-prestacio-per-cessament-dactivitat\/#breadcrumb"},"inLanguage":"ca","potentialAction":[{"@type":"ReadAction","target":["https:\/\/gemap.es\/ca\/els-autonoms-sense-empleats-poden-acollir-se-a-qualsevol-dels-motius-legals-per-sollicitar-la-prestacio-per-cessament-dactivitat\/"]}]},{"@type":"ImageObject","inLanguage":"ca","@id":"https:\/\/gemap.es\/ca\/els-autonoms-sense-empleats-poden-acollir-se-a-qualsevol-dels-motius-legals-per-sollicitar-la-prestacio-per-cessament-dactivitat\/#primaryimage","url":"https:\/\/gemap.es\/wp-content\/uploads\/2025\/10\/pexels-photo-5673514-1761118659_1761555265cp.jpeg","contentUrl":"https:\/\/gemap.es\/wp-content\/uploads\/2025\/10\/pexels-photo-5673514-1761118659_1761555265cp.jpeg","width":810,"height":450,"caption":"Aut\u00f3nomos y cese de actividad"},{"@type":"BreadcrumbList","@id":"https:\/\/gemap.es\/ca\/els-autonoms-sense-empleats-poden-acollir-se-a-qualsevol-dels-motius-legals-per-sollicitar-la-prestacio-per-cessament-dactivitat\/#breadcrumb","itemListElement":[{"@type":"ListItem","position":1,"name":"Portada","item":"https:\/\/gemap.es\/ca\/home\/"},{"@type":"ListItem","position":2,"name":"Els aut\u00f2noms sense empleats poden acollir-se a qualsevol dels motius legals per sol\u00b7licitar la prestaci\u00f3 per cessament dactivitat"}]},{"@type":"WebSite","@id":"https:\/\/gemap.es\/ca\/#website","url":"https:\/\/gemap.es\/ca\/","name":"Gemap","description":"By your side","publisher":{"@id":"https:\/\/gemap.es\/ca\/#organization"},"potentialAction":[{"@type":"SearchAction","target":{"@type":"EntryPoint","urlTemplate":"https:\/\/gemap.es\/ca\/?s={search_term_string}"},"query-input":{"@type":"PropertyValueSpecification","valueRequired":true,"valueName":"search_term_string"}}],"inLanguage":"ca"},{"@type":"Organization","@id":"https:\/\/gemap.es\/ca\/#organization","name":"Gemap","url":"https:\/\/gemap.es\/ca\/","logo":{"@type":"ImageObject","inLanguage":"ca","@id":"https:\/\/gemap.es\/ca\/#\/schema\/logo\/image\/","url":"https:\/\/gemap.es\/wp-content\/uploads\/2024\/11\/logo.svg","contentUrl":"https:\/\/gemap.es\/wp-content\/uploads\/2024\/11\/logo.svg","width":340,"height":106,"caption":"Gemap"},"image":{"@id":"https:\/\/gemap.es\/ca\/#\/schema\/logo\/image\/"},"sameAs":["https:\/\/www.facebook.com\/gemap.ius\/","https:\/\/x.com\/gemapius","https:\/\/www.instagram.com\/gemap_asesoria\/"]},{"@type":"Person","@id":"https:\/\/gemap.es\/ca\/#\/schema\/person\/488bf7c00c857d972c990318b7048431","name":"Gemap","image":{"@type":"ImageObject","inLanguage":"ca","@id":"https:\/\/secure.gravatar.com\/avatar\/880b2d735ee66ddf8c6e5f2e1a757b4b21b0814cea10dfaa193a4929cfce8057?s=96&d=mm&r=g","url":"https:\/\/secure.gravatar.com\/avatar\/880b2d735ee66ddf8c6e5f2e1a757b4b21b0814cea10dfaa193a4929cfce8057?s=96&d=mm&r=g","contentUrl":"https:\/\/secure.gravatar.com\/avatar\/880b2d735ee66ddf8c6e5f2e1a757b4b21b0814cea10dfaa193a4929cfce8057?s=96&d=mm&r=g","caption":"Gemap"},"url":"https:\/\/gemap.es\/ca\/author\/gemap\/"}]}},"_links":{"self":[{"href":"https:\/\/gemap.es\/ca\/wp-json\/wp\/v2\/posts\/5932","targetHints":{"allow":["GET"]}}],"collection":[{"href":"https:\/\/gemap.es\/ca\/wp-json\/wp\/v2\/posts"}],"about":[{"href":"https:\/\/gemap.es\/ca\/wp-json\/wp\/v2\/types\/post"}],"author":[{"embeddable":true,"href":"https:\/\/gemap.es\/ca\/wp-json\/wp\/v2\/users\/3"}],"replies":[{"embeddable":true,"href":"https:\/\/gemap.es\/ca\/wp-json\/wp\/v2\/comments?post=5932"}],"version-history":[{"count":1,"href":"https:\/\/gemap.es\/ca\/wp-json\/wp\/v2\/posts\/5932\/revisions"}],"predecessor-version":[{"id":5933,"href":"https:\/\/gemap.es\/ca\/wp-json\/wp\/v2\/posts\/5932\/revisions\/5933"}],"wp:featuredmedia":[{"embeddable":true,"href":"https:\/\/gemap.es\/ca\/wp-json\/wp\/v2\/media\/5929"}],"wp:attachment":[{"href":"https:\/\/gemap.es\/ca\/wp-json\/wp\/v2\/media?parent=5932"}],"wp:term":[{"taxonomy":"category","embeddable":true,"href":"https:\/\/gemap.es\/ca\/wp-json\/wp\/v2\/categories?post=5932"},{"taxonomy":"post_tag","embeddable":true,"href":"https:\/\/gemap.es\/ca\/wp-json\/wp\/v2\/tags?post=5932"}],"curies":[{"name":"wp","href":"https:\/\/api.w.org\/{rel}","templated":true}]}}