{"id":5904,"date":"2025-10-27T11:17:51","date_gmt":"2025-10-27T10:17:51","guid":{"rendered":"https:\/\/gemap.es\/?p=5904"},"modified":"2025-10-27T11:17:53","modified_gmt":"2025-10-27T10:17:53","slug":"la-justicia-avala-el-dret-a-teletreballar-per-cuidar-a-un-familiar-dependent","status":"publish","type":"post","link":"https:\/\/gemap.es\/ca\/la-justicia-avala-el-dret-a-teletreballar-per-cuidar-a-un-familiar-dependent\/","title":{"rendered":"La justicia avala el dret a teletreballar per cuidar a un familiar dependent"},"content":{"rendered":"\n<p>La just\u00edcia fa un pas m\u00e9s en la <strong>protecci\u00f3 de la conciliaci\u00f3 <\/strong>en rebutjar que una empresa obligui una empleada a tornar a la feina presencial quan no hi ha raons organitzatives acreditades.<\/p>\n\n\n\n<p>Se subratlla una cosa que de vegades s&#8217;oblida, que el teletreball no \u00e9s una concessi\u00f3 discrecional, sin\u00f3 una <strong>forma leg\u00edtima d&#8217;adaptar les condicions laborals quan hi ha necessitats familiars acreditades.<\/strong><\/p>\n\n\n\n<p>Els volem comentar un cas recent que, sincerament, ens ha semblat important compartir. No tant pel que diu la sent\u00e8ncia, sin\u00f3 pel que vol dir.<\/p>\n\n\n\n<p>Una treballadora d&#8217;una empresa d&#8217;atenci\u00f3 telef\u00f2nica treballava des del 2020 a dist\u00e0ncia. Ho feia b\u00e9, sense problemes, amb el mateix rendiment que qualsevol que estigu\u00e9s a l&#8217;oficina. El 2024, l&#8217;empresa li va dir que havia de tornar a la feina presencial, al\u00b7legant \u00abraons operatives\u00bb. Res m\u00e9s.<\/p>\n\n\n\n<p>La dona va explicar que sa mare estava malalta, que necessitava ajuda per a les tasques di\u00e0ries.<br>Va demanar seguir teletreballant, va aportar un informe m\u00e8dic, va actuar amb respecte i dins del marc legal. Per\u00f2 l&#8217;empresa no en va voler saber res. No va oferir cap altra opci\u00f3, ni tan sols un model mixt.<br>Simplement la van obligar a tornar-hi.<\/p>\n\n\n\n<h2 class=\"wp-block-heading\">El Tribunal de Just\u00edcia<\/h2>\n\n\n\n<p><br>L&#8217;assumpte va acabar al Tribunal Superior de Just\u00edcia de Gal\u00edcia, i el tribunal li va donar la ra\u00f3.<br>La decisi\u00f3 \u00e9s del 5 de setembre del 2025 (sent\u00e8ncia 3945\/2024), i, m\u00e9s enll\u00e0 dels tecnicismes, el que deixa clar \u00e9s que conciliar no dep\u00e8n de la bona voluntat de l&#8217;empresa. Si el teletreball ha funcionat, i no hi ha motius reals per canviar-lo, no es pot negar de manera gen\u00e8rica.<br>I encara menys sense negociar ni buscar alternatives.<\/p>\n\n\n\n<p>El tribunal va recordar que el teletreball no implica necess\u00e0riament treballar des de casa, sin\u00f3 des d&#8217;on el treballador ho pugui fer, complint amb les seves obligacions. I tamb\u00e9 que el dret a conciliar est\u00e0 directament vinculat a la protecci\u00f3 de la fam\u00edlia ia la igualtat, recollides a la Constituci\u00f3.<\/p>\n\n\n\n<h2 class=\"wp-block-heading\">Indemnitzaci\u00f3 per danys i perjudicis<\/h2>\n\n\n\n<p><br>L&#8217;empresa va ser condemnada a pagar 3.750 euros en concepte d?indemnitzaci\u00f3, pels danys i perjudicis que la seva decisi\u00f3 havia causat. No s\u00f3n els diners els rellevants, sin\u00f3 el missatge: no es pot negar un dret sense raonar ni oferir opcions.<\/p>\n\n\n\n<p>Ens trobem amb situacions semblants moltes vegades. Peticions d&#8217;adaptaci\u00f3 de jornada, teletreball parcial, flexibilitat\u2026 i de vegades la reacci\u00f3 immediata de l&#8217;empresa \u00e9s pensar que ser\u00e0 un problema. Tot i aix\u00f2, quan s&#8217;escolta, es valora i es documenta b\u00e9 la decisi\u00f3, s&#8217;evita el conflicte.<\/p>\n\n\n\n<p>El que ensenya aquesta sent\u00e8ncia \u00e9s simple: cal parlar, negociar i actuar de bona fe.<br>Les empreses que ho fan no solen tenir problemes; les que no ho fan, s\u00ed.<\/p>\n\n\n\n<p>Si a la vostra empresa han rebut alguna sol\u00b7licitud d&#8217;aquest tipus o preveuen que hi pugui arribar, conv\u00e9 revisar el procediment intern per gestionar-les correctament.<\/p>\n\n\n\n<p>Podem ajudar-los a fer-ho, sense complicacions, i deixar-ho per escrit per evitar dubtes en el futur. Al final, el que es tracta \u00e9s de mantenir un equilibri raonable: que l&#8217;empresa es pugui organitzar i que les persones puguin tenir cura dels seus sense por de perdre el lloc. Aix\u00f2 \u00e9s el que la llei protegeix i all\u00f2 que, en aquest cas, la just\u00edcia ha volgut recordar.<\/p>\n\n\n\n<p>Podeu <a href=\"http:\/\/www.gemap.es\/contacto\">contactar amb aquest despatx professional<\/a> per a qualsevol dubte o aclariment que puguin tenir sobre aix\u00f2.<\/p>\n\n\n\n<p><\/p>\n","protected":false},"excerpt":{"rendered":"<p>La just\u00edcia fa un pas m\u00e9s en la protecci\u00f3 de la conciliaci\u00f3 en rebutjar que una empresa obligui una empleada a tornar a la feina presencial quan no hi ha raons organitzatives acreditades. Se subratlla una cosa que de vegades s&#8217;oblida, que el teletreball no \u00e9s una concessi\u00f3 discrecional, sin\u00f3 una forma leg\u00edtima d&#8217;adaptar les [&hellip;]<\/p>\n","protected":false},"author":3,"featured_media":5901,"comment_status":"closed","ping_status":"open","sticky":false,"template":"","format":"standard","meta":{"_acf_changed":false,"footnotes":""},"categories":[65,38],"tags":[],"class_list":["post-5904","post","type-post","status-publish","format-standard","has-post-thumbnail","hentry","category-actualitat","category-empresas-ca"],"acf":[],"yoast_head":"<!-- This site is optimized with the Yoast SEO plugin v27.4 - https:\/\/yoast.com\/product\/yoast-seo-wordpress\/ -->\n<title>La justicia avala el dret a teletreballar per cuidar a un familiar dependent - Gemap<\/title>\n<meta name=\"robots\" content=\"index, follow, max-snippet:-1, max-image-preview:large, max-video-preview:-1\" \/>\n<link rel=\"canonical\" href=\"https:\/\/gemap.es\/ca\/la-justicia-avala-el-dret-a-teletreballar-per-cuidar-a-un-familiar-dependent\/\" \/>\n<meta property=\"og:locale\" content=\"ca_ES\" \/>\n<meta property=\"og:type\" content=\"article\" \/>\n<meta property=\"og:title\" content=\"La justicia avala el dret a teletreballar per cuidar a un familiar dependent - Gemap\" \/>\n<meta property=\"og:description\" content=\"La just\u00edcia fa un pas m\u00e9s en la protecci\u00f3 de la conciliaci\u00f3 en rebutjar que una empresa obligui una empleada a tornar a la feina presencial quan no hi ha raons organitzatives acreditades. Se subratlla una cosa que de vegades s&#8217;oblida, que el teletreball no \u00e9s una concessi\u00f3 discrecional, sin\u00f3 una forma leg\u00edtima d&#8217;adaptar les [&hellip;]\" \/>\n<meta property=\"og:url\" content=\"https:\/\/gemap.es\/ca\/la-justicia-avala-el-dret-a-teletreballar-per-cuidar-a-un-familiar-dependent\/\" \/>\n<meta property=\"og:site_name\" content=\"Gemap\" \/>\n<meta property=\"article:publisher\" content=\"https:\/\/www.facebook.com\/gemap.ius\/\" \/>\n<meta property=\"article:published_time\" content=\"2025-10-27T10:17:51+00:00\" \/>\n<meta property=\"article:modified_time\" content=\"2025-10-27T10:17:53+00:00\" \/>\n<meta property=\"og:image\" content=\"https:\/\/gemap.es\/wp-content\/uploads\/2025\/10\/pexels-photo-4049983-1760517634_1760693793cp.jpeg\" \/>\n\t<meta property=\"og:image:width\" content=\"810\" \/>\n\t<meta property=\"og:image:height\" content=\"450\" \/>\n\t<meta property=\"og:image:type\" content=\"image\/jpeg\" \/>\n<meta name=\"author\" content=\"Gemap\" \/>\n<meta name=\"twitter:card\" content=\"summary_large_image\" \/>\n<meta name=\"twitter:creator\" content=\"@gemapius\" \/>\n<meta name=\"twitter:site\" content=\"@gemapius\" \/>\n<meta name=\"twitter:label1\" content=\"Escrit per\" \/>\n\t<meta name=\"twitter:data1\" content=\"Gemap\" \/>\n\t<meta name=\"twitter:label2\" content=\"Temps estimat de lectura\" \/>\n\t<meta name=\"twitter:data2\" content=\"3 minuts\" \/>\n<script type=\"application\/ld+json\" class=\"yoast-schema-graph\">{\"@context\":\"https:\\\/\\\/schema.org\",\"@graph\":[{\"@type\":\"Article\",\"@id\":\"https:\\\/\\\/gemap.es\\\/ca\\\/la-justicia-avala-el-dret-a-teletreballar-per-cuidar-a-un-familiar-dependent\\\/#article\",\"isPartOf\":{\"@id\":\"https:\\\/\\\/gemap.es\\\/ca\\\/la-justicia-avala-el-dret-a-teletreballar-per-cuidar-a-un-familiar-dependent\\\/\"},\"author\":{\"name\":\"Gemap\",\"@id\":\"https:\\\/\\\/gemap.es\\\/ca\\\/#\\\/schema\\\/person\\\/488bf7c00c857d972c990318b7048431\"},\"headline\":\"La justicia avala el dret a teletreballar per cuidar a un familiar dependent\",\"datePublished\":\"2025-10-27T10:17:51+00:00\",\"dateModified\":\"2025-10-27T10:17:53+00:00\",\"mainEntityOfPage\":{\"@id\":\"https:\\\/\\\/gemap.es\\\/ca\\\/la-justicia-avala-el-dret-a-teletreballar-per-cuidar-a-un-familiar-dependent\\\/\"},\"wordCount\":603,\"publisher\":{\"@id\":\"https:\\\/\\\/gemap.es\\\/ca\\\/#organization\"},\"image\":{\"@id\":\"https:\\\/\\\/gemap.es\\\/ca\\\/la-justicia-avala-el-dret-a-teletreballar-per-cuidar-a-un-familiar-dependent\\\/#primaryimage\"},\"thumbnailUrl\":\"https:\\\/\\\/gemap.es\\\/wp-content\\\/uploads\\\/2025\\\/10\\\/pexels-photo-4049983-1760517634_1760693793cp.jpeg\",\"articleSection\":[\"Actualitat\",\"Empresas\"],\"inLanguage\":\"ca\"},{\"@type\":\"WebPage\",\"@id\":\"https:\\\/\\\/gemap.es\\\/ca\\\/la-justicia-avala-el-dret-a-teletreballar-per-cuidar-a-un-familiar-dependent\\\/\",\"url\":\"https:\\\/\\\/gemap.es\\\/ca\\\/la-justicia-avala-el-dret-a-teletreballar-per-cuidar-a-un-familiar-dependent\\\/\",\"name\":\"La justicia avala el dret a teletreballar per cuidar a un familiar dependent - Gemap\",\"isPartOf\":{\"@id\":\"https:\\\/\\\/gemap.es\\\/ca\\\/#website\"},\"primaryImageOfPage\":{\"@id\":\"https:\\\/\\\/gemap.es\\\/ca\\\/la-justicia-avala-el-dret-a-teletreballar-per-cuidar-a-un-familiar-dependent\\\/#primaryimage\"},\"image\":{\"@id\":\"https:\\\/\\\/gemap.es\\\/ca\\\/la-justicia-avala-el-dret-a-teletreballar-per-cuidar-a-un-familiar-dependent\\\/#primaryimage\"},\"thumbnailUrl\":\"https:\\\/\\\/gemap.es\\\/wp-content\\\/uploads\\\/2025\\\/10\\\/pexels-photo-4049983-1760517634_1760693793cp.jpeg\",\"datePublished\":\"2025-10-27T10:17:51+00:00\",\"dateModified\":\"2025-10-27T10:17:53+00:00\",\"breadcrumb\":{\"@id\":\"https:\\\/\\\/gemap.es\\\/ca\\\/la-justicia-avala-el-dret-a-teletreballar-per-cuidar-a-un-familiar-dependent\\\/#breadcrumb\"},\"inLanguage\":\"ca\",\"potentialAction\":[{\"@type\":\"ReadAction\",\"target\":[\"https:\\\/\\\/gemap.es\\\/ca\\\/la-justicia-avala-el-dret-a-teletreballar-per-cuidar-a-un-familiar-dependent\\\/\"]}]},{\"@type\":\"ImageObject\",\"inLanguage\":\"ca\",\"@id\":\"https:\\\/\\\/gemap.es\\\/ca\\\/la-justicia-avala-el-dret-a-teletreballar-per-cuidar-a-un-familiar-dependent\\\/#primaryimage\",\"url\":\"https:\\\/\\\/gemap.es\\\/wp-content\\\/uploads\\\/2025\\\/10\\\/pexels-photo-4049983-1760517634_1760693793cp.jpeg\",\"contentUrl\":\"https:\\\/\\\/gemap.es\\\/wp-content\\\/uploads\\\/2025\\\/10\\\/pexels-photo-4049983-1760517634_1760693793cp.jpeg\",\"width\":810,\"height\":450,\"caption\":\"teletrabajar para cuidar a un familiar dependiente\"},{\"@type\":\"BreadcrumbList\",\"@id\":\"https:\\\/\\\/gemap.es\\\/ca\\\/la-justicia-avala-el-dret-a-teletreballar-per-cuidar-a-un-familiar-dependent\\\/#breadcrumb\",\"itemListElement\":[{\"@type\":\"ListItem\",\"position\":1,\"name\":\"Portada\",\"item\":\"https:\\\/\\\/gemap.es\\\/ca\\\/home\\\/\"},{\"@type\":\"ListItem\",\"position\":2,\"name\":\"La justicia avala el dret a teletreballar per cuidar a un familiar dependent\"}]},{\"@type\":\"WebSite\",\"@id\":\"https:\\\/\\\/gemap.es\\\/ca\\\/#website\",\"url\":\"https:\\\/\\\/gemap.es\\\/ca\\\/\",\"name\":\"Gemap\",\"description\":\"By your side\",\"publisher\":{\"@id\":\"https:\\\/\\\/gemap.es\\\/ca\\\/#organization\"},\"potentialAction\":[{\"@type\":\"SearchAction\",\"target\":{\"@type\":\"EntryPoint\",\"urlTemplate\":\"https:\\\/\\\/gemap.es\\\/ca\\\/?s={search_term_string}\"},\"query-input\":{\"@type\":\"PropertyValueSpecification\",\"valueRequired\":true,\"valueName\":\"search_term_string\"}}],\"inLanguage\":\"ca\"},{\"@type\":\"Organization\",\"@id\":\"https:\\\/\\\/gemap.es\\\/ca\\\/#organization\",\"name\":\"Gemap\",\"url\":\"https:\\\/\\\/gemap.es\\\/ca\\\/\",\"logo\":{\"@type\":\"ImageObject\",\"inLanguage\":\"ca\",\"@id\":\"https:\\\/\\\/gemap.es\\\/ca\\\/#\\\/schema\\\/logo\\\/image\\\/\",\"url\":\"https:\\\/\\\/gemap.es\\\/wp-content\\\/uploads\\\/2024\\\/11\\\/logo.svg\",\"contentUrl\":\"https:\\\/\\\/gemap.es\\\/wp-content\\\/uploads\\\/2024\\\/11\\\/logo.svg\",\"width\":340,\"height\":106,\"caption\":\"Gemap\"},\"image\":{\"@id\":\"https:\\\/\\\/gemap.es\\\/ca\\\/#\\\/schema\\\/logo\\\/image\\\/\"},\"sameAs\":[\"https:\\\/\\\/www.facebook.com\\\/gemap.ius\\\/\",\"https:\\\/\\\/x.com\\\/gemapius\",\"https:\\\/\\\/www.instagram.com\\\/gemap_asesoria\\\/\"]},{\"@type\":\"Person\",\"@id\":\"https:\\\/\\\/gemap.es\\\/ca\\\/#\\\/schema\\\/person\\\/488bf7c00c857d972c990318b7048431\",\"name\":\"Gemap\",\"image\":{\"@type\":\"ImageObject\",\"inLanguage\":\"ca\",\"@id\":\"https:\\\/\\\/secure.gravatar.com\\\/avatar\\\/880b2d735ee66ddf8c6e5f2e1a757b4b21b0814cea10dfaa193a4929cfce8057?s=96&d=mm&r=g\",\"url\":\"https:\\\/\\\/secure.gravatar.com\\\/avatar\\\/880b2d735ee66ddf8c6e5f2e1a757b4b21b0814cea10dfaa193a4929cfce8057?s=96&d=mm&r=g\",\"contentUrl\":\"https:\\\/\\\/secure.gravatar.com\\\/avatar\\\/880b2d735ee66ddf8c6e5f2e1a757b4b21b0814cea10dfaa193a4929cfce8057?s=96&d=mm&r=g\",\"caption\":\"Gemap\"},\"url\":\"https:\\\/\\\/gemap.es\\\/ca\\\/author\\\/gemap\\\/\"}]}<\/script>\n<!-- \/ Yoast SEO plugin. -->","yoast_head_json":{"title":"La justicia avala el dret a teletreballar per cuidar a un familiar dependent - Gemap","robots":{"index":"index","follow":"follow","max-snippet":"max-snippet:-1","max-image-preview":"max-image-preview:large","max-video-preview":"max-video-preview:-1"},"canonical":"https:\/\/gemap.es\/ca\/la-justicia-avala-el-dret-a-teletreballar-per-cuidar-a-un-familiar-dependent\/","og_locale":"ca_ES","og_type":"article","og_title":"La justicia avala el dret a teletreballar per cuidar a un familiar dependent - Gemap","og_description":"La just\u00edcia fa un pas m\u00e9s en la protecci\u00f3 de la conciliaci\u00f3 en rebutjar que una empresa obligui una empleada a tornar a la feina presencial quan no hi ha raons organitzatives acreditades. Se subratlla una cosa que de vegades s&#8217;oblida, que el teletreball no \u00e9s una concessi\u00f3 discrecional, sin\u00f3 una forma leg\u00edtima d&#8217;adaptar les [&hellip;]","og_url":"https:\/\/gemap.es\/ca\/la-justicia-avala-el-dret-a-teletreballar-per-cuidar-a-un-familiar-dependent\/","og_site_name":"Gemap","article_publisher":"https:\/\/www.facebook.com\/gemap.ius\/","article_published_time":"2025-10-27T10:17:51+00:00","article_modified_time":"2025-10-27T10:17:53+00:00","og_image":[{"width":810,"height":450,"url":"https:\/\/gemap.es\/wp-content\/uploads\/2025\/10\/pexels-photo-4049983-1760517634_1760693793cp.jpeg","type":"image\/jpeg"}],"author":"Gemap","twitter_card":"summary_large_image","twitter_creator":"@gemapius","twitter_site":"@gemapius","twitter_misc":{"Escrit per":"Gemap","Temps estimat de lectura":"3 minuts"},"schema":{"@context":"https:\/\/schema.org","@graph":[{"@type":"Article","@id":"https:\/\/gemap.es\/ca\/la-justicia-avala-el-dret-a-teletreballar-per-cuidar-a-un-familiar-dependent\/#article","isPartOf":{"@id":"https:\/\/gemap.es\/ca\/la-justicia-avala-el-dret-a-teletreballar-per-cuidar-a-un-familiar-dependent\/"},"author":{"name":"Gemap","@id":"https:\/\/gemap.es\/ca\/#\/schema\/person\/488bf7c00c857d972c990318b7048431"},"headline":"La justicia avala el dret a teletreballar per cuidar a un familiar dependent","datePublished":"2025-10-27T10:17:51+00:00","dateModified":"2025-10-27T10:17:53+00:00","mainEntityOfPage":{"@id":"https:\/\/gemap.es\/ca\/la-justicia-avala-el-dret-a-teletreballar-per-cuidar-a-un-familiar-dependent\/"},"wordCount":603,"publisher":{"@id":"https:\/\/gemap.es\/ca\/#organization"},"image":{"@id":"https:\/\/gemap.es\/ca\/la-justicia-avala-el-dret-a-teletreballar-per-cuidar-a-un-familiar-dependent\/#primaryimage"},"thumbnailUrl":"https:\/\/gemap.es\/wp-content\/uploads\/2025\/10\/pexels-photo-4049983-1760517634_1760693793cp.jpeg","articleSection":["Actualitat","Empresas"],"inLanguage":"ca"},{"@type":"WebPage","@id":"https:\/\/gemap.es\/ca\/la-justicia-avala-el-dret-a-teletreballar-per-cuidar-a-un-familiar-dependent\/","url":"https:\/\/gemap.es\/ca\/la-justicia-avala-el-dret-a-teletreballar-per-cuidar-a-un-familiar-dependent\/","name":"La justicia avala el dret a teletreballar per cuidar a un familiar dependent - Gemap","isPartOf":{"@id":"https:\/\/gemap.es\/ca\/#website"},"primaryImageOfPage":{"@id":"https:\/\/gemap.es\/ca\/la-justicia-avala-el-dret-a-teletreballar-per-cuidar-a-un-familiar-dependent\/#primaryimage"},"image":{"@id":"https:\/\/gemap.es\/ca\/la-justicia-avala-el-dret-a-teletreballar-per-cuidar-a-un-familiar-dependent\/#primaryimage"},"thumbnailUrl":"https:\/\/gemap.es\/wp-content\/uploads\/2025\/10\/pexels-photo-4049983-1760517634_1760693793cp.jpeg","datePublished":"2025-10-27T10:17:51+00:00","dateModified":"2025-10-27T10:17:53+00:00","breadcrumb":{"@id":"https:\/\/gemap.es\/ca\/la-justicia-avala-el-dret-a-teletreballar-per-cuidar-a-un-familiar-dependent\/#breadcrumb"},"inLanguage":"ca","potentialAction":[{"@type":"ReadAction","target":["https:\/\/gemap.es\/ca\/la-justicia-avala-el-dret-a-teletreballar-per-cuidar-a-un-familiar-dependent\/"]}]},{"@type":"ImageObject","inLanguage":"ca","@id":"https:\/\/gemap.es\/ca\/la-justicia-avala-el-dret-a-teletreballar-per-cuidar-a-un-familiar-dependent\/#primaryimage","url":"https:\/\/gemap.es\/wp-content\/uploads\/2025\/10\/pexels-photo-4049983-1760517634_1760693793cp.jpeg","contentUrl":"https:\/\/gemap.es\/wp-content\/uploads\/2025\/10\/pexels-photo-4049983-1760517634_1760693793cp.jpeg","width":810,"height":450,"caption":"teletrabajar para cuidar a un familiar dependiente"},{"@type":"BreadcrumbList","@id":"https:\/\/gemap.es\/ca\/la-justicia-avala-el-dret-a-teletreballar-per-cuidar-a-un-familiar-dependent\/#breadcrumb","itemListElement":[{"@type":"ListItem","position":1,"name":"Portada","item":"https:\/\/gemap.es\/ca\/home\/"},{"@type":"ListItem","position":2,"name":"La justicia avala el dret a teletreballar per cuidar a un familiar dependent"}]},{"@type":"WebSite","@id":"https:\/\/gemap.es\/ca\/#website","url":"https:\/\/gemap.es\/ca\/","name":"Gemap","description":"By your side","publisher":{"@id":"https:\/\/gemap.es\/ca\/#organization"},"potentialAction":[{"@type":"SearchAction","target":{"@type":"EntryPoint","urlTemplate":"https:\/\/gemap.es\/ca\/?s={search_term_string}"},"query-input":{"@type":"PropertyValueSpecification","valueRequired":true,"valueName":"search_term_string"}}],"inLanguage":"ca"},{"@type":"Organization","@id":"https:\/\/gemap.es\/ca\/#organization","name":"Gemap","url":"https:\/\/gemap.es\/ca\/","logo":{"@type":"ImageObject","inLanguage":"ca","@id":"https:\/\/gemap.es\/ca\/#\/schema\/logo\/image\/","url":"https:\/\/gemap.es\/wp-content\/uploads\/2024\/11\/logo.svg","contentUrl":"https:\/\/gemap.es\/wp-content\/uploads\/2024\/11\/logo.svg","width":340,"height":106,"caption":"Gemap"},"image":{"@id":"https:\/\/gemap.es\/ca\/#\/schema\/logo\/image\/"},"sameAs":["https:\/\/www.facebook.com\/gemap.ius\/","https:\/\/x.com\/gemapius","https:\/\/www.instagram.com\/gemap_asesoria\/"]},{"@type":"Person","@id":"https:\/\/gemap.es\/ca\/#\/schema\/person\/488bf7c00c857d972c990318b7048431","name":"Gemap","image":{"@type":"ImageObject","inLanguage":"ca","@id":"https:\/\/secure.gravatar.com\/avatar\/880b2d735ee66ddf8c6e5f2e1a757b4b21b0814cea10dfaa193a4929cfce8057?s=96&d=mm&r=g","url":"https:\/\/secure.gravatar.com\/avatar\/880b2d735ee66ddf8c6e5f2e1a757b4b21b0814cea10dfaa193a4929cfce8057?s=96&d=mm&r=g","contentUrl":"https:\/\/secure.gravatar.com\/avatar\/880b2d735ee66ddf8c6e5f2e1a757b4b21b0814cea10dfaa193a4929cfce8057?s=96&d=mm&r=g","caption":"Gemap"},"url":"https:\/\/gemap.es\/ca\/author\/gemap\/"}]}},"_links":{"self":[{"href":"https:\/\/gemap.es\/ca\/wp-json\/wp\/v2\/posts\/5904","targetHints":{"allow":["GET"]}}],"collection":[{"href":"https:\/\/gemap.es\/ca\/wp-json\/wp\/v2\/posts"}],"about":[{"href":"https:\/\/gemap.es\/ca\/wp-json\/wp\/v2\/types\/post"}],"author":[{"embeddable":true,"href":"https:\/\/gemap.es\/ca\/wp-json\/wp\/v2\/users\/3"}],"replies":[{"embeddable":true,"href":"https:\/\/gemap.es\/ca\/wp-json\/wp\/v2\/comments?post=5904"}],"version-history":[{"count":1,"href":"https:\/\/gemap.es\/ca\/wp-json\/wp\/v2\/posts\/5904\/revisions"}],"predecessor-version":[{"id":5905,"href":"https:\/\/gemap.es\/ca\/wp-json\/wp\/v2\/posts\/5904\/revisions\/5905"}],"wp:featuredmedia":[{"embeddable":true,"href":"https:\/\/gemap.es\/ca\/wp-json\/wp\/v2\/media\/5901"}],"wp:attachment":[{"href":"https:\/\/gemap.es\/ca\/wp-json\/wp\/v2\/media?parent=5904"}],"wp:term":[{"taxonomy":"category","embeddable":true,"href":"https:\/\/gemap.es\/ca\/wp-json\/wp\/v2\/categories?post=5904"},{"taxonomy":"post_tag","embeddable":true,"href":"https:\/\/gemap.es\/ca\/wp-json\/wp\/v2\/tags?post=5904"}],"curies":[{"name":"wp","href":"https:\/\/api.w.org\/{rel}","templated":true}]}}