{"id":5111,"date":"2025-05-07T09:33:30","date_gmt":"2025-05-07T09:33:30","guid":{"rendered":"https:\/\/gemap.es\/?p=5111"},"modified":"2025-05-07T09:33:31","modified_gmt":"2025-05-07T09:33:31","slug":"proteccio-social-i-cotitzacions-aixo-es-el-que-la-seguretat-social-no-explica-clarament","status":"publish","type":"post","link":"https:\/\/gemap.es\/ca\/proteccio-social-i-cotitzacions-aixo-es-el-que-la-seguretat-social-no-explica-clarament\/","title":{"rendered":"Protecci\u00f3 social i cotitzacions. Aix\u00f2 \u00e9s el que la Seguretat Social no explica clarament"},"content":{"rendered":"\n<p>Treballes per a m\u00e9s d&#8217;una empresa o combines feina i negoci?<\/p>\n\n\n\n<p>Cada vegada m\u00e9s persones combinen feines o barregen feina amb emprenedoria. P<strong>er\u00f2 el que pocs saben \u00e9s com influeix aix\u00f2 en la protecci\u00f3 social, en les cotitzacions i en la pensi\u00f3.<\/strong><\/p>\n\n\n\n<p>Vivim temps en qu\u00e8 diversificar ingressos ha deixat de ser una opci\u00f3 per esdevenir una necessitat. Tot i aix\u00f2, el que molts no saben \u00e9s que el fet de treballar en m\u00e9s d&#8217;un lloc -ja sigui com a assalariat, aut\u00f2nom o tots dos- no nom\u00e9s t\u00e9 implicacions fiscals, sin\u00f3 profundes conseq\u00fc\u00e8ncies en la cotitzaci\u00f3, la pensi\u00f3, les prestacions i fins i tot en com i quan pots emmalaltir sense perdre drets.<\/p>\n\n\n\n<h2 class=\"wp-block-heading\"><strong>Pluriocupaci\u00f3 i pluriactivitat: conceptes similars, conseq\u00fc\u00e8ncies molt diferents<\/strong><\/h2>\n\n\n\n<p><br>Primer, conv\u00e9 distingir dues situacions que a la pr\u00e0ctica solen confondre&#8217;s per\u00f2 que la Seguretat Social tracta de forma oposada:<\/p>\n\n\n\n<ul class=\"wp-block-list\">\n<li><strong>Pluriocupaci\u00f3:<\/strong> Ets treballador per compte ali\u00e8 en dues o m\u00e9s empreses, per\u00f2 tot dins del mateix r\u00e8gim, normalment el General. Aqu\u00ed, tot es computa de manera conjunta.<\/li>\n\n\n\n<li><strong>Pluriactivitat:<\/strong> Combines treball per compte d&#8217;altri i treball aut\u00f2nom. Aqu\u00ed cotitzes en r\u00e8gims diferents (RETA i General), amb obligacions duplicades\u2026 i de vegades, drets per duplicat.<\/li>\n<\/ul>\n\n\n\n<h3 class=\"wp-block-heading\">Accidents i baixes: quan el cos es trenca, qui paga qu\u00e8?<\/h3>\n\n\n\n<p><br>En cas d&#8217;accident de treball o malaltia professional, si est\u00e0s en pluriocupaci\u00f3, el m\u00e9s freq\u00fcent \u00e9s que caiguis de baixa en tots els teus llocs de treball, llevat que m\u00e8dicament es consideri que encara en pots continuar exercint algun. I atenci\u00f3: l&#8217;empresa on no va passar l&#8217;accident tamb\u00e9 ha d&#8217;actuar, indicant la situaci\u00f3 de pluriocupaci\u00f3 als comunicats.<\/p>\n\n\n\n<p>En pluriactivitat, per\u00f2, el tractament es pot fragmentar: pots estar de baixa a la teva feina per compte d&#8217;altri per\u00f2 seguir amb la teva activitat aut\u00f2noma si no hi ha incompatibilitat f\u00edsica, oa l&#8217;inrev\u00e9s. Aqu\u00ed \u00e9s fonamental quina conting\u00e8ncia cobreix cada r\u00e8gim i si cotitzes per elles.<\/p>\n\n\n\n<h2 class=\"wp-block-heading\">Cotitzar m\u00e9s no vol dir cotitzar millor<br><\/h2>\n\n\n\n<p>Un dels errors m\u00e9s estesos \u00e9s creure que en treballar en diversos llocs o tenir activitat dual es cotitza m\u00e9s i, per tant, s&#8217;obtindran m\u00e9s prestacions. Greu error.<\/p>\n\n\n\n<p>Hi ha un <strong>l\u00edmit m\u00e0xim de cotitzaci\u00f3 mensual<\/strong> (4.909,50\u20ac el 2025). Si els teus ingressos superen aquest l\u00edmit, la TGSS redistribuir\u00e0 autom\u00e0ticament les bases entre les teves empreses, generant de vegades un estalvi empresarial\u2026 per\u00f2 cap benefici afegit per a tu.<\/p>\n\n\n\n<p>A m\u00e9s, si est\u00e0s en pluriactivitat i cotitzes per conting\u00e8ncies comunes en ambd\u00f3s r\u00e8gims, fins i tot pots recuperar part de l&#8217;exc\u00e9s de cotitzaci\u00f3 (fins al 50% del que s&#8217;ha abonat a RETA), sempre que superis el llindar de 16.672,66\u20ac. Aix\u00f2 s\u00ed: no esperis l?ingr\u00e9s amb rapidesa. La devoluci\u00f3 pot trigar mesos.<\/p>\n\n\n\n<h3 class=\"wp-block-heading\">I la jubilaci\u00f3? Em toquen dues pensions? Dep\u00e8n\u2026<br><\/h3>\n\n\n\n<p>Si has treballat molts anys en pluriactivitat i has cotitzat com a m\u00ednim 15 anys en tots dos r\u00e8gims, pots tenir dret a dues pensions independents. Per\u00f2 si no arribes a aquest m\u00ednim en algun, la Seguretat Social acumular\u00e0 les bases (fins al l\u00edmit perm\u00e8s) i calcular\u00e0 una sola pensi\u00f3.<\/p>\n\n\n\n<p>En pluriocupaci\u00f3, en canvi, no hi ha opci\u00f3 a doble pensi\u00f3: tot se suma i es calcula com a \u00fanic treballador.<\/p>\n\n\n\n<h2 class=\"wp-block-heading\">Bonificacions, compatibilitats i l\u00edmits legals<br><\/h2>\n\n\n\n<p>Si comences com a aut\u00f2nom i mantens la teva feina assalariada, pots optar per interessants bonificacions per pluriactivitat: reduccions del 50% o 25% a la base m\u00ednima de cotitzaci\u00f3, segons la teva jornada laboral assalariada. Per\u00f2 atenci\u00f3: aquests ajuts s\u00f3n incompatibles amb la tarifa plana.<\/p>\n\n\n\n<p>Tamb\u00e9 has d&#8217;anar amb compte amb les cl\u00e0usules d&#8217;exclusivitat o de dedicaci\u00f3 plena que hagis signat. Incomplir-les -encara que sigui per treballar durant les vacances- podria justificar un acomiadament disciplinari. I, per descomptat, no has de generar compet\u00e8ncia deslleial entre ocupadors.<\/p>\n\n\n\n<h2 class=\"wp-block-heading\">I l&#8217;atur?<br><\/h2>\n\n\n\n<p>En pluriocupaci\u00f3, si perds una de les teves feines, podries tenir dret a la desocupaci\u00f3 si la que conserves est\u00e0 a jornada parcial. Per\u00f2 en pluriactivitat, si segueixes com a aut\u00f2nom despr\u00e9s de perdre la feina assalariada, no podr\u00e0s cobrar l&#8217;atur. La Seguretat Social ho considera activitat en marxa. I al rev\u00e9s: si deixes de ser aut\u00f2nom per\u00f2 segueixes com a assalariat, nom\u00e9s podries cobrar el cessament d&#8217;activitat si vas complir tots els requisits previs, entre ells, haver cotitzat per aquesta cobertura.<\/p>\n\n\n\n<p><em>El treballador m\u00faltiple, ja sigui pluriempleat o pluriactiu, es mou en una l\u00ednia prima que barreja oportunitats amb riscos. Comprendre les conseq\u00fc\u00e8ncies reals de cada decisi\u00f3 laboral \u00e9s, avui m\u00e9s que mai, essencial per protegir-se, planificar a llarg termini i evitar sorpreses fiscals o prestacionals.<\/em><\/p>\n\n\n\n<p>Poseu-vos en <a href=\"http:\/\/www.gemap.cat\/contacte\">contacte<\/a> amb aquest despatx professional per a qualsevol dubte o aclariment que pugueu tenir sobre aix\u00f2.<\/p>\n","protected":false},"excerpt":{"rendered":"<p>Treballes per a m\u00e9s d&#8217;una empresa o combines feina i negoci? Cada vegada m\u00e9s persones combinen feines o barregen feina amb emprenedoria. Per\u00f2 el que pocs saben \u00e9s com influeix aix\u00f2 en la protecci\u00f3 social, en les cotitzacions i en la pensi\u00f3. Vivim temps en qu\u00e8 diversificar ingressos ha deixat de ser una opci\u00f3 per [&hellip;]<\/p>\n","protected":false},"author":3,"featured_media":5107,"comment_status":"closed","ping_status":"open","sticky":false,"template":"","format":"standard","meta":{"_acf_changed":false,"footnotes":""},"categories":[65,36],"tags":[],"class_list":["post-5111","post","type-post","status-publish","format-standard","has-post-thumbnail","hentry","category-actualitat","category-comunicats"],"acf":[],"yoast_head":"<!-- This site is optimized with the Yoast SEO plugin v27.4 - https:\/\/yoast.com\/product\/yoast-seo-wordpress\/ -->\n<title>Protecci\u00f3 social i cotitzacions. Aix\u00f2 \u00e9s el que la Seguretat Social no explica clarament - Gemap<\/title>\n<meta name=\"robots\" content=\"index, follow, max-snippet:-1, max-image-preview:large, max-video-preview:-1\" \/>\n<link rel=\"canonical\" href=\"https:\/\/gemap.es\/ca\/proteccio-social-i-cotitzacions-aixo-es-el-que-la-seguretat-social-no-explica-clarament\/\" \/>\n<meta property=\"og:locale\" content=\"ca_ES\" \/>\n<meta property=\"og:type\" content=\"article\" \/>\n<meta property=\"og:title\" content=\"Protecci\u00f3 social i cotitzacions. Aix\u00f2 \u00e9s el que la Seguretat Social no explica clarament - Gemap\" \/>\n<meta property=\"og:description\" content=\"Treballes per a m\u00e9s d&#8217;una empresa o combines feina i negoci? Cada vegada m\u00e9s persones combinen feines o barregen feina amb emprenedoria. Per\u00f2 el que pocs saben \u00e9s com influeix aix\u00f2 en la protecci\u00f3 social, en les cotitzacions i en la pensi\u00f3. Vivim temps en qu\u00e8 diversificar ingressos ha deixat de ser una opci\u00f3 per [&hellip;]\" \/>\n<meta property=\"og:url\" content=\"https:\/\/gemap.es\/ca\/proteccio-social-i-cotitzacions-aixo-es-el-que-la-seguretat-social-no-explica-clarament\/\" \/>\n<meta property=\"og:site_name\" content=\"Gemap\" \/>\n<meta property=\"article:publisher\" content=\"https:\/\/www.facebook.com\/gemap.ius\/\" \/>\n<meta property=\"article:published_time\" content=\"2025-05-07T09:33:30+00:00\" \/>\n<meta property=\"article:modified_time\" content=\"2025-05-07T09:33:31+00:00\" \/>\n<meta property=\"og:image\" content=\"https:\/\/gemap.es\/wp-content\/uploads\/2025\/05\/pexels-photo-3807755-1746000766_1746172328cp.jpeg\" \/>\n\t<meta property=\"og:image:width\" content=\"810\" \/>\n\t<meta property=\"og:image:height\" content=\"450\" \/>\n\t<meta property=\"og:image:type\" content=\"image\/jpeg\" \/>\n<meta name=\"author\" content=\"Gemap\" \/>\n<meta name=\"twitter:card\" content=\"summary_large_image\" \/>\n<meta name=\"twitter:creator\" content=\"@gemapius\" \/>\n<meta name=\"twitter:site\" content=\"@gemapius\" \/>\n<meta name=\"twitter:label1\" content=\"Escrit per\" \/>\n\t<meta name=\"twitter:data1\" content=\"Gemap\" \/>\n\t<meta name=\"twitter:label2\" content=\"Temps estimat de lectura\" \/>\n\t<meta name=\"twitter:data2\" content=\"4 minuts\" \/>\n<script type=\"application\/ld+json\" class=\"yoast-schema-graph\">{\"@context\":\"https:\\\/\\\/schema.org\",\"@graph\":[{\"@type\":\"Article\",\"@id\":\"https:\\\/\\\/gemap.es\\\/ca\\\/proteccio-social-i-cotitzacions-aixo-es-el-que-la-seguretat-social-no-explica-clarament\\\/#article\",\"isPartOf\":{\"@id\":\"https:\\\/\\\/gemap.es\\\/ca\\\/proteccio-social-i-cotitzacions-aixo-es-el-que-la-seguretat-social-no-explica-clarament\\\/\"},\"author\":{\"name\":\"Gemap\",\"@id\":\"https:\\\/\\\/gemap.es\\\/ca\\\/#\\\/schema\\\/person\\\/488bf7c00c857d972c990318b7048431\"},\"headline\":\"Protecci\u00f3 social i cotitzacions. Aix\u00f2 \u00e9s el que la Seguretat Social no explica clarament\",\"datePublished\":\"2025-05-07T09:33:30+00:00\",\"dateModified\":\"2025-05-07T09:33:31+00:00\",\"mainEntityOfPage\":{\"@id\":\"https:\\\/\\\/gemap.es\\\/ca\\\/proteccio-social-i-cotitzacions-aixo-es-el-que-la-seguretat-social-no-explica-clarament\\\/\"},\"wordCount\":838,\"publisher\":{\"@id\":\"https:\\\/\\\/gemap.es\\\/ca\\\/#organization\"},\"image\":{\"@id\":\"https:\\\/\\\/gemap.es\\\/ca\\\/proteccio-social-i-cotitzacions-aixo-es-el-que-la-seguretat-social-no-explica-clarament\\\/#primaryimage\"},\"thumbnailUrl\":\"https:\\\/\\\/gemap.es\\\/wp-content\\\/uploads\\\/2025\\\/05\\\/pexels-photo-3807755-1746000766_1746172328cp.jpeg\",\"articleSection\":[\"Actualitat\",\"Comunicats\"],\"inLanguage\":\"ca\"},{\"@type\":\"WebPage\",\"@id\":\"https:\\\/\\\/gemap.es\\\/ca\\\/proteccio-social-i-cotitzacions-aixo-es-el-que-la-seguretat-social-no-explica-clarament\\\/\",\"url\":\"https:\\\/\\\/gemap.es\\\/ca\\\/proteccio-social-i-cotitzacions-aixo-es-el-que-la-seguretat-social-no-explica-clarament\\\/\",\"name\":\"Protecci\u00f3 social i cotitzacions. Aix\u00f2 \u00e9s el que la Seguretat Social no explica clarament - Gemap\",\"isPartOf\":{\"@id\":\"https:\\\/\\\/gemap.es\\\/ca\\\/#website\"},\"primaryImageOfPage\":{\"@id\":\"https:\\\/\\\/gemap.es\\\/ca\\\/proteccio-social-i-cotitzacions-aixo-es-el-que-la-seguretat-social-no-explica-clarament\\\/#primaryimage\"},\"image\":{\"@id\":\"https:\\\/\\\/gemap.es\\\/ca\\\/proteccio-social-i-cotitzacions-aixo-es-el-que-la-seguretat-social-no-explica-clarament\\\/#primaryimage\"},\"thumbnailUrl\":\"https:\\\/\\\/gemap.es\\\/wp-content\\\/uploads\\\/2025\\\/05\\\/pexels-photo-3807755-1746000766_1746172328cp.jpeg\",\"datePublished\":\"2025-05-07T09:33:30+00:00\",\"dateModified\":\"2025-05-07T09:33:31+00:00\",\"breadcrumb\":{\"@id\":\"https:\\\/\\\/gemap.es\\\/ca\\\/proteccio-social-i-cotitzacions-aixo-es-el-que-la-seguretat-social-no-explica-clarament\\\/#breadcrumb\"},\"inLanguage\":\"ca\",\"potentialAction\":[{\"@type\":\"ReadAction\",\"target\":[\"https:\\\/\\\/gemap.es\\\/ca\\\/proteccio-social-i-cotitzacions-aixo-es-el-que-la-seguretat-social-no-explica-clarament\\\/\"]}]},{\"@type\":\"ImageObject\",\"inLanguage\":\"ca\",\"@id\":\"https:\\\/\\\/gemap.es\\\/ca\\\/proteccio-social-i-cotitzacions-aixo-es-el-que-la-seguretat-social-no-explica-clarament\\\/#primaryimage\",\"url\":\"https:\\\/\\\/gemap.es\\\/wp-content\\\/uploads\\\/2025\\\/05\\\/pexels-photo-3807755-1746000766_1746172328cp.jpeg\",\"contentUrl\":\"https:\\\/\\\/gemap.es\\\/wp-content\\\/uploads\\\/2025\\\/05\\\/pexels-photo-3807755-1746000766_1746172328cp.jpeg\",\"width\":810,\"height\":450,\"caption\":\"Protecci\u00f3n social y cotizaciones\"},{\"@type\":\"BreadcrumbList\",\"@id\":\"https:\\\/\\\/gemap.es\\\/ca\\\/proteccio-social-i-cotitzacions-aixo-es-el-que-la-seguretat-social-no-explica-clarament\\\/#breadcrumb\",\"itemListElement\":[{\"@type\":\"ListItem\",\"position\":1,\"name\":\"Portada\",\"item\":\"https:\\\/\\\/gemap.es\\\/ca\\\/home\\\/\"},{\"@type\":\"ListItem\",\"position\":2,\"name\":\"Protecci\u00f3 social i cotitzacions. Aix\u00f2 \u00e9s el que la Seguretat Social no explica clarament\"}]},{\"@type\":\"WebSite\",\"@id\":\"https:\\\/\\\/gemap.es\\\/ca\\\/#website\",\"url\":\"https:\\\/\\\/gemap.es\\\/ca\\\/\",\"name\":\"Gemap\",\"description\":\"By your side\",\"publisher\":{\"@id\":\"https:\\\/\\\/gemap.es\\\/ca\\\/#organization\"},\"potentialAction\":[{\"@type\":\"SearchAction\",\"target\":{\"@type\":\"EntryPoint\",\"urlTemplate\":\"https:\\\/\\\/gemap.es\\\/ca\\\/?s={search_term_string}\"},\"query-input\":{\"@type\":\"PropertyValueSpecification\",\"valueRequired\":true,\"valueName\":\"search_term_string\"}}],\"inLanguage\":\"ca\"},{\"@type\":\"Organization\",\"@id\":\"https:\\\/\\\/gemap.es\\\/ca\\\/#organization\",\"name\":\"Gemap\",\"url\":\"https:\\\/\\\/gemap.es\\\/ca\\\/\",\"logo\":{\"@type\":\"ImageObject\",\"inLanguage\":\"ca\",\"@id\":\"https:\\\/\\\/gemap.es\\\/ca\\\/#\\\/schema\\\/logo\\\/image\\\/\",\"url\":\"https:\\\/\\\/gemap.es\\\/wp-content\\\/uploads\\\/2024\\\/11\\\/logo.svg\",\"contentUrl\":\"https:\\\/\\\/gemap.es\\\/wp-content\\\/uploads\\\/2024\\\/11\\\/logo.svg\",\"width\":340,\"height\":106,\"caption\":\"Gemap\"},\"image\":{\"@id\":\"https:\\\/\\\/gemap.es\\\/ca\\\/#\\\/schema\\\/logo\\\/image\\\/\"},\"sameAs\":[\"https:\\\/\\\/www.facebook.com\\\/gemap.ius\\\/\",\"https:\\\/\\\/x.com\\\/gemapius\",\"https:\\\/\\\/www.instagram.com\\\/gemap_asesoria\\\/\"]},{\"@type\":\"Person\",\"@id\":\"https:\\\/\\\/gemap.es\\\/ca\\\/#\\\/schema\\\/person\\\/488bf7c00c857d972c990318b7048431\",\"name\":\"Gemap\",\"image\":{\"@type\":\"ImageObject\",\"inLanguage\":\"ca\",\"@id\":\"https:\\\/\\\/secure.gravatar.com\\\/avatar\\\/880b2d735ee66ddf8c6e5f2e1a757b4b21b0814cea10dfaa193a4929cfce8057?s=96&d=mm&r=g\",\"url\":\"https:\\\/\\\/secure.gravatar.com\\\/avatar\\\/880b2d735ee66ddf8c6e5f2e1a757b4b21b0814cea10dfaa193a4929cfce8057?s=96&d=mm&r=g\",\"contentUrl\":\"https:\\\/\\\/secure.gravatar.com\\\/avatar\\\/880b2d735ee66ddf8c6e5f2e1a757b4b21b0814cea10dfaa193a4929cfce8057?s=96&d=mm&r=g\",\"caption\":\"Gemap\"},\"url\":\"https:\\\/\\\/gemap.es\\\/ca\\\/author\\\/gemap\\\/\"}]}<\/script>\n<!-- \/ Yoast SEO plugin. -->","yoast_head_json":{"title":"Protecci\u00f3 social i cotitzacions. Aix\u00f2 \u00e9s el que la Seguretat Social no explica clarament - Gemap","robots":{"index":"index","follow":"follow","max-snippet":"max-snippet:-1","max-image-preview":"max-image-preview:large","max-video-preview":"max-video-preview:-1"},"canonical":"https:\/\/gemap.es\/ca\/proteccio-social-i-cotitzacions-aixo-es-el-que-la-seguretat-social-no-explica-clarament\/","og_locale":"ca_ES","og_type":"article","og_title":"Protecci\u00f3 social i cotitzacions. Aix\u00f2 \u00e9s el que la Seguretat Social no explica clarament - Gemap","og_description":"Treballes per a m\u00e9s d&#8217;una empresa o combines feina i negoci? Cada vegada m\u00e9s persones combinen feines o barregen feina amb emprenedoria. Per\u00f2 el que pocs saben \u00e9s com influeix aix\u00f2 en la protecci\u00f3 social, en les cotitzacions i en la pensi\u00f3. Vivim temps en qu\u00e8 diversificar ingressos ha deixat de ser una opci\u00f3 per [&hellip;]","og_url":"https:\/\/gemap.es\/ca\/proteccio-social-i-cotitzacions-aixo-es-el-que-la-seguretat-social-no-explica-clarament\/","og_site_name":"Gemap","article_publisher":"https:\/\/www.facebook.com\/gemap.ius\/","article_published_time":"2025-05-07T09:33:30+00:00","article_modified_time":"2025-05-07T09:33:31+00:00","og_image":[{"width":810,"height":450,"url":"https:\/\/gemap.es\/wp-content\/uploads\/2025\/05\/pexels-photo-3807755-1746000766_1746172328cp.jpeg","type":"image\/jpeg"}],"author":"Gemap","twitter_card":"summary_large_image","twitter_creator":"@gemapius","twitter_site":"@gemapius","twitter_misc":{"Escrit per":"Gemap","Temps estimat de lectura":"4 minuts"},"schema":{"@context":"https:\/\/schema.org","@graph":[{"@type":"Article","@id":"https:\/\/gemap.es\/ca\/proteccio-social-i-cotitzacions-aixo-es-el-que-la-seguretat-social-no-explica-clarament\/#article","isPartOf":{"@id":"https:\/\/gemap.es\/ca\/proteccio-social-i-cotitzacions-aixo-es-el-que-la-seguretat-social-no-explica-clarament\/"},"author":{"name":"Gemap","@id":"https:\/\/gemap.es\/ca\/#\/schema\/person\/488bf7c00c857d972c990318b7048431"},"headline":"Protecci\u00f3 social i cotitzacions. Aix\u00f2 \u00e9s el que la Seguretat Social no explica clarament","datePublished":"2025-05-07T09:33:30+00:00","dateModified":"2025-05-07T09:33:31+00:00","mainEntityOfPage":{"@id":"https:\/\/gemap.es\/ca\/proteccio-social-i-cotitzacions-aixo-es-el-que-la-seguretat-social-no-explica-clarament\/"},"wordCount":838,"publisher":{"@id":"https:\/\/gemap.es\/ca\/#organization"},"image":{"@id":"https:\/\/gemap.es\/ca\/proteccio-social-i-cotitzacions-aixo-es-el-que-la-seguretat-social-no-explica-clarament\/#primaryimage"},"thumbnailUrl":"https:\/\/gemap.es\/wp-content\/uploads\/2025\/05\/pexels-photo-3807755-1746000766_1746172328cp.jpeg","articleSection":["Actualitat","Comunicats"],"inLanguage":"ca"},{"@type":"WebPage","@id":"https:\/\/gemap.es\/ca\/proteccio-social-i-cotitzacions-aixo-es-el-que-la-seguretat-social-no-explica-clarament\/","url":"https:\/\/gemap.es\/ca\/proteccio-social-i-cotitzacions-aixo-es-el-que-la-seguretat-social-no-explica-clarament\/","name":"Protecci\u00f3 social i cotitzacions. Aix\u00f2 \u00e9s el que la Seguretat Social no explica clarament - Gemap","isPartOf":{"@id":"https:\/\/gemap.es\/ca\/#website"},"primaryImageOfPage":{"@id":"https:\/\/gemap.es\/ca\/proteccio-social-i-cotitzacions-aixo-es-el-que-la-seguretat-social-no-explica-clarament\/#primaryimage"},"image":{"@id":"https:\/\/gemap.es\/ca\/proteccio-social-i-cotitzacions-aixo-es-el-que-la-seguretat-social-no-explica-clarament\/#primaryimage"},"thumbnailUrl":"https:\/\/gemap.es\/wp-content\/uploads\/2025\/05\/pexels-photo-3807755-1746000766_1746172328cp.jpeg","datePublished":"2025-05-07T09:33:30+00:00","dateModified":"2025-05-07T09:33:31+00:00","breadcrumb":{"@id":"https:\/\/gemap.es\/ca\/proteccio-social-i-cotitzacions-aixo-es-el-que-la-seguretat-social-no-explica-clarament\/#breadcrumb"},"inLanguage":"ca","potentialAction":[{"@type":"ReadAction","target":["https:\/\/gemap.es\/ca\/proteccio-social-i-cotitzacions-aixo-es-el-que-la-seguretat-social-no-explica-clarament\/"]}]},{"@type":"ImageObject","inLanguage":"ca","@id":"https:\/\/gemap.es\/ca\/proteccio-social-i-cotitzacions-aixo-es-el-que-la-seguretat-social-no-explica-clarament\/#primaryimage","url":"https:\/\/gemap.es\/wp-content\/uploads\/2025\/05\/pexels-photo-3807755-1746000766_1746172328cp.jpeg","contentUrl":"https:\/\/gemap.es\/wp-content\/uploads\/2025\/05\/pexels-photo-3807755-1746000766_1746172328cp.jpeg","width":810,"height":450,"caption":"Protecci\u00f3n social y cotizaciones"},{"@type":"BreadcrumbList","@id":"https:\/\/gemap.es\/ca\/proteccio-social-i-cotitzacions-aixo-es-el-que-la-seguretat-social-no-explica-clarament\/#breadcrumb","itemListElement":[{"@type":"ListItem","position":1,"name":"Portada","item":"https:\/\/gemap.es\/ca\/home\/"},{"@type":"ListItem","position":2,"name":"Protecci\u00f3 social i cotitzacions. Aix\u00f2 \u00e9s el que la Seguretat Social no explica clarament"}]},{"@type":"WebSite","@id":"https:\/\/gemap.es\/ca\/#website","url":"https:\/\/gemap.es\/ca\/","name":"Gemap","description":"By your side","publisher":{"@id":"https:\/\/gemap.es\/ca\/#organization"},"potentialAction":[{"@type":"SearchAction","target":{"@type":"EntryPoint","urlTemplate":"https:\/\/gemap.es\/ca\/?s={search_term_string}"},"query-input":{"@type":"PropertyValueSpecification","valueRequired":true,"valueName":"search_term_string"}}],"inLanguage":"ca"},{"@type":"Organization","@id":"https:\/\/gemap.es\/ca\/#organization","name":"Gemap","url":"https:\/\/gemap.es\/ca\/","logo":{"@type":"ImageObject","inLanguage":"ca","@id":"https:\/\/gemap.es\/ca\/#\/schema\/logo\/image\/","url":"https:\/\/gemap.es\/wp-content\/uploads\/2024\/11\/logo.svg","contentUrl":"https:\/\/gemap.es\/wp-content\/uploads\/2024\/11\/logo.svg","width":340,"height":106,"caption":"Gemap"},"image":{"@id":"https:\/\/gemap.es\/ca\/#\/schema\/logo\/image\/"},"sameAs":["https:\/\/www.facebook.com\/gemap.ius\/","https:\/\/x.com\/gemapius","https:\/\/www.instagram.com\/gemap_asesoria\/"]},{"@type":"Person","@id":"https:\/\/gemap.es\/ca\/#\/schema\/person\/488bf7c00c857d972c990318b7048431","name":"Gemap","image":{"@type":"ImageObject","inLanguage":"ca","@id":"https:\/\/secure.gravatar.com\/avatar\/880b2d735ee66ddf8c6e5f2e1a757b4b21b0814cea10dfaa193a4929cfce8057?s=96&d=mm&r=g","url":"https:\/\/secure.gravatar.com\/avatar\/880b2d735ee66ddf8c6e5f2e1a757b4b21b0814cea10dfaa193a4929cfce8057?s=96&d=mm&r=g","contentUrl":"https:\/\/secure.gravatar.com\/avatar\/880b2d735ee66ddf8c6e5f2e1a757b4b21b0814cea10dfaa193a4929cfce8057?s=96&d=mm&r=g","caption":"Gemap"},"url":"https:\/\/gemap.es\/ca\/author\/gemap\/"}]}},"_links":{"self":[{"href":"https:\/\/gemap.es\/ca\/wp-json\/wp\/v2\/posts\/5111","targetHints":{"allow":["GET"]}}],"collection":[{"href":"https:\/\/gemap.es\/ca\/wp-json\/wp\/v2\/posts"}],"about":[{"href":"https:\/\/gemap.es\/ca\/wp-json\/wp\/v2\/types\/post"}],"author":[{"embeddable":true,"href":"https:\/\/gemap.es\/ca\/wp-json\/wp\/v2\/users\/3"}],"replies":[{"embeddable":true,"href":"https:\/\/gemap.es\/ca\/wp-json\/wp\/v2\/comments?post=5111"}],"version-history":[{"count":1,"href":"https:\/\/gemap.es\/ca\/wp-json\/wp\/v2\/posts\/5111\/revisions"}],"predecessor-version":[{"id":5112,"href":"https:\/\/gemap.es\/ca\/wp-json\/wp\/v2\/posts\/5111\/revisions\/5112"}],"wp:featuredmedia":[{"embeddable":true,"href":"https:\/\/gemap.es\/ca\/wp-json\/wp\/v2\/media\/5107"}],"wp:attachment":[{"href":"https:\/\/gemap.es\/ca\/wp-json\/wp\/v2\/media?parent=5111"}],"wp:term":[{"taxonomy":"category","embeddable":true,"href":"https:\/\/gemap.es\/ca\/wp-json\/wp\/v2\/categories?post=5111"},{"taxonomy":"post_tag","embeddable":true,"href":"https:\/\/gemap.es\/ca\/wp-json\/wp\/v2\/tags?post=5111"}],"curies":[{"name":"wp","href":"https:\/\/api.w.org\/{rel}","templated":true}]}}