{"id":5062,"date":"2025-04-03T08:51:51","date_gmt":"2025-04-03T08:51:51","guid":{"rendered":"https:\/\/gemap.es\/?p=5062"},"modified":"2025-04-03T08:51:51","modified_gmt":"2025-04-03T08:51:51","slug":"el-tribunal-suprem-reconeix-el-dret-al-plus-de-festius-a-treballadors-contractats-nomes-per-a-caps-de-setmana-i-festius","status":"publish","type":"post","link":"https:\/\/gemap.es\/ca\/el-tribunal-suprem-reconeix-el-dret-al-plus-de-festius-a-treballadors-contractats-nomes-per-a-caps-de-setmana-i-festius\/","title":{"rendered":"El Tribunal Suprem reconeix el dret al plus de festius a treballadors contractats nom\u00e9s per a caps de setmana i festius"},"content":{"rendered":"\n<p>Tribunal Suprem aclareix en una sent\u00e8ncia recent que <strong>els treballadors a temps parcial contractats exclusivament per prestar serveis en dissabtes, diumenges i festius tenen dret al plus de festius<\/strong> previst al conveni si no hi ha en la seva retribuci\u00f3 una compensaci\u00f3 espec\u00edfica i addicional que el substitueixi.<\/p>\n\n\n\n<p>El Tribunal Suprem ha dictat una sent\u00e8ncia (STS 165\/2025, de 4 de mar\u00e7) en qu\u00e8 reconeix el dret a percebre el plus de festius <strong>previst al conveni col\u00b7lectiu del sector de neteja d&#8217;edificis i locals de la Comunitat de Madrid a favor d&#8217;una treballadora contractada a temps parcial exclusivament per treballar els caps de setmana i festius.<\/strong><\/p>\n\n\n\n<p>Aquesta decisi\u00f3 revoca la sent\u00e8ncia del TSJ de Madrid del 26 d&#8217;abril del 2023, que havia confirmat la negativa empresarial a pagar aquest complement.<\/p>\n\n\n\n<p>L&#8217;article 29.4 del conveni col\u00b7lectiu estableix expressament que el plus de diumenges i festius s&#8217;aplica a tot el personal incl\u00f2s a l&#8217;\u00e0mbit del conveni, sense exclusi\u00f3 del personal contractat exclusivament per a aquests dies.<\/p>\n\n\n\n<p>El Suprem recorda que no es poden excloure aquests treballadors de la percepci\u00f3 del plus, llevat que el seu contracte contempli una compensaci\u00f3 espec\u00edfica i suficient que absorbeixi el gravamen m\u00e9s gran que suposa treballar sempre en dies festius.<\/p>\n\n\n\n<p>En cas enjudiciat, l&#8217;empresa no va acreditar cap condici\u00f3 retributiva addicional que justifiqu\u00e9s l&#8217;exclusi\u00f3 del plus.<\/p>\n\n\n\n<p>Es considera que negar el complement sense la compensaci\u00f3 esmentada vulnera el principi d&#8217;igualtat de tracte (art. 14 CE), en tant que es tracta d&#8217;una difer\u00e8ncia injustificada respecte dels treballadors que, prestant serveis en jornada ordin\u00e0ria, s\u00ed que el reben quan treballen festius de forma ocasional.<\/p>\n\n\n\n<p>Aquesta doctrina es recolza, a m\u00e9s, en jurisprud\u00e8ncia pr\u00e8via (STS 9\/06\/2009, Rec. 102\/2008), consolidant aix\u00ed un criteri uniforme i protector per a aquests treballadors.<\/p>\n\n\n\n<h2 class=\"wp-block-heading\">A qui afecta aquesta sent\u00e8ncia?<br><\/h2>\n\n\n\n<p>Principalment a:<\/p>\n\n\n\n<ul class=\"wp-block-list\">\n<li>Empreses que operen amb treballadors a temps parcial en caps de setmana i festius (neteja, vigil\u00e0ncia, hoteleria, comer\u00e7, assist\u00e8ncia, transport, etc.)<\/li>\n\n\n\n<li>Departaments de recursos humans que estructurin torns exclusivament en dies festius o caps de setmana<\/li>\n<\/ul>\n\n\n\n<h2 class=\"wp-block-heading\">Conseq\u00fc\u00e8ncies pr\u00e0ctiques<\/h2>\n\n\n\n<ul class=\"wp-block-list\">\n<li>No es pot denegar el plus de festius a aquests treballadors si perceben la mateixa retribuci\u00f3 per hora que la resta del personal de jornada ordin\u00e0ria.<\/li>\n\n\n\n<li>L&#8217;empresa ha d&#8217;acreditar una retribuci\u00f3 proporcionalment superior o un complement que en justifiqui l&#8217;exclusi\u00f3.<\/li>\n\n\n\n<li>L&#8217;abs\u00e8ncia d&#8217;aquesta difer\u00e8ncia implica el reconeixement del dret a percebre el plus amb efectes retroactius (segons all\u00f2 que s&#8217;ha reclamat en via judicial).<\/li>\n\n\n\n<li>Els convenis col\u00b7lectius s&#8217;han d&#8217;interpretar de manera no discriminat\u00f2ria, fins i tot quan estableixin difer\u00e8ncies si no estan objectivament justificades.<\/li>\n<\/ul>\n\n\n\n<h2 class=\"wp-block-heading\">Recomanaci\u00f3 per a empreses<br><\/h2>\n\n\n\n<p>Revisar els punts seg\u00fcents:<\/p>\n\n\n\n<ul class=\"wp-block-list\">\n<li>Contractes a temps parcial en caps de setmana\/festius.<\/li>\n\n\n\n<li>Taules salarials i estructura de complements.<\/li>\n\n\n\n<li>Possibles difer\u00e8ncies retributives justificades i documentades.<\/li>\n\n\n\n<li>Aplicaci\u00f3 del conveni col\u00b7lectiu en cada cas.<\/li>\n<\/ul>\n\n\n\n<p><a href=\"http:\/\/www.gemap.cat\/contacte\">Contacti<\/a> amb aquest despatx professional per a qualsevol dubte o aclariment que pugui tenir sobre aix\u00f2.<\/p>\n\n\n\n<p><\/p>\n","protected":false},"excerpt":{"rendered":"<p>Tribunal Suprem aclareix en una sent\u00e8ncia recent que els treballadors a temps parcial contractats exclusivament per prestar serveis en dissabtes, diumenges i festius tenen dret al plus de festius previst al conveni si no hi ha en la seva retribuci\u00f3 una compensaci\u00f3 espec\u00edfica i addicional que el substitueixi. El Tribunal Suprem ha dictat una sent\u00e8ncia [&hellip;]<\/p>\n","protected":false},"author":3,"featured_media":5059,"comment_status":"closed","ping_status":"open","sticky":false,"template":"","format":"standard","meta":{"_acf_changed":false,"footnotes":""},"categories":[65,38],"tags":[],"class_list":["post-5062","post","type-post","status-publish","format-standard","has-post-thumbnail","hentry","category-actualitat","category-empresas-ca"],"acf":[],"yoast_head":"<!-- This site is optimized with the Yoast SEO plugin v27.4 - https:\/\/yoast.com\/product\/yoast-seo-wordpress\/ -->\n<title>El Tribunal Suprem reconeix el dret al plus de festius a treballadors contractats nom\u00e9s per a caps de setmana i festius - Gemap<\/title>\n<meta name=\"robots\" content=\"index, follow, max-snippet:-1, max-image-preview:large, max-video-preview:-1\" \/>\n<link rel=\"canonical\" href=\"https:\/\/gemap.es\/ca\/el-tribunal-suprem-reconeix-el-dret-al-plus-de-festius-a-treballadors-contractats-nomes-per-a-caps-de-setmana-i-festius\/\" \/>\n<meta property=\"og:locale\" content=\"ca_ES\" \/>\n<meta property=\"og:type\" content=\"article\" \/>\n<meta property=\"og:title\" content=\"El Tribunal Suprem reconeix el dret al plus de festius a treballadors contractats nom\u00e9s per a caps de setmana i festius - Gemap\" \/>\n<meta property=\"og:description\" content=\"Tribunal Suprem aclareix en una sent\u00e8ncia recent que els treballadors a temps parcial contractats exclusivament per prestar serveis en dissabtes, diumenges i festius tenen dret al plus de festius previst al conveni si no hi ha en la seva retribuci\u00f3 una compensaci\u00f3 espec\u00edfica i addicional que el substitueixi. El Tribunal Suprem ha dictat una sent\u00e8ncia [&hellip;]\" \/>\n<meta property=\"og:url\" content=\"https:\/\/gemap.es\/ca\/el-tribunal-suprem-reconeix-el-dret-al-plus-de-festius-a-treballadors-contractats-nomes-per-a-caps-de-setmana-i-festius\/\" \/>\n<meta property=\"og:site_name\" content=\"Gemap\" \/>\n<meta property=\"article:publisher\" content=\"https:\/\/www.facebook.com\/gemap.ius\/\" \/>\n<meta property=\"article:published_time\" content=\"2025-04-03T08:51:51+00:00\" \/>\n<meta property=\"og:image\" content=\"https:\/\/gemap.es\/wp-content\/uploads\/2025\/04\/pexels-photo-7857557-1742976887_1743161075cp.jpeg\" \/>\n\t<meta property=\"og:image:width\" content=\"810\" \/>\n\t<meta property=\"og:image:height\" content=\"450\" \/>\n\t<meta property=\"og:image:type\" content=\"image\/jpeg\" \/>\n<meta name=\"author\" content=\"Gemap\" \/>\n<meta name=\"twitter:card\" content=\"summary_large_image\" \/>\n<meta name=\"twitter:creator\" content=\"@gemapius\" \/>\n<meta name=\"twitter:site\" content=\"@gemapius\" \/>\n<meta name=\"twitter:label1\" content=\"Escrit per\" \/>\n\t<meta name=\"twitter:data1\" content=\"Gemap\" \/>\n\t<meta name=\"twitter:label2\" content=\"Temps estimat de lectura\" \/>\n\t<meta name=\"twitter:data2\" content=\"3 minuts\" \/>\n<script type=\"application\/ld+json\" class=\"yoast-schema-graph\">{\"@context\":\"https:\\\/\\\/schema.org\",\"@graph\":[{\"@type\":\"Article\",\"@id\":\"https:\\\/\\\/gemap.es\\\/ca\\\/el-tribunal-suprem-reconeix-el-dret-al-plus-de-festius-a-treballadors-contractats-nomes-per-a-caps-de-setmana-i-festius\\\/#article\",\"isPartOf\":{\"@id\":\"https:\\\/\\\/gemap.es\\\/ca\\\/el-tribunal-suprem-reconeix-el-dret-al-plus-de-festius-a-treballadors-contractats-nomes-per-a-caps-de-setmana-i-festius\\\/\"},\"author\":{\"name\":\"Gemap\",\"@id\":\"https:\\\/\\\/gemap.es\\\/ca\\\/#\\\/schema\\\/person\\\/488bf7c00c857d972c990318b7048431\"},\"headline\":\"El Tribunal Suprem reconeix el dret al plus de festius a treballadors contractats nom\u00e9s per a caps de setmana i festius\",\"datePublished\":\"2025-04-03T08:51:51+00:00\",\"mainEntityOfPage\":{\"@id\":\"https:\\\/\\\/gemap.es\\\/ca\\\/el-tribunal-suprem-reconeix-el-dret-al-plus-de-festius-a-treballadors-contractats-nomes-per-a-caps-de-setmana-i-festius\\\/\"},\"wordCount\":529,\"publisher\":{\"@id\":\"https:\\\/\\\/gemap.es\\\/ca\\\/#organization\"},\"image\":{\"@id\":\"https:\\\/\\\/gemap.es\\\/ca\\\/el-tribunal-suprem-reconeix-el-dret-al-plus-de-festius-a-treballadors-contractats-nomes-per-a-caps-de-setmana-i-festius\\\/#primaryimage\"},\"thumbnailUrl\":\"https:\\\/\\\/gemap.es\\\/wp-content\\\/uploads\\\/2025\\\/04\\\/pexels-photo-7857557-1742976887_1743161075cp.jpeg\",\"articleSection\":[\"Actualitat\",\"Empresas\"],\"inLanguage\":\"ca\"},{\"@type\":\"WebPage\",\"@id\":\"https:\\\/\\\/gemap.es\\\/ca\\\/el-tribunal-suprem-reconeix-el-dret-al-plus-de-festius-a-treballadors-contractats-nomes-per-a-caps-de-setmana-i-festius\\\/\",\"url\":\"https:\\\/\\\/gemap.es\\\/ca\\\/el-tribunal-suprem-reconeix-el-dret-al-plus-de-festius-a-treballadors-contractats-nomes-per-a-caps-de-setmana-i-festius\\\/\",\"name\":\"El Tribunal Suprem reconeix el dret al plus de festius a treballadors contractats nom\u00e9s per a caps de setmana i festius - Gemap\",\"isPartOf\":{\"@id\":\"https:\\\/\\\/gemap.es\\\/ca\\\/#website\"},\"primaryImageOfPage\":{\"@id\":\"https:\\\/\\\/gemap.es\\\/ca\\\/el-tribunal-suprem-reconeix-el-dret-al-plus-de-festius-a-treballadors-contractats-nomes-per-a-caps-de-setmana-i-festius\\\/#primaryimage\"},\"image\":{\"@id\":\"https:\\\/\\\/gemap.es\\\/ca\\\/el-tribunal-suprem-reconeix-el-dret-al-plus-de-festius-a-treballadors-contractats-nomes-per-a-caps-de-setmana-i-festius\\\/#primaryimage\"},\"thumbnailUrl\":\"https:\\\/\\\/gemap.es\\\/wp-content\\\/uploads\\\/2025\\\/04\\\/pexels-photo-7857557-1742976887_1743161075cp.jpeg\",\"datePublished\":\"2025-04-03T08:51:51+00:00\",\"breadcrumb\":{\"@id\":\"https:\\\/\\\/gemap.es\\\/ca\\\/el-tribunal-suprem-reconeix-el-dret-al-plus-de-festius-a-treballadors-contractats-nomes-per-a-caps-de-setmana-i-festius\\\/#breadcrumb\"},\"inLanguage\":\"ca\",\"potentialAction\":[{\"@type\":\"ReadAction\",\"target\":[\"https:\\\/\\\/gemap.es\\\/ca\\\/el-tribunal-suprem-reconeix-el-dret-al-plus-de-festius-a-treballadors-contractats-nomes-per-a-caps-de-setmana-i-festius\\\/\"]}]},{\"@type\":\"ImageObject\",\"inLanguage\":\"ca\",\"@id\":\"https:\\\/\\\/gemap.es\\\/ca\\\/el-tribunal-suprem-reconeix-el-dret-al-plus-de-festius-a-treballadors-contractats-nomes-per-a-caps-de-setmana-i-festius\\\/#primaryimage\",\"url\":\"https:\\\/\\\/gemap.es\\\/wp-content\\\/uploads\\\/2025\\\/04\\\/pexels-photo-7857557-1742976887_1743161075cp.jpeg\",\"contentUrl\":\"https:\\\/\\\/gemap.es\\\/wp-content\\\/uploads\\\/2025\\\/04\\\/pexels-photo-7857557-1742976887_1743161075cp.jpeg\",\"width\":810,\"height\":450},{\"@type\":\"BreadcrumbList\",\"@id\":\"https:\\\/\\\/gemap.es\\\/ca\\\/el-tribunal-suprem-reconeix-el-dret-al-plus-de-festius-a-treballadors-contractats-nomes-per-a-caps-de-setmana-i-festius\\\/#breadcrumb\",\"itemListElement\":[{\"@type\":\"ListItem\",\"position\":1,\"name\":\"Portada\",\"item\":\"https:\\\/\\\/gemap.es\\\/ca\\\/home\\\/\"},{\"@type\":\"ListItem\",\"position\":2,\"name\":\"El Tribunal Suprem reconeix el dret al plus de festius a treballadors contractats nom\u00e9s per a caps de setmana i festius\"}]},{\"@type\":\"WebSite\",\"@id\":\"https:\\\/\\\/gemap.es\\\/ca\\\/#website\",\"url\":\"https:\\\/\\\/gemap.es\\\/ca\\\/\",\"name\":\"Gemap\",\"description\":\"By your side\",\"publisher\":{\"@id\":\"https:\\\/\\\/gemap.es\\\/ca\\\/#organization\"},\"potentialAction\":[{\"@type\":\"SearchAction\",\"target\":{\"@type\":\"EntryPoint\",\"urlTemplate\":\"https:\\\/\\\/gemap.es\\\/ca\\\/?s={search_term_string}\"},\"query-input\":{\"@type\":\"PropertyValueSpecification\",\"valueRequired\":true,\"valueName\":\"search_term_string\"}}],\"inLanguage\":\"ca\"},{\"@type\":\"Organization\",\"@id\":\"https:\\\/\\\/gemap.es\\\/ca\\\/#organization\",\"name\":\"Gemap\",\"url\":\"https:\\\/\\\/gemap.es\\\/ca\\\/\",\"logo\":{\"@type\":\"ImageObject\",\"inLanguage\":\"ca\",\"@id\":\"https:\\\/\\\/gemap.es\\\/ca\\\/#\\\/schema\\\/logo\\\/image\\\/\",\"url\":\"https:\\\/\\\/gemap.es\\\/wp-content\\\/uploads\\\/2024\\\/11\\\/logo.svg\",\"contentUrl\":\"https:\\\/\\\/gemap.es\\\/wp-content\\\/uploads\\\/2024\\\/11\\\/logo.svg\",\"width\":340,\"height\":106,\"caption\":\"Gemap\"},\"image\":{\"@id\":\"https:\\\/\\\/gemap.es\\\/ca\\\/#\\\/schema\\\/logo\\\/image\\\/\"},\"sameAs\":[\"https:\\\/\\\/www.facebook.com\\\/gemap.ius\\\/\",\"https:\\\/\\\/x.com\\\/gemapius\",\"https:\\\/\\\/www.instagram.com\\\/gemap_asesoria\\\/\"]},{\"@type\":\"Person\",\"@id\":\"https:\\\/\\\/gemap.es\\\/ca\\\/#\\\/schema\\\/person\\\/488bf7c00c857d972c990318b7048431\",\"name\":\"Gemap\",\"image\":{\"@type\":\"ImageObject\",\"inLanguage\":\"ca\",\"@id\":\"https:\\\/\\\/secure.gravatar.com\\\/avatar\\\/880b2d735ee66ddf8c6e5f2e1a757b4b21b0814cea10dfaa193a4929cfce8057?s=96&d=mm&r=g\",\"url\":\"https:\\\/\\\/secure.gravatar.com\\\/avatar\\\/880b2d735ee66ddf8c6e5f2e1a757b4b21b0814cea10dfaa193a4929cfce8057?s=96&d=mm&r=g\",\"contentUrl\":\"https:\\\/\\\/secure.gravatar.com\\\/avatar\\\/880b2d735ee66ddf8c6e5f2e1a757b4b21b0814cea10dfaa193a4929cfce8057?s=96&d=mm&r=g\",\"caption\":\"Gemap\"},\"url\":\"https:\\\/\\\/gemap.es\\\/ca\\\/author\\\/gemap\\\/\"}]}<\/script>\n<!-- \/ Yoast SEO plugin. -->","yoast_head_json":{"title":"El Tribunal Suprem reconeix el dret al plus de festius a treballadors contractats nom\u00e9s per a caps de setmana i festius - Gemap","robots":{"index":"index","follow":"follow","max-snippet":"max-snippet:-1","max-image-preview":"max-image-preview:large","max-video-preview":"max-video-preview:-1"},"canonical":"https:\/\/gemap.es\/ca\/el-tribunal-suprem-reconeix-el-dret-al-plus-de-festius-a-treballadors-contractats-nomes-per-a-caps-de-setmana-i-festius\/","og_locale":"ca_ES","og_type":"article","og_title":"El Tribunal Suprem reconeix el dret al plus de festius a treballadors contractats nom\u00e9s per a caps de setmana i festius - Gemap","og_description":"Tribunal Suprem aclareix en una sent\u00e8ncia recent que els treballadors a temps parcial contractats exclusivament per prestar serveis en dissabtes, diumenges i festius tenen dret al plus de festius previst al conveni si no hi ha en la seva retribuci\u00f3 una compensaci\u00f3 espec\u00edfica i addicional que el substitueixi. El Tribunal Suprem ha dictat una sent\u00e8ncia [&hellip;]","og_url":"https:\/\/gemap.es\/ca\/el-tribunal-suprem-reconeix-el-dret-al-plus-de-festius-a-treballadors-contractats-nomes-per-a-caps-de-setmana-i-festius\/","og_site_name":"Gemap","article_publisher":"https:\/\/www.facebook.com\/gemap.ius\/","article_published_time":"2025-04-03T08:51:51+00:00","og_image":[{"width":810,"height":450,"url":"https:\/\/gemap.es\/wp-content\/uploads\/2025\/04\/pexels-photo-7857557-1742976887_1743161075cp.jpeg","type":"image\/jpeg"}],"author":"Gemap","twitter_card":"summary_large_image","twitter_creator":"@gemapius","twitter_site":"@gemapius","twitter_misc":{"Escrit per":"Gemap","Temps estimat de lectura":"3 minuts"},"schema":{"@context":"https:\/\/schema.org","@graph":[{"@type":"Article","@id":"https:\/\/gemap.es\/ca\/el-tribunal-suprem-reconeix-el-dret-al-plus-de-festius-a-treballadors-contractats-nomes-per-a-caps-de-setmana-i-festius\/#article","isPartOf":{"@id":"https:\/\/gemap.es\/ca\/el-tribunal-suprem-reconeix-el-dret-al-plus-de-festius-a-treballadors-contractats-nomes-per-a-caps-de-setmana-i-festius\/"},"author":{"name":"Gemap","@id":"https:\/\/gemap.es\/ca\/#\/schema\/person\/488bf7c00c857d972c990318b7048431"},"headline":"El Tribunal Suprem reconeix el dret al plus de festius a treballadors contractats nom\u00e9s per a caps de setmana i festius","datePublished":"2025-04-03T08:51:51+00:00","mainEntityOfPage":{"@id":"https:\/\/gemap.es\/ca\/el-tribunal-suprem-reconeix-el-dret-al-plus-de-festius-a-treballadors-contractats-nomes-per-a-caps-de-setmana-i-festius\/"},"wordCount":529,"publisher":{"@id":"https:\/\/gemap.es\/ca\/#organization"},"image":{"@id":"https:\/\/gemap.es\/ca\/el-tribunal-suprem-reconeix-el-dret-al-plus-de-festius-a-treballadors-contractats-nomes-per-a-caps-de-setmana-i-festius\/#primaryimage"},"thumbnailUrl":"https:\/\/gemap.es\/wp-content\/uploads\/2025\/04\/pexels-photo-7857557-1742976887_1743161075cp.jpeg","articleSection":["Actualitat","Empresas"],"inLanguage":"ca"},{"@type":"WebPage","@id":"https:\/\/gemap.es\/ca\/el-tribunal-suprem-reconeix-el-dret-al-plus-de-festius-a-treballadors-contractats-nomes-per-a-caps-de-setmana-i-festius\/","url":"https:\/\/gemap.es\/ca\/el-tribunal-suprem-reconeix-el-dret-al-plus-de-festius-a-treballadors-contractats-nomes-per-a-caps-de-setmana-i-festius\/","name":"El Tribunal Suprem reconeix el dret al plus de festius a treballadors contractats nom\u00e9s per a caps de setmana i festius - Gemap","isPartOf":{"@id":"https:\/\/gemap.es\/ca\/#website"},"primaryImageOfPage":{"@id":"https:\/\/gemap.es\/ca\/el-tribunal-suprem-reconeix-el-dret-al-plus-de-festius-a-treballadors-contractats-nomes-per-a-caps-de-setmana-i-festius\/#primaryimage"},"image":{"@id":"https:\/\/gemap.es\/ca\/el-tribunal-suprem-reconeix-el-dret-al-plus-de-festius-a-treballadors-contractats-nomes-per-a-caps-de-setmana-i-festius\/#primaryimage"},"thumbnailUrl":"https:\/\/gemap.es\/wp-content\/uploads\/2025\/04\/pexels-photo-7857557-1742976887_1743161075cp.jpeg","datePublished":"2025-04-03T08:51:51+00:00","breadcrumb":{"@id":"https:\/\/gemap.es\/ca\/el-tribunal-suprem-reconeix-el-dret-al-plus-de-festius-a-treballadors-contractats-nomes-per-a-caps-de-setmana-i-festius\/#breadcrumb"},"inLanguage":"ca","potentialAction":[{"@type":"ReadAction","target":["https:\/\/gemap.es\/ca\/el-tribunal-suprem-reconeix-el-dret-al-plus-de-festius-a-treballadors-contractats-nomes-per-a-caps-de-setmana-i-festius\/"]}]},{"@type":"ImageObject","inLanguage":"ca","@id":"https:\/\/gemap.es\/ca\/el-tribunal-suprem-reconeix-el-dret-al-plus-de-festius-a-treballadors-contractats-nomes-per-a-caps-de-setmana-i-festius\/#primaryimage","url":"https:\/\/gemap.es\/wp-content\/uploads\/2025\/04\/pexels-photo-7857557-1742976887_1743161075cp.jpeg","contentUrl":"https:\/\/gemap.es\/wp-content\/uploads\/2025\/04\/pexels-photo-7857557-1742976887_1743161075cp.jpeg","width":810,"height":450},{"@type":"BreadcrumbList","@id":"https:\/\/gemap.es\/ca\/el-tribunal-suprem-reconeix-el-dret-al-plus-de-festius-a-treballadors-contractats-nomes-per-a-caps-de-setmana-i-festius\/#breadcrumb","itemListElement":[{"@type":"ListItem","position":1,"name":"Portada","item":"https:\/\/gemap.es\/ca\/home\/"},{"@type":"ListItem","position":2,"name":"El Tribunal Suprem reconeix el dret al plus de festius a treballadors contractats nom\u00e9s per a caps de setmana i festius"}]},{"@type":"WebSite","@id":"https:\/\/gemap.es\/ca\/#website","url":"https:\/\/gemap.es\/ca\/","name":"Gemap","description":"By your side","publisher":{"@id":"https:\/\/gemap.es\/ca\/#organization"},"potentialAction":[{"@type":"SearchAction","target":{"@type":"EntryPoint","urlTemplate":"https:\/\/gemap.es\/ca\/?s={search_term_string}"},"query-input":{"@type":"PropertyValueSpecification","valueRequired":true,"valueName":"search_term_string"}}],"inLanguage":"ca"},{"@type":"Organization","@id":"https:\/\/gemap.es\/ca\/#organization","name":"Gemap","url":"https:\/\/gemap.es\/ca\/","logo":{"@type":"ImageObject","inLanguage":"ca","@id":"https:\/\/gemap.es\/ca\/#\/schema\/logo\/image\/","url":"https:\/\/gemap.es\/wp-content\/uploads\/2024\/11\/logo.svg","contentUrl":"https:\/\/gemap.es\/wp-content\/uploads\/2024\/11\/logo.svg","width":340,"height":106,"caption":"Gemap"},"image":{"@id":"https:\/\/gemap.es\/ca\/#\/schema\/logo\/image\/"},"sameAs":["https:\/\/www.facebook.com\/gemap.ius\/","https:\/\/x.com\/gemapius","https:\/\/www.instagram.com\/gemap_asesoria\/"]},{"@type":"Person","@id":"https:\/\/gemap.es\/ca\/#\/schema\/person\/488bf7c00c857d972c990318b7048431","name":"Gemap","image":{"@type":"ImageObject","inLanguage":"ca","@id":"https:\/\/secure.gravatar.com\/avatar\/880b2d735ee66ddf8c6e5f2e1a757b4b21b0814cea10dfaa193a4929cfce8057?s=96&d=mm&r=g","url":"https:\/\/secure.gravatar.com\/avatar\/880b2d735ee66ddf8c6e5f2e1a757b4b21b0814cea10dfaa193a4929cfce8057?s=96&d=mm&r=g","contentUrl":"https:\/\/secure.gravatar.com\/avatar\/880b2d735ee66ddf8c6e5f2e1a757b4b21b0814cea10dfaa193a4929cfce8057?s=96&d=mm&r=g","caption":"Gemap"},"url":"https:\/\/gemap.es\/ca\/author\/gemap\/"}]}},"_links":{"self":[{"href":"https:\/\/gemap.es\/ca\/wp-json\/wp\/v2\/posts\/5062","targetHints":{"allow":["GET"]}}],"collection":[{"href":"https:\/\/gemap.es\/ca\/wp-json\/wp\/v2\/posts"}],"about":[{"href":"https:\/\/gemap.es\/ca\/wp-json\/wp\/v2\/types\/post"}],"author":[{"embeddable":true,"href":"https:\/\/gemap.es\/ca\/wp-json\/wp\/v2\/users\/3"}],"replies":[{"embeddable":true,"href":"https:\/\/gemap.es\/ca\/wp-json\/wp\/v2\/comments?post=5062"}],"version-history":[{"count":1,"href":"https:\/\/gemap.es\/ca\/wp-json\/wp\/v2\/posts\/5062\/revisions"}],"predecessor-version":[{"id":5063,"href":"https:\/\/gemap.es\/ca\/wp-json\/wp\/v2\/posts\/5062\/revisions\/5063"}],"wp:featuredmedia":[{"embeddable":true,"href":"https:\/\/gemap.es\/ca\/wp-json\/wp\/v2\/media\/5059"}],"wp:attachment":[{"href":"https:\/\/gemap.es\/ca\/wp-json\/wp\/v2\/media?parent=5062"}],"wp:term":[{"taxonomy":"category","embeddable":true,"href":"https:\/\/gemap.es\/ca\/wp-json\/wp\/v2\/categories?post=5062"},{"taxonomy":"post_tag","embeddable":true,"href":"https:\/\/gemap.es\/ca\/wp-json\/wp\/v2\/tags?post=5062"}],"curies":[{"name":"wp","href":"https:\/\/api.w.org\/{rel}","templated":true}]}}