{"id":4999,"date":"2025-03-13T11:05:57","date_gmt":"2025-03-13T11:05:57","guid":{"rendered":"https:\/\/gemap.es\/?p=4999"},"modified":"2025-03-18T11:07:11","modified_gmt":"2025-03-18T11:07:11","slug":"iva-del-4-per-a-tots-els-tipus-de-pa","status":"publish","type":"post","link":"https:\/\/gemap.es\/ca\/iva-del-4-per-a-tots-els-tipus-de-pa\/","title":{"rendered":"IVA del 4% per a tots els tipus de pa"},"content":{"rendered":"\n<p>Heu de tenir en compte que recentment, el Ministeri d&#8217;Hisenda ha implementat canvis significatius en l&#8217;aplicaci\u00f3 de l&#8217;impost sobre el valor afegit (IVA) al pa a Espanya. Aquestes s\u00f3n les modificacions m\u00e9s importants.<\/p>\n\n\n\n<p>Davant la modificaci\u00f3 recent que ha establert el Ministeri d&#8217;Hisenda ha de con\u00e8ixer que s&#8217;han implementat canvis significatius en l&#8217;aplicaci\u00f3 de l&#8217;impost sobre el valor afegit (IVA) al pa a Espanya.<\/p>\n\n\n\n<ol class=\"wp-block-list\">\n<li><strong>Unificaci\u00f3 de l&#8217;IVA al 4% per a tot tipus de pa<\/strong><\/li>\n<\/ol>\n\n\n\n<p>A partir del 27 de febrer de 2025, tots els tipus de pa, incloent-hi els considerats \u201cespecials\u201d com el pa sense gluten, les renyons, els pujols, el pa de motlle i el pa de pita, tributaran al tipus superredu\u00eft del 4% d&#8217;IVA. Aquesta mesura es va adoptar despr\u00e9s d&#8217;una resoluci\u00f3 de la Direcci\u00f3 General de Tributs, basada en una sent\u00e8ncia del Tribunal Suprem que va considerar que la distinci\u00f3 entre el pa com\u00fa i el pa especial contravenia el principi de neutralitat de l&#8217;IVA i la lliure compet\u00e8ncia, segons la jurisprud\u00e8ncia del Tribunal de Just\u00edcia de la Uni\u00f3 Europea (TJUE).<\/p>\n\n\n\n<ol start=\"2\" class=\"wp-block-list\">\n<li><strong>Context de la modificaci\u00f3<\/strong><\/li>\n<\/ol>\n\n\n\n<p>Anteriorment, el pa com\u00fa estava subjecte al tipus superredu\u00eft del 4%, mentre que els pans especials, com el pa sense gluten, suportaven un tipus del 10%. Aquesta diferenciaci\u00f3 fiscal va ser objecte de cr\u00edtiques per part d&#8217;associacions de consumidors i col\u00b7lectius afectats, com les persones cel\u00edaques, que consideraven injust que productes essencials per a la seva dieta tinguessin una c\u00e0rrega impositiva m\u00e9s gran.<\/p>\n\n\n\n<ol start=\"3\" class=\"wp-block-list\">\n<li><strong>Implicacions de la mesura<\/strong><\/li>\n<\/ol>\n\n\n\n<p>La unificaci\u00f3 de l&#8217;IVA al 4% per a tots els tipus de pa suposa una equiparaci\u00f3 fiscal que beneficia tant els consumidors com el sector forner. Per als consumidors, especialment aquells amb necessitats aliment\u00e0ries espec\u00edfiques, com ara els cel\u00edacs, aquesta mesura representa una reducci\u00f3 en el preu de productes b\u00e0sics. Pel sector forner elimina distincions que podien afectar la competitivitat i simplifica l&#8217;aplicaci\u00f3 de l&#8217;impost.<\/p>\n\n\n\n<p>En resum, la modificaci\u00f3 recent de l&#8217;IVA aplicada al pa a Espanya busca garantir una fiscalitat m\u00e9s equitativa i alineada amb els principis de neutralitat i lliure compet\u00e8ncia establerts a la normativa europea.<\/p>\n\n\n\n<p>Davant de qualsevol dubte que us pugui sorgir, contacteu amb aquest despatx professional per aclarir-lo.<\/p>\n\n\n\n<p><\/p>\n","protected":false},"excerpt":{"rendered":"<p>Heu de tenir en compte que recentment, el Ministeri d&#8217;Hisenda ha implementat canvis significatius en l&#8217;aplicaci\u00f3 de l&#8217;impost sobre el valor afegit (IVA) al pa a Espanya. Aquestes s\u00f3n les modificacions m\u00e9s importants. Davant la modificaci\u00f3 recent que ha establert el Ministeri d&#8217;Hisenda ha de con\u00e8ixer que s&#8217;han implementat canvis significatius en l&#8217;aplicaci\u00f3 de l&#8217;impost [&hellip;]<\/p>\n","protected":false},"author":3,"featured_media":4996,"comment_status":"closed","ping_status":"open","sticky":false,"template":"","format":"standard","meta":{"_acf_changed":false,"footnotes":""},"categories":[65,38],"tags":[],"class_list":["post-4999","post","type-post","status-publish","format-standard","has-post-thumbnail","hentry","category-actualitat","category-empresas-ca"],"acf":[],"yoast_head":"<!-- This site is optimized with the Yoast SEO plugin v27.4 - https:\/\/yoast.com\/product\/yoast-seo-wordpress\/ -->\n<title>IVA del 4% per a tots els tipus de pa - Gemap<\/title>\n<meta name=\"robots\" content=\"index, follow, max-snippet:-1, max-image-preview:large, max-video-preview:-1\" \/>\n<link rel=\"canonical\" href=\"https:\/\/gemap.es\/ca\/iva-del-4-per-a-tots-els-tipus-de-pa\/\" \/>\n<meta property=\"og:locale\" content=\"ca_ES\" \/>\n<meta property=\"og:type\" content=\"article\" \/>\n<meta property=\"og:title\" content=\"IVA del 4% per a tots els tipus de pa - Gemap\" \/>\n<meta property=\"og:description\" content=\"Heu de tenir en compte que recentment, el Ministeri d&#8217;Hisenda ha implementat canvis significatius en l&#8217;aplicaci\u00f3 de l&#8217;impost sobre el valor afegit (IVA) al pa a Espanya. Aquestes s\u00f3n les modificacions m\u00e9s importants. Davant la modificaci\u00f3 recent que ha establert el Ministeri d&#8217;Hisenda ha de con\u00e8ixer que s&#8217;han implementat canvis significatius en l&#8217;aplicaci\u00f3 de l&#8217;impost [&hellip;]\" \/>\n<meta property=\"og:url\" content=\"https:\/\/gemap.es\/ca\/iva-del-4-per-a-tots-els-tipus-de-pa\/\" \/>\n<meta property=\"og:site_name\" content=\"Gemap\" \/>\n<meta property=\"article:publisher\" content=\"https:\/\/www.facebook.com\/gemap.ius\/\" \/>\n<meta property=\"article:published_time\" content=\"2025-03-13T11:05:57+00:00\" \/>\n<meta property=\"article:modified_time\" content=\"2025-03-18T11:07:11+00:00\" \/>\n<meta property=\"og:image\" content=\"https:\/\/gemap.es\/wp-content\/uploads\/2025\/03\/pexels-photo-1871024_1741604771.jpeg\" \/>\n\t<meta property=\"og:image:width\" content=\"810\" \/>\n\t<meta property=\"og:image:height\" content=\"450\" \/>\n\t<meta property=\"og:image:type\" content=\"image\/jpeg\" \/>\n<meta name=\"author\" content=\"Gemap\" \/>\n<meta name=\"twitter:card\" content=\"summary_large_image\" \/>\n<meta name=\"twitter:creator\" content=\"@gemapius\" \/>\n<meta name=\"twitter:site\" content=\"@gemapius\" \/>\n<meta name=\"twitter:label1\" content=\"Escrit per\" \/>\n\t<meta name=\"twitter:data1\" content=\"Gemap\" \/>\n\t<meta name=\"twitter:label2\" content=\"Temps estimat de lectura\" \/>\n\t<meta name=\"twitter:data2\" content=\"2 minuts\" \/>\n<script type=\"application\/ld+json\" class=\"yoast-schema-graph\">{\"@context\":\"https:\\\/\\\/schema.org\",\"@graph\":[{\"@type\":\"Article\",\"@id\":\"https:\\\/\\\/gemap.es\\\/ca\\\/iva-del-4-per-a-tots-els-tipus-de-pa\\\/#article\",\"isPartOf\":{\"@id\":\"https:\\\/\\\/gemap.es\\\/ca\\\/iva-del-4-per-a-tots-els-tipus-de-pa\\\/\"},\"author\":{\"name\":\"Gemap\",\"@id\":\"https:\\\/\\\/gemap.es\\\/ca\\\/#\\\/schema\\\/person\\\/488bf7c00c857d972c990318b7048431\"},\"headline\":\"IVA del 4% per a tots els tipus de pa\",\"datePublished\":\"2025-03-13T11:05:57+00:00\",\"dateModified\":\"2025-03-18T11:07:11+00:00\",\"mainEntityOfPage\":{\"@id\":\"https:\\\/\\\/gemap.es\\\/ca\\\/iva-del-4-per-a-tots-els-tipus-de-pa\\\/\"},\"wordCount\":398,\"publisher\":{\"@id\":\"https:\\\/\\\/gemap.es\\\/ca\\\/#organization\"},\"image\":{\"@id\":\"https:\\\/\\\/gemap.es\\\/ca\\\/iva-del-4-per-a-tots-els-tipus-de-pa\\\/#primaryimage\"},\"thumbnailUrl\":\"https:\\\/\\\/gemap.es\\\/wp-content\\\/uploads\\\/2025\\\/03\\\/pexels-photo-1871024_1741604771.jpeg\",\"articleSection\":[\"Actualitat\",\"Empresas\"],\"inLanguage\":\"ca\"},{\"@type\":\"WebPage\",\"@id\":\"https:\\\/\\\/gemap.es\\\/ca\\\/iva-del-4-per-a-tots-els-tipus-de-pa\\\/\",\"url\":\"https:\\\/\\\/gemap.es\\\/ca\\\/iva-del-4-per-a-tots-els-tipus-de-pa\\\/\",\"name\":\"IVA del 4% per a tots els tipus de pa - Gemap\",\"isPartOf\":{\"@id\":\"https:\\\/\\\/gemap.es\\\/ca\\\/#website\"},\"primaryImageOfPage\":{\"@id\":\"https:\\\/\\\/gemap.es\\\/ca\\\/iva-del-4-per-a-tots-els-tipus-de-pa\\\/#primaryimage\"},\"image\":{\"@id\":\"https:\\\/\\\/gemap.es\\\/ca\\\/iva-del-4-per-a-tots-els-tipus-de-pa\\\/#primaryimage\"},\"thumbnailUrl\":\"https:\\\/\\\/gemap.es\\\/wp-content\\\/uploads\\\/2025\\\/03\\\/pexels-photo-1871024_1741604771.jpeg\",\"datePublished\":\"2025-03-13T11:05:57+00:00\",\"dateModified\":\"2025-03-18T11:07:11+00:00\",\"breadcrumb\":{\"@id\":\"https:\\\/\\\/gemap.es\\\/ca\\\/iva-del-4-per-a-tots-els-tipus-de-pa\\\/#breadcrumb\"},\"inLanguage\":\"ca\",\"potentialAction\":[{\"@type\":\"ReadAction\",\"target\":[\"https:\\\/\\\/gemap.es\\\/ca\\\/iva-del-4-per-a-tots-els-tipus-de-pa\\\/\"]}]},{\"@type\":\"ImageObject\",\"inLanguage\":\"ca\",\"@id\":\"https:\\\/\\\/gemap.es\\\/ca\\\/iva-del-4-per-a-tots-els-tipus-de-pa\\\/#primaryimage\",\"url\":\"https:\\\/\\\/gemap.es\\\/wp-content\\\/uploads\\\/2025\\\/03\\\/pexels-photo-1871024_1741604771.jpeg\",\"contentUrl\":\"https:\\\/\\\/gemap.es\\\/wp-content\\\/uploads\\\/2025\\\/03\\\/pexels-photo-1871024_1741604771.jpeg\",\"width\":810,\"height\":450,\"caption\":\"IVA del 4% para todos los tipos de pan\"},{\"@type\":\"BreadcrumbList\",\"@id\":\"https:\\\/\\\/gemap.es\\\/ca\\\/iva-del-4-per-a-tots-els-tipus-de-pa\\\/#breadcrumb\",\"itemListElement\":[{\"@type\":\"ListItem\",\"position\":1,\"name\":\"Portada\",\"item\":\"https:\\\/\\\/gemap.es\\\/ca\\\/home\\\/\"},{\"@type\":\"ListItem\",\"position\":2,\"name\":\"IVA del 4% per a tots els tipus de pa\"}]},{\"@type\":\"WebSite\",\"@id\":\"https:\\\/\\\/gemap.es\\\/ca\\\/#website\",\"url\":\"https:\\\/\\\/gemap.es\\\/ca\\\/\",\"name\":\"Gemap\",\"description\":\"By your side\",\"publisher\":{\"@id\":\"https:\\\/\\\/gemap.es\\\/ca\\\/#organization\"},\"potentialAction\":[{\"@type\":\"SearchAction\",\"target\":{\"@type\":\"EntryPoint\",\"urlTemplate\":\"https:\\\/\\\/gemap.es\\\/ca\\\/?s={search_term_string}\"},\"query-input\":{\"@type\":\"PropertyValueSpecification\",\"valueRequired\":true,\"valueName\":\"search_term_string\"}}],\"inLanguage\":\"ca\"},{\"@type\":\"Organization\",\"@id\":\"https:\\\/\\\/gemap.es\\\/ca\\\/#organization\",\"name\":\"Gemap\",\"url\":\"https:\\\/\\\/gemap.es\\\/ca\\\/\",\"logo\":{\"@type\":\"ImageObject\",\"inLanguage\":\"ca\",\"@id\":\"https:\\\/\\\/gemap.es\\\/ca\\\/#\\\/schema\\\/logo\\\/image\\\/\",\"url\":\"https:\\\/\\\/gemap.es\\\/wp-content\\\/uploads\\\/2024\\\/11\\\/logo.svg\",\"contentUrl\":\"https:\\\/\\\/gemap.es\\\/wp-content\\\/uploads\\\/2024\\\/11\\\/logo.svg\",\"width\":340,\"height\":106,\"caption\":\"Gemap\"},\"image\":{\"@id\":\"https:\\\/\\\/gemap.es\\\/ca\\\/#\\\/schema\\\/logo\\\/image\\\/\"},\"sameAs\":[\"https:\\\/\\\/www.facebook.com\\\/gemap.ius\\\/\",\"https:\\\/\\\/x.com\\\/gemapius\",\"https:\\\/\\\/www.instagram.com\\\/gemap_asesoria\\\/\"]},{\"@type\":\"Person\",\"@id\":\"https:\\\/\\\/gemap.es\\\/ca\\\/#\\\/schema\\\/person\\\/488bf7c00c857d972c990318b7048431\",\"name\":\"Gemap\",\"image\":{\"@type\":\"ImageObject\",\"inLanguage\":\"ca\",\"@id\":\"https:\\\/\\\/secure.gravatar.com\\\/avatar\\\/880b2d735ee66ddf8c6e5f2e1a757b4b21b0814cea10dfaa193a4929cfce8057?s=96&d=mm&r=g\",\"url\":\"https:\\\/\\\/secure.gravatar.com\\\/avatar\\\/880b2d735ee66ddf8c6e5f2e1a757b4b21b0814cea10dfaa193a4929cfce8057?s=96&d=mm&r=g\",\"contentUrl\":\"https:\\\/\\\/secure.gravatar.com\\\/avatar\\\/880b2d735ee66ddf8c6e5f2e1a757b4b21b0814cea10dfaa193a4929cfce8057?s=96&d=mm&r=g\",\"caption\":\"Gemap\"},\"url\":\"https:\\\/\\\/gemap.es\\\/ca\\\/author\\\/gemap\\\/\"}]}<\/script>\n<!-- \/ Yoast SEO plugin. -->","yoast_head_json":{"title":"IVA del 4% per a tots els tipus de pa - Gemap","robots":{"index":"index","follow":"follow","max-snippet":"max-snippet:-1","max-image-preview":"max-image-preview:large","max-video-preview":"max-video-preview:-1"},"canonical":"https:\/\/gemap.es\/ca\/iva-del-4-per-a-tots-els-tipus-de-pa\/","og_locale":"ca_ES","og_type":"article","og_title":"IVA del 4% per a tots els tipus de pa - Gemap","og_description":"Heu de tenir en compte que recentment, el Ministeri d&#8217;Hisenda ha implementat canvis significatius en l&#8217;aplicaci\u00f3 de l&#8217;impost sobre el valor afegit (IVA) al pa a Espanya. Aquestes s\u00f3n les modificacions m\u00e9s importants. Davant la modificaci\u00f3 recent que ha establert el Ministeri d&#8217;Hisenda ha de con\u00e8ixer que s&#8217;han implementat canvis significatius en l&#8217;aplicaci\u00f3 de l&#8217;impost [&hellip;]","og_url":"https:\/\/gemap.es\/ca\/iva-del-4-per-a-tots-els-tipus-de-pa\/","og_site_name":"Gemap","article_publisher":"https:\/\/www.facebook.com\/gemap.ius\/","article_published_time":"2025-03-13T11:05:57+00:00","article_modified_time":"2025-03-18T11:07:11+00:00","og_image":[{"width":810,"height":450,"url":"https:\/\/gemap.es\/wp-content\/uploads\/2025\/03\/pexels-photo-1871024_1741604771.jpeg","type":"image\/jpeg"}],"author":"Gemap","twitter_card":"summary_large_image","twitter_creator":"@gemapius","twitter_site":"@gemapius","twitter_misc":{"Escrit per":"Gemap","Temps estimat de lectura":"2 minuts"},"schema":{"@context":"https:\/\/schema.org","@graph":[{"@type":"Article","@id":"https:\/\/gemap.es\/ca\/iva-del-4-per-a-tots-els-tipus-de-pa\/#article","isPartOf":{"@id":"https:\/\/gemap.es\/ca\/iva-del-4-per-a-tots-els-tipus-de-pa\/"},"author":{"name":"Gemap","@id":"https:\/\/gemap.es\/ca\/#\/schema\/person\/488bf7c00c857d972c990318b7048431"},"headline":"IVA del 4% per a tots els tipus de pa","datePublished":"2025-03-13T11:05:57+00:00","dateModified":"2025-03-18T11:07:11+00:00","mainEntityOfPage":{"@id":"https:\/\/gemap.es\/ca\/iva-del-4-per-a-tots-els-tipus-de-pa\/"},"wordCount":398,"publisher":{"@id":"https:\/\/gemap.es\/ca\/#organization"},"image":{"@id":"https:\/\/gemap.es\/ca\/iva-del-4-per-a-tots-els-tipus-de-pa\/#primaryimage"},"thumbnailUrl":"https:\/\/gemap.es\/wp-content\/uploads\/2025\/03\/pexels-photo-1871024_1741604771.jpeg","articleSection":["Actualitat","Empresas"],"inLanguage":"ca"},{"@type":"WebPage","@id":"https:\/\/gemap.es\/ca\/iva-del-4-per-a-tots-els-tipus-de-pa\/","url":"https:\/\/gemap.es\/ca\/iva-del-4-per-a-tots-els-tipus-de-pa\/","name":"IVA del 4% per a tots els tipus de pa - Gemap","isPartOf":{"@id":"https:\/\/gemap.es\/ca\/#website"},"primaryImageOfPage":{"@id":"https:\/\/gemap.es\/ca\/iva-del-4-per-a-tots-els-tipus-de-pa\/#primaryimage"},"image":{"@id":"https:\/\/gemap.es\/ca\/iva-del-4-per-a-tots-els-tipus-de-pa\/#primaryimage"},"thumbnailUrl":"https:\/\/gemap.es\/wp-content\/uploads\/2025\/03\/pexels-photo-1871024_1741604771.jpeg","datePublished":"2025-03-13T11:05:57+00:00","dateModified":"2025-03-18T11:07:11+00:00","breadcrumb":{"@id":"https:\/\/gemap.es\/ca\/iva-del-4-per-a-tots-els-tipus-de-pa\/#breadcrumb"},"inLanguage":"ca","potentialAction":[{"@type":"ReadAction","target":["https:\/\/gemap.es\/ca\/iva-del-4-per-a-tots-els-tipus-de-pa\/"]}]},{"@type":"ImageObject","inLanguage":"ca","@id":"https:\/\/gemap.es\/ca\/iva-del-4-per-a-tots-els-tipus-de-pa\/#primaryimage","url":"https:\/\/gemap.es\/wp-content\/uploads\/2025\/03\/pexels-photo-1871024_1741604771.jpeg","contentUrl":"https:\/\/gemap.es\/wp-content\/uploads\/2025\/03\/pexels-photo-1871024_1741604771.jpeg","width":810,"height":450,"caption":"IVA del 4% para todos los tipos de pan"},{"@type":"BreadcrumbList","@id":"https:\/\/gemap.es\/ca\/iva-del-4-per-a-tots-els-tipus-de-pa\/#breadcrumb","itemListElement":[{"@type":"ListItem","position":1,"name":"Portada","item":"https:\/\/gemap.es\/ca\/home\/"},{"@type":"ListItem","position":2,"name":"IVA del 4% per a tots els tipus de pa"}]},{"@type":"WebSite","@id":"https:\/\/gemap.es\/ca\/#website","url":"https:\/\/gemap.es\/ca\/","name":"Gemap","description":"By your side","publisher":{"@id":"https:\/\/gemap.es\/ca\/#organization"},"potentialAction":[{"@type":"SearchAction","target":{"@type":"EntryPoint","urlTemplate":"https:\/\/gemap.es\/ca\/?s={search_term_string}"},"query-input":{"@type":"PropertyValueSpecification","valueRequired":true,"valueName":"search_term_string"}}],"inLanguage":"ca"},{"@type":"Organization","@id":"https:\/\/gemap.es\/ca\/#organization","name":"Gemap","url":"https:\/\/gemap.es\/ca\/","logo":{"@type":"ImageObject","inLanguage":"ca","@id":"https:\/\/gemap.es\/ca\/#\/schema\/logo\/image\/","url":"https:\/\/gemap.es\/wp-content\/uploads\/2024\/11\/logo.svg","contentUrl":"https:\/\/gemap.es\/wp-content\/uploads\/2024\/11\/logo.svg","width":340,"height":106,"caption":"Gemap"},"image":{"@id":"https:\/\/gemap.es\/ca\/#\/schema\/logo\/image\/"},"sameAs":["https:\/\/www.facebook.com\/gemap.ius\/","https:\/\/x.com\/gemapius","https:\/\/www.instagram.com\/gemap_asesoria\/"]},{"@type":"Person","@id":"https:\/\/gemap.es\/ca\/#\/schema\/person\/488bf7c00c857d972c990318b7048431","name":"Gemap","image":{"@type":"ImageObject","inLanguage":"ca","@id":"https:\/\/secure.gravatar.com\/avatar\/880b2d735ee66ddf8c6e5f2e1a757b4b21b0814cea10dfaa193a4929cfce8057?s=96&d=mm&r=g","url":"https:\/\/secure.gravatar.com\/avatar\/880b2d735ee66ddf8c6e5f2e1a757b4b21b0814cea10dfaa193a4929cfce8057?s=96&d=mm&r=g","contentUrl":"https:\/\/secure.gravatar.com\/avatar\/880b2d735ee66ddf8c6e5f2e1a757b4b21b0814cea10dfaa193a4929cfce8057?s=96&d=mm&r=g","caption":"Gemap"},"url":"https:\/\/gemap.es\/ca\/author\/gemap\/"}]}},"_links":{"self":[{"href":"https:\/\/gemap.es\/ca\/wp-json\/wp\/v2\/posts\/4999","targetHints":{"allow":["GET"]}}],"collection":[{"href":"https:\/\/gemap.es\/ca\/wp-json\/wp\/v2\/posts"}],"about":[{"href":"https:\/\/gemap.es\/ca\/wp-json\/wp\/v2\/types\/post"}],"author":[{"embeddable":true,"href":"https:\/\/gemap.es\/ca\/wp-json\/wp\/v2\/users\/3"}],"replies":[{"embeddable":true,"href":"https:\/\/gemap.es\/ca\/wp-json\/wp\/v2\/comments?post=4999"}],"version-history":[{"count":0,"href":"https:\/\/gemap.es\/ca\/wp-json\/wp\/v2\/posts\/4999\/revisions"}],"wp:featuredmedia":[{"embeddable":true,"href":"https:\/\/gemap.es\/ca\/wp-json\/wp\/v2\/media\/4996"}],"wp:attachment":[{"href":"https:\/\/gemap.es\/ca\/wp-json\/wp\/v2\/media?parent=4999"}],"wp:term":[{"taxonomy":"category","embeddable":true,"href":"https:\/\/gemap.es\/ca\/wp-json\/wp\/v2\/categories?post=4999"},{"taxonomy":"post_tag","embeddable":true,"href":"https:\/\/gemap.es\/ca\/wp-json\/wp\/v2\/tags?post=4999"}],"curies":[{"name":"wp","href":"https:\/\/api.w.org\/{rel}","templated":true}]}}