{"id":4911,"date":"2025-02-14T08:51:27","date_gmt":"2025-02-14T08:51:27","guid":{"rendered":"https:\/\/gemap.es\/?p=4911"},"modified":"2025-02-14T08:51:28","modified_gmt":"2025-02-14T08:51:28","slug":"delegacio-de-facultats-i-contracte-del-conseller-delegat-en-societats-mercantils","status":"publish","type":"post","link":"https:\/\/gemap.es\/ca\/delegacio-de-facultats-i-contracte-del-conseller-delegat-en-societats-mercantils\/","title":{"rendered":"Delegaci\u00f3 de facultats i contracte del conseller delegat en societats mercantils"},"content":{"rendered":"\n<p>D&#8217;acord amb la Llei de Societats de Capital, <strong>quan un membre del consell d&#8217;administraci\u00f3 sigui nomenat conseller delegat <\/strong>o se li atribueixin funcions executives mitjan\u00e7ant un poder general, <strong>caldr\u00e0 que se celebri un contracte entre aquest i la societat <\/strong>que haur\u00e0 de ser aprovat pr\u00e8viament pel consell d&#8217;administraci\u00f3 amb el vot favorable de les dues terceres parts dels seus membres.<\/p>\n\n\n\n<p>Us recordem que l&#8217;article 249.3 de la Llei de Societats de Capital, estableix amb relaci\u00f3 a la delegaci\u00f3 de facultats del consell d&#8217;administraci\u00f3, que quan un membre del consell d&#8217;administraci\u00f3 sigui nomenat conseller delegat o se li atribueixin funcions executives en virtut d&#8217;un altre t\u00edtol (per exemple, mitjan\u00e7ant un poder aprovat amb el membres.<\/p>\n\n\n\n<p>El conseller afectat haur\u00e0 d&#8217;abstenir-se d&#8217;assistir a la deliberaci\u00f3 i participar en la votaci\u00f3. El contracte aprovat s&#8217;haur\u00e0 d&#8217;incorporar com a annex a l&#8217;acta de la sessi\u00f3.<\/p>\n\n\n\n<h2 class=\"wp-block-heading\">Delegaci\u00f3 de facultats del Consell d&#8217;Administraci\u00f3<\/h2>\n\n\n\n<p><br>Hem de recordar que quan els estatuts de la societat no disposessin el contrari i sense perjudici dels apoderaments que pugui conferir a qualsevol persona, el consell d&#8217;administraci\u00f3 podr\u00e0 designar d&#8217;entre els seus membres un o m\u00e9s consellers delegats o comissions executives, establint-ne el contingut, els l\u00edmits i les modalitats de delegaci\u00f3.<\/p>\n\n\n\n<p>Nom\u00e9s si hi ha Consell d&#8217;Administraci\u00f3 es pot parlar de delegaci\u00f3 de facultats. L&#8217;administrador \u00fanic o els administradors solidaris poden apoderar per\u00f2 no delegar-ne les facultats en altres \u00f2rgans.<\/p>\n\n\n\n<p><strong>Atenci\u00f3. <\/strong>La delegaci\u00f3 permanent d&#8217;alguna facultat del consell d&#8217;administraci\u00f3 a la comissi\u00f3 executiva o al conseller delegat i la designaci\u00f3 dels administradors que hagin d&#8217;ocupar aquests c\u00e0rrecs requeriran per a la seva validesa el vot favorable de les dues terceres parts dels components del consell i no produiran cap efecte fins a la seva inscripci\u00f3 al Registre Mercantil.<br><\/p>\n\n\n\n<p>En cap cas <strong>no podran ser objecte de delegaci\u00f3:<\/strong><\/p>\n\n\n\n<p>a) La supervisi\u00f3 de l&#8217;efectiu funcionament de les comissions que hagi constitu\u00eft i de l&#8217;actuaci\u00f3 dels \u00f2rgans delegats i dels directius que hagi designat.<\/p>\n\n\n\n<p>b) La determinaci\u00f3 de les pol\u00edtiques i estrat\u00e8gies generals de la societat<\/p>\n\n\n\n<p>c) L&#8217;autoritzaci\u00f3 o la dispensa de les obligacions derivades del deure de lleialtat<\/p>\n\n\n\n<p>d) La pr\u00f2pia organitzaci\u00f3 i funcionament.<\/p>\n\n\n\n<p>e) La formulaci\u00f3 dels comptes anuals i la presentaci\u00f3 a la junta general.<\/p>\n\n\n\n<p>f) La formulaci\u00f3 de qualsevol classe dinforme exigit per la llei a l\u00f2rgan dadministraci\u00f3 sempre que loperaci\u00f3 a qu\u00e8 es refereix linforme no pugui ser delegada.<\/p>\n\n\n\n<p>g) El nomenament i la destituci\u00f3 dels consellers delegats de la societat, aix\u00ed com l&#8217;establiment de les condicions del seu contracte.<\/p>\n\n\n\n<p>h) El nomenament i la destituci\u00f3 dels directius que tinguin depend\u00e8ncia directa del consell o d&#8217;algun dels seus membres, aix\u00ed com l&#8217;establiment de les condicions b\u00e0siques dels seus contractes, incloent-hi la retribuci\u00f3.<\/p>\n\n\n\n<p>i) Les decisions relatives a la remuneraci\u00f3 dels consellers, dins del marc estatutari i, si escau, de la pol\u00edtica de remuneracions aprovada per la junta general.<\/p>\n\n\n\n<p>j) La convocat\u00f2ria de la junta general daccionistes i lelaboraci\u00f3 de lordre del dia i la proposta dacords.<\/p>\n\n\n\n<p>k) La pol\u00edtica relativa a les accions o participacions pr\u00f2pies.<\/p>\n\n\n\n<p>l) Les facultats que la junta general hagi delegat al consell d&#8217;administraci\u00f3, llevat que hagi estat expressament autoritzat per ella per subdelegar-les.<\/p>\n\n\n\n<h2 class=\"wp-block-heading\">Posici\u00f3 del Registre Mercantil<\/h2>\n\n\n\n<p>El <strong>Registre Mercantil <\/strong>ha comen\u00e7at a rebutjar la inscripci\u00f3 del nomenament de <strong>Consellers Delegats<\/strong> si a la certificaci\u00f3 de l&#8217;acord o a l&#8217;escriptura no consta la subscripci\u00f3 del contracte corresponent. Per tant, \u00e9s essencial que:<\/p>\n\n\n\n<ul class=\"wp-block-list\">\n<li>Es documenti adequadament el contracte i s&#8217;adjunti a l&#8217;acta del Consell.<\/li>\n\n\n\n<li>S&#8217;hi inclogui una refer\u00e8ncia expressa a l&#8217;escriptura de nomenament.<\/li>\n\n\n\n<li>Es verifiqui el compliment dels requisits legals per evitar demores a la inscripci\u00f3.<\/li>\n<\/ul>\n\n\n\n<h2 class=\"wp-block-heading\">Excepci\u00f3 en cas de gratu\u00eftat<br><\/h2>\n\n\n\n<p>L&#8217;Audi\u00e8ncia Provincial de Madrid ha resolt en la Sent\u00e8ncia 311\/2024, de 4 d&#8217;octubre de 2024, que l&#8217;obligaci\u00f3 de subscriure un contracte entre la societat i el Conseller Delegat no es justifica quan aquest c\u00e0rrec no \u00e9s remunerat. Aquest criteri contrav\u00e9 la postura del Registre Mercantil i podria obrir la porta a futures interpretacions m\u00e9s flexibles.<\/p>\n\n\n\n<p>Per qualsevol dubte o aclariment, quedem a la vostra disposici\u00f3.<\/p>\n","protected":false},"excerpt":{"rendered":"<p>D&#8217;acord amb la Llei de Societats de Capital, quan un membre del consell d&#8217;administraci\u00f3 sigui nomenat conseller delegat o se li atribueixin funcions executives mitjan\u00e7ant un poder general, caldr\u00e0 que se celebri un contracte entre aquest i la societat que haur\u00e0 de ser aprovat pr\u00e8viament pel consell d&#8217;administraci\u00f3 amb el vot favorable de les dues [&hellip;]<\/p>\n","protected":false},"author":3,"featured_media":4908,"comment_status":"closed","ping_status":"open","sticky":false,"template":"","format":"standard","meta":{"_acf_changed":false,"footnotes":""},"categories":[38],"tags":[],"class_list":["post-4911","post","type-post","status-publish","format-standard","has-post-thumbnail","hentry","category-empresas-ca"],"acf":[],"yoast_head":"<!-- This site is optimized with the Yoast SEO plugin v27.4 - https:\/\/yoast.com\/product\/yoast-seo-wordpress\/ -->\n<title>Delegaci\u00f3 de facultats i contracte del conseller delegat en societats mercantils - Gemap<\/title>\n<meta name=\"robots\" content=\"index, follow, max-snippet:-1, max-image-preview:large, max-video-preview:-1\" \/>\n<link rel=\"canonical\" href=\"https:\/\/gemap.es\/ca\/delegacio-de-facultats-i-contracte-del-conseller-delegat-en-societats-mercantils\/\" \/>\n<meta property=\"og:locale\" content=\"ca_ES\" \/>\n<meta property=\"og:type\" content=\"article\" \/>\n<meta property=\"og:title\" content=\"Delegaci\u00f3 de facultats i contracte del conseller delegat en societats mercantils - Gemap\" \/>\n<meta property=\"og:description\" content=\"D&#8217;acord amb la Llei de Societats de Capital, quan un membre del consell d&#8217;administraci\u00f3 sigui nomenat conseller delegat o se li atribueixin funcions executives mitjan\u00e7ant un poder general, caldr\u00e0 que se celebri un contracte entre aquest i la societat que haur\u00e0 de ser aprovat pr\u00e8viament pel consell d&#8217;administraci\u00f3 amb el vot favorable de les dues [&hellip;]\" \/>\n<meta property=\"og:url\" content=\"https:\/\/gemap.es\/ca\/delegacio-de-facultats-i-contracte-del-conseller-delegat-en-societats-mercantils\/\" \/>\n<meta property=\"og:site_name\" content=\"Gemap\" \/>\n<meta property=\"article:publisher\" content=\"https:\/\/www.facebook.com\/gemap.ius\/\" \/>\n<meta property=\"article:published_time\" content=\"2025-02-14T08:51:27+00:00\" \/>\n<meta property=\"article:modified_time\" content=\"2025-02-14T08:51:28+00:00\" \/>\n<meta property=\"og:image\" content=\"https:\/\/gemap.es\/wp-content\/uploads\/2025\/02\/pexels-photo-5990042_1738935194.jpeg\" \/>\n\t<meta property=\"og:image:width\" content=\"810\" \/>\n\t<meta property=\"og:image:height\" content=\"450\" \/>\n\t<meta property=\"og:image:type\" content=\"image\/jpeg\" \/>\n<meta name=\"author\" content=\"Gemap\" \/>\n<meta name=\"twitter:card\" content=\"summary_large_image\" \/>\n<meta name=\"twitter:creator\" content=\"@gemapius\" \/>\n<meta name=\"twitter:site\" content=\"@gemapius\" \/>\n<meta name=\"twitter:label1\" content=\"Escrit per\" \/>\n\t<meta name=\"twitter:data1\" content=\"Gemap\" \/>\n\t<meta name=\"twitter:label2\" content=\"Temps estimat de lectura\" \/>\n\t<meta name=\"twitter:data2\" content=\"4 minuts\" \/>\n<script type=\"application\/ld+json\" class=\"yoast-schema-graph\">{\"@context\":\"https:\\\/\\\/schema.org\",\"@graph\":[{\"@type\":\"Article\",\"@id\":\"https:\\\/\\\/gemap.es\\\/ca\\\/delegacio-de-facultats-i-contracte-del-conseller-delegat-en-societats-mercantils\\\/#article\",\"isPartOf\":{\"@id\":\"https:\\\/\\\/gemap.es\\\/ca\\\/delegacio-de-facultats-i-contracte-del-conseller-delegat-en-societats-mercantils\\\/\"},\"author\":{\"name\":\"Gemap\",\"@id\":\"https:\\\/\\\/gemap.es\\\/ca\\\/#\\\/schema\\\/person\\\/488bf7c00c857d972c990318b7048431\"},\"headline\":\"Delegaci\u00f3 de facultats i contracte del conseller delegat en societats mercantils\",\"datePublished\":\"2025-02-14T08:51:27+00:00\",\"dateModified\":\"2025-02-14T08:51:28+00:00\",\"mainEntityOfPage\":{\"@id\":\"https:\\\/\\\/gemap.es\\\/ca\\\/delegacio-de-facultats-i-contracte-del-conseller-delegat-en-societats-mercantils\\\/\"},\"wordCount\":729,\"publisher\":{\"@id\":\"https:\\\/\\\/gemap.es\\\/ca\\\/#organization\"},\"image\":{\"@id\":\"https:\\\/\\\/gemap.es\\\/ca\\\/delegacio-de-facultats-i-contracte-del-conseller-delegat-en-societats-mercantils\\\/#primaryimage\"},\"thumbnailUrl\":\"https:\\\/\\\/gemap.es\\\/wp-content\\\/uploads\\\/2025\\\/02\\\/pexels-photo-5990042_1738935194.jpeg\",\"articleSection\":[\"Empresas\"],\"inLanguage\":\"ca\"},{\"@type\":\"WebPage\",\"@id\":\"https:\\\/\\\/gemap.es\\\/ca\\\/delegacio-de-facultats-i-contracte-del-conseller-delegat-en-societats-mercantils\\\/\",\"url\":\"https:\\\/\\\/gemap.es\\\/ca\\\/delegacio-de-facultats-i-contracte-del-conseller-delegat-en-societats-mercantils\\\/\",\"name\":\"Delegaci\u00f3 de facultats i contracte del conseller delegat en societats mercantils - Gemap\",\"isPartOf\":{\"@id\":\"https:\\\/\\\/gemap.es\\\/ca\\\/#website\"},\"primaryImageOfPage\":{\"@id\":\"https:\\\/\\\/gemap.es\\\/ca\\\/delegacio-de-facultats-i-contracte-del-conseller-delegat-en-societats-mercantils\\\/#primaryimage\"},\"image\":{\"@id\":\"https:\\\/\\\/gemap.es\\\/ca\\\/delegacio-de-facultats-i-contracte-del-conseller-delegat-en-societats-mercantils\\\/#primaryimage\"},\"thumbnailUrl\":\"https:\\\/\\\/gemap.es\\\/wp-content\\\/uploads\\\/2025\\\/02\\\/pexels-photo-5990042_1738935194.jpeg\",\"datePublished\":\"2025-02-14T08:51:27+00:00\",\"dateModified\":\"2025-02-14T08:51:28+00:00\",\"breadcrumb\":{\"@id\":\"https:\\\/\\\/gemap.es\\\/ca\\\/delegacio-de-facultats-i-contracte-del-conseller-delegat-en-societats-mercantils\\\/#breadcrumb\"},\"inLanguage\":\"ca\",\"potentialAction\":[{\"@type\":\"ReadAction\",\"target\":[\"https:\\\/\\\/gemap.es\\\/ca\\\/delegacio-de-facultats-i-contracte-del-conseller-delegat-en-societats-mercantils\\\/\"]}]},{\"@type\":\"ImageObject\",\"inLanguage\":\"ca\",\"@id\":\"https:\\\/\\\/gemap.es\\\/ca\\\/delegacio-de-facultats-i-contracte-del-conseller-delegat-en-societats-mercantils\\\/#primaryimage\",\"url\":\"https:\\\/\\\/gemap.es\\\/wp-content\\\/uploads\\\/2025\\\/02\\\/pexels-photo-5990042_1738935194.jpeg\",\"contentUrl\":\"https:\\\/\\\/gemap.es\\\/wp-content\\\/uploads\\\/2025\\\/02\\\/pexels-photo-5990042_1738935194.jpeg\",\"width\":810,\"height\":450,\"caption\":\"contrato del Consejero Delegado\"},{\"@type\":\"BreadcrumbList\",\"@id\":\"https:\\\/\\\/gemap.es\\\/ca\\\/delegacio-de-facultats-i-contracte-del-conseller-delegat-en-societats-mercantils\\\/#breadcrumb\",\"itemListElement\":[{\"@type\":\"ListItem\",\"position\":1,\"name\":\"Portada\",\"item\":\"https:\\\/\\\/gemap.es\\\/ca\\\/home\\\/\"},{\"@type\":\"ListItem\",\"position\":2,\"name\":\"Delegaci\u00f3 de facultats i contracte del conseller delegat en societats mercantils\"}]},{\"@type\":\"WebSite\",\"@id\":\"https:\\\/\\\/gemap.es\\\/ca\\\/#website\",\"url\":\"https:\\\/\\\/gemap.es\\\/ca\\\/\",\"name\":\"Gemap\",\"description\":\"By your side\",\"publisher\":{\"@id\":\"https:\\\/\\\/gemap.es\\\/ca\\\/#organization\"},\"potentialAction\":[{\"@type\":\"SearchAction\",\"target\":{\"@type\":\"EntryPoint\",\"urlTemplate\":\"https:\\\/\\\/gemap.es\\\/ca\\\/?s={search_term_string}\"},\"query-input\":{\"@type\":\"PropertyValueSpecification\",\"valueRequired\":true,\"valueName\":\"search_term_string\"}}],\"inLanguage\":\"ca\"},{\"@type\":\"Organization\",\"@id\":\"https:\\\/\\\/gemap.es\\\/ca\\\/#organization\",\"name\":\"Gemap\",\"url\":\"https:\\\/\\\/gemap.es\\\/ca\\\/\",\"logo\":{\"@type\":\"ImageObject\",\"inLanguage\":\"ca\",\"@id\":\"https:\\\/\\\/gemap.es\\\/ca\\\/#\\\/schema\\\/logo\\\/image\\\/\",\"url\":\"https:\\\/\\\/gemap.es\\\/wp-content\\\/uploads\\\/2024\\\/11\\\/logo.svg\",\"contentUrl\":\"https:\\\/\\\/gemap.es\\\/wp-content\\\/uploads\\\/2024\\\/11\\\/logo.svg\",\"width\":340,\"height\":106,\"caption\":\"Gemap\"},\"image\":{\"@id\":\"https:\\\/\\\/gemap.es\\\/ca\\\/#\\\/schema\\\/logo\\\/image\\\/\"},\"sameAs\":[\"https:\\\/\\\/www.facebook.com\\\/gemap.ius\\\/\",\"https:\\\/\\\/x.com\\\/gemapius\",\"https:\\\/\\\/www.instagram.com\\\/gemap_asesoria\\\/\"]},{\"@type\":\"Person\",\"@id\":\"https:\\\/\\\/gemap.es\\\/ca\\\/#\\\/schema\\\/person\\\/488bf7c00c857d972c990318b7048431\",\"name\":\"Gemap\",\"image\":{\"@type\":\"ImageObject\",\"inLanguage\":\"ca\",\"@id\":\"https:\\\/\\\/secure.gravatar.com\\\/avatar\\\/880b2d735ee66ddf8c6e5f2e1a757b4b21b0814cea10dfaa193a4929cfce8057?s=96&d=mm&r=g\",\"url\":\"https:\\\/\\\/secure.gravatar.com\\\/avatar\\\/880b2d735ee66ddf8c6e5f2e1a757b4b21b0814cea10dfaa193a4929cfce8057?s=96&d=mm&r=g\",\"contentUrl\":\"https:\\\/\\\/secure.gravatar.com\\\/avatar\\\/880b2d735ee66ddf8c6e5f2e1a757b4b21b0814cea10dfaa193a4929cfce8057?s=96&d=mm&r=g\",\"caption\":\"Gemap\"},\"url\":\"https:\\\/\\\/gemap.es\\\/ca\\\/author\\\/gemap\\\/\"}]}<\/script>\n<!-- \/ Yoast SEO plugin. -->","yoast_head_json":{"title":"Delegaci\u00f3 de facultats i contracte del conseller delegat en societats mercantils - Gemap","robots":{"index":"index","follow":"follow","max-snippet":"max-snippet:-1","max-image-preview":"max-image-preview:large","max-video-preview":"max-video-preview:-1"},"canonical":"https:\/\/gemap.es\/ca\/delegacio-de-facultats-i-contracte-del-conseller-delegat-en-societats-mercantils\/","og_locale":"ca_ES","og_type":"article","og_title":"Delegaci\u00f3 de facultats i contracte del conseller delegat en societats mercantils - Gemap","og_description":"D&#8217;acord amb la Llei de Societats de Capital, quan un membre del consell d&#8217;administraci\u00f3 sigui nomenat conseller delegat o se li atribueixin funcions executives mitjan\u00e7ant un poder general, caldr\u00e0 que se celebri un contracte entre aquest i la societat que haur\u00e0 de ser aprovat pr\u00e8viament pel consell d&#8217;administraci\u00f3 amb el vot favorable de les dues [&hellip;]","og_url":"https:\/\/gemap.es\/ca\/delegacio-de-facultats-i-contracte-del-conseller-delegat-en-societats-mercantils\/","og_site_name":"Gemap","article_publisher":"https:\/\/www.facebook.com\/gemap.ius\/","article_published_time":"2025-02-14T08:51:27+00:00","article_modified_time":"2025-02-14T08:51:28+00:00","og_image":[{"width":810,"height":450,"url":"https:\/\/gemap.es\/wp-content\/uploads\/2025\/02\/pexels-photo-5990042_1738935194.jpeg","type":"image\/jpeg"}],"author":"Gemap","twitter_card":"summary_large_image","twitter_creator":"@gemapius","twitter_site":"@gemapius","twitter_misc":{"Escrit per":"Gemap","Temps estimat de lectura":"4 minuts"},"schema":{"@context":"https:\/\/schema.org","@graph":[{"@type":"Article","@id":"https:\/\/gemap.es\/ca\/delegacio-de-facultats-i-contracte-del-conseller-delegat-en-societats-mercantils\/#article","isPartOf":{"@id":"https:\/\/gemap.es\/ca\/delegacio-de-facultats-i-contracte-del-conseller-delegat-en-societats-mercantils\/"},"author":{"name":"Gemap","@id":"https:\/\/gemap.es\/ca\/#\/schema\/person\/488bf7c00c857d972c990318b7048431"},"headline":"Delegaci\u00f3 de facultats i contracte del conseller delegat en societats mercantils","datePublished":"2025-02-14T08:51:27+00:00","dateModified":"2025-02-14T08:51:28+00:00","mainEntityOfPage":{"@id":"https:\/\/gemap.es\/ca\/delegacio-de-facultats-i-contracte-del-conseller-delegat-en-societats-mercantils\/"},"wordCount":729,"publisher":{"@id":"https:\/\/gemap.es\/ca\/#organization"},"image":{"@id":"https:\/\/gemap.es\/ca\/delegacio-de-facultats-i-contracte-del-conseller-delegat-en-societats-mercantils\/#primaryimage"},"thumbnailUrl":"https:\/\/gemap.es\/wp-content\/uploads\/2025\/02\/pexels-photo-5990042_1738935194.jpeg","articleSection":["Empresas"],"inLanguage":"ca"},{"@type":"WebPage","@id":"https:\/\/gemap.es\/ca\/delegacio-de-facultats-i-contracte-del-conseller-delegat-en-societats-mercantils\/","url":"https:\/\/gemap.es\/ca\/delegacio-de-facultats-i-contracte-del-conseller-delegat-en-societats-mercantils\/","name":"Delegaci\u00f3 de facultats i contracte del conseller delegat en societats mercantils - Gemap","isPartOf":{"@id":"https:\/\/gemap.es\/ca\/#website"},"primaryImageOfPage":{"@id":"https:\/\/gemap.es\/ca\/delegacio-de-facultats-i-contracte-del-conseller-delegat-en-societats-mercantils\/#primaryimage"},"image":{"@id":"https:\/\/gemap.es\/ca\/delegacio-de-facultats-i-contracte-del-conseller-delegat-en-societats-mercantils\/#primaryimage"},"thumbnailUrl":"https:\/\/gemap.es\/wp-content\/uploads\/2025\/02\/pexels-photo-5990042_1738935194.jpeg","datePublished":"2025-02-14T08:51:27+00:00","dateModified":"2025-02-14T08:51:28+00:00","breadcrumb":{"@id":"https:\/\/gemap.es\/ca\/delegacio-de-facultats-i-contracte-del-conseller-delegat-en-societats-mercantils\/#breadcrumb"},"inLanguage":"ca","potentialAction":[{"@type":"ReadAction","target":["https:\/\/gemap.es\/ca\/delegacio-de-facultats-i-contracte-del-conseller-delegat-en-societats-mercantils\/"]}]},{"@type":"ImageObject","inLanguage":"ca","@id":"https:\/\/gemap.es\/ca\/delegacio-de-facultats-i-contracte-del-conseller-delegat-en-societats-mercantils\/#primaryimage","url":"https:\/\/gemap.es\/wp-content\/uploads\/2025\/02\/pexels-photo-5990042_1738935194.jpeg","contentUrl":"https:\/\/gemap.es\/wp-content\/uploads\/2025\/02\/pexels-photo-5990042_1738935194.jpeg","width":810,"height":450,"caption":"contrato del Consejero Delegado"},{"@type":"BreadcrumbList","@id":"https:\/\/gemap.es\/ca\/delegacio-de-facultats-i-contracte-del-conseller-delegat-en-societats-mercantils\/#breadcrumb","itemListElement":[{"@type":"ListItem","position":1,"name":"Portada","item":"https:\/\/gemap.es\/ca\/home\/"},{"@type":"ListItem","position":2,"name":"Delegaci\u00f3 de facultats i contracte del conseller delegat en societats mercantils"}]},{"@type":"WebSite","@id":"https:\/\/gemap.es\/ca\/#website","url":"https:\/\/gemap.es\/ca\/","name":"Gemap","description":"By your side","publisher":{"@id":"https:\/\/gemap.es\/ca\/#organization"},"potentialAction":[{"@type":"SearchAction","target":{"@type":"EntryPoint","urlTemplate":"https:\/\/gemap.es\/ca\/?s={search_term_string}"},"query-input":{"@type":"PropertyValueSpecification","valueRequired":true,"valueName":"search_term_string"}}],"inLanguage":"ca"},{"@type":"Organization","@id":"https:\/\/gemap.es\/ca\/#organization","name":"Gemap","url":"https:\/\/gemap.es\/ca\/","logo":{"@type":"ImageObject","inLanguage":"ca","@id":"https:\/\/gemap.es\/ca\/#\/schema\/logo\/image\/","url":"https:\/\/gemap.es\/wp-content\/uploads\/2024\/11\/logo.svg","contentUrl":"https:\/\/gemap.es\/wp-content\/uploads\/2024\/11\/logo.svg","width":340,"height":106,"caption":"Gemap"},"image":{"@id":"https:\/\/gemap.es\/ca\/#\/schema\/logo\/image\/"},"sameAs":["https:\/\/www.facebook.com\/gemap.ius\/","https:\/\/x.com\/gemapius","https:\/\/www.instagram.com\/gemap_asesoria\/"]},{"@type":"Person","@id":"https:\/\/gemap.es\/ca\/#\/schema\/person\/488bf7c00c857d972c990318b7048431","name":"Gemap","image":{"@type":"ImageObject","inLanguage":"ca","@id":"https:\/\/secure.gravatar.com\/avatar\/880b2d735ee66ddf8c6e5f2e1a757b4b21b0814cea10dfaa193a4929cfce8057?s=96&d=mm&r=g","url":"https:\/\/secure.gravatar.com\/avatar\/880b2d735ee66ddf8c6e5f2e1a757b4b21b0814cea10dfaa193a4929cfce8057?s=96&d=mm&r=g","contentUrl":"https:\/\/secure.gravatar.com\/avatar\/880b2d735ee66ddf8c6e5f2e1a757b4b21b0814cea10dfaa193a4929cfce8057?s=96&d=mm&r=g","caption":"Gemap"},"url":"https:\/\/gemap.es\/ca\/author\/gemap\/"}]}},"_links":{"self":[{"href":"https:\/\/gemap.es\/ca\/wp-json\/wp\/v2\/posts\/4911","targetHints":{"allow":["GET"]}}],"collection":[{"href":"https:\/\/gemap.es\/ca\/wp-json\/wp\/v2\/posts"}],"about":[{"href":"https:\/\/gemap.es\/ca\/wp-json\/wp\/v2\/types\/post"}],"author":[{"embeddable":true,"href":"https:\/\/gemap.es\/ca\/wp-json\/wp\/v2\/users\/3"}],"replies":[{"embeddable":true,"href":"https:\/\/gemap.es\/ca\/wp-json\/wp\/v2\/comments?post=4911"}],"version-history":[{"count":0,"href":"https:\/\/gemap.es\/ca\/wp-json\/wp\/v2\/posts\/4911\/revisions"}],"wp:featuredmedia":[{"embeddable":true,"href":"https:\/\/gemap.es\/ca\/wp-json\/wp\/v2\/media\/4908"}],"wp:attachment":[{"href":"https:\/\/gemap.es\/ca\/wp-json\/wp\/v2\/media?parent=4911"}],"wp:term":[{"taxonomy":"category","embeddable":true,"href":"https:\/\/gemap.es\/ca\/wp-json\/wp\/v2\/categories?post=4911"},{"taxonomy":"post_tag","embeddable":true,"href":"https:\/\/gemap.es\/ca\/wp-json\/wp\/v2\/tags?post=4911"}],"curies":[{"name":"wp","href":"https:\/\/api.w.org\/{rel}","templated":true}]}}