{"id":4782,"date":"2025-01-09T10:23:28","date_gmt":"2025-01-09T10:23:28","guid":{"rendered":"https:\/\/gemap.es\/?p=4782"},"modified":"2025-01-09T10:23:29","modified_gmt":"2025-01-09T10:23:29","slug":"aquest-es-el-calendari-del-contribuent-2025","status":"publish","type":"post","link":"https:\/\/gemap.es\/ca\/aquest-es-el-calendari-del-contribuent-2025\/","title":{"rendered":"Aquest \u00e9s el calendari del contribuent 2025"},"content":{"rendered":"\n<p>Ja s&#8217;ha publicat el Calendari del Contribuent per a l&#8217;any 2025. Amb aix\u00f2, <strong>es facilita el coneixement de les obligacions tribut\u00e0ries estatals principals, peri\u00f2diques i no peri\u00f2diques, models de declaraci\u00f3 i terminis al llarg de l&#8217;exercici 2025.<\/strong><\/p>\n\n\n\n<p>Aquest calendari s&#8217;ha confeccionat al desembre de 2024, i hi ha projectes normatius en tramitaci\u00f3.<\/p>\n\n\n\n<ul class=\"wp-block-list\">\n<li>Atenci\u00f3! Si el venciment coincideix amb una festivitat local o auton\u00f2mica, el termini finalitza el primer dia h\u00e0bil seg\u00fcent a l&#8217;assenyalat en aquest calendari, excepte per al model 369 (el termini de presentaci\u00f3 no varia, encara que el darrer dia del termini coincideixi amb caps de setmana o festius).<\/li>\n\n\n\n<li>Al <strong>model 360,<\/strong> si el venciment del termini coincideix amb un dia inh\u00e0bil a Espanya, el termini finalitzar\u00e0 el primer dia h\u00e0bil respecte de les sol\u00b7licituds de devoluci\u00f3 de l&#8217;IVA suportat a Espanya per empreses de Can\u00e0ries, Ceuta i Melilla. Aquest mateix termini \u00e9s aplicable a sol\u00b7licituds de devoluci\u00f3 d&#8217;IVA suportat a Espanya presentades per empreses establertes a altres Estats membres de la UE presentades al seu propi pa\u00eds. En canvi, les empreses espanyoles que vulguin sol\u00b7licitar la devoluci\u00f3 de l&#8217;IVA suportat en un altre Estat membre han d&#8217;atendre el termini vigent a aquest Estat.<\/li>\n<\/ul>\n\n\n\n<p><strong>NOVETATS AL CALENDARI DE L&#8217;ANY 2025<\/strong><\/p>\n\n\n\n<p><strong>Model 283.<\/strong> \u00abDeclaraci\u00f3 informativa anual dajuts rebuts en el marc del R\u00e8gim fiscal especial de les Illes Balears\u00bb.<\/p>\n\n\n\n<ul class=\"wp-block-list\">\n<li>El termini de presentaci\u00f3 per a contribuents de l&#8217;IRPF i de l&#8217;IRNR sense establiment permanent \u00e9s el de presentaci\u00f3 de la declaraci\u00f3 de l&#8217;IRPF del 2024: fins al 30 de juny.<\/li>\n\n\n\n<li>El termini de presentaci\u00f3 per a contribuents de l&#8217;impost sobre societats i de l&#8217;IRNR amb establiment permanent \u00e9s el de presentaci\u00f3 de la declaraci\u00f3 de l&#8217;impost sobre societats de 2024: fins al 25 de juliol, per a entitats el per\u00edode impositiu de les quals coincideixi amb l&#8217;any natural.<\/li>\n<\/ul>\n\n\n\n<p><strong>RECORDE:<\/strong><\/p>\n\n\n\n<p><strong>Identificaci\u00f3 per presentar les autoliquidacions<\/strong><\/p>\n\n\n\n<ul class=\"wp-block-list\">\n<li>La presentaci\u00f3 electr\u00f2nica per Internet es pot fer amb certificat electr\u00f2nic, DNI electr\u00f2nic, Cl@ve o n\u00famero de refer\u00e8ncia. Per a tots els models es podr\u00e0 utilitzar el certificat electr\u00f2nic i\/o el DNI electr\u00f2nic, b\u00e9 de persones f\u00edsiques, de representants de persones jur\u00eddiques o dentitats sense personalitat jur\u00eddica. El sistema Cl@ve i el n\u00famero de refer\u00e8ncia nom\u00e9s podran ser utilitzats per persones f\u00edsiques.<\/li>\n\n\n\n<li>Les persones f\u00edsiques disposen del certificat electr\u00f2nic, DNI electr\u00f2nic, Cl@ve o n\u00famero de refer\u00e8ncia per presentar, si escau, declaracions informatives, censals, determinades autoliquidacions, comunicacions i sol\u00b7licituds de devoluci\u00f3, de naturalesa tribut\u00e0ria.<\/li>\n<\/ul>\n\n\n\n<p>El sistema Cl@ve, d\u00fas exclusiu per persones f\u00edsiques, es podr\u00e0 utilitzar per presentar els models 01, 04, 030, 035, 036, 037, 038, 100, 102, 111, 115, 117, 121, 122, 123, 124, 126, 128, 130, 131, 136, 140, 143, 149, 151, 180, 182, 187, 188, 190, 193, 198, 200, 202, 3 5, 236, 238, 239, 282, 283, 296, 303, 308, 309, 318, 341, 345, 347, 349, 360, 361, 364, 365, 368, 369, 390, 560, 565, 8 9, 590, 604, 650, 651, 655, 714, 720 i 721.<\/p>\n\n\n\n<p>El n\u00famero de refer\u00e8ncia permet, nom\u00e9s a les persones f\u00edsiques, fer gestions relatives a l&#8217;IRPF.<\/p>\n\n\n\n<ul class=\"wp-block-list\">\n<li>Les S.A. i S.L., aix\u00ed com els contribuents adscrits a les Unitats de Gesti\u00f3 de Grans Empreses oa la Delegaci\u00f3 Central de Grans Contribuents, estan obligats a presentar per Internet amb certificat electr\u00f2nic les seues declaracions informatives, autoliquidacions i amb car\u00e0cter general tamb\u00e9 les seues declaracions censals.<\/li>\n\n\n\n<li>La resta dentitats (cooperatives, associacions, fundacions) presentaran les autoliquidacions per Internet amb certificat electr\u00f2nic o pre-declaraci\u00f3 impresa i les declaracions informatives per Internet amb certificat electr\u00f2nic.<\/li>\n\n\n\n<li>Les administracions p\u00fabliques estan obligades a la presentaci\u00f3 per Internet amb certificat electr\u00f2nic.<\/li>\n\n\n\n<li>Acc\u00e9s ciutadans UE (eIDAS). Permet als ciutadans d&#8217;un pa\u00eds de la UE fer servir els mecanismes d&#8217;identificaci\u00f3 i autenticaci\u00f3 facilitats per un altre pa\u00eds de la UE, per accedir a serveis p\u00fablics a altres pa\u00efsos membres. Per accedir als serveis de l&#8217;AEAT mitjan\u00e7ant el sistema eIDAS, cal que el ciutad\u00e0 de la UE tingui un identificador d&#8217;identitat espanyol com un DNI, un NIE, un NIF L o NIF M. Inicialment, l&#8217;Ag\u00e8ncia Tribut\u00e0ria oferir\u00e0 l&#8217;autenticaci\u00f3 eIDAS en alguns dels principals tr\u00e0mits i nom\u00e9s per als exercicis m\u00e9s recents. L&#8217;eIDAS es podr\u00e0 utilitzar en els models seg\u00fcents: 100, 200, 202, 210, 303, 322, 353, 390, 650, 651 i 655.<\/li>\n<\/ul>\n\n\n\n<p><strong>Dates de campanya de Renda i Patrimoni<\/strong><\/p>\n\n\n\n<p>Us recordem les dates per confeccionar la vostra declaraci\u00f3 de Renda i Patrimoni 2024:<\/p>\n\n\n\n<ul class=\"wp-block-list\">\n<li><strong>2 d&#8217;abril fins al 30 de juny del 2025: <\/strong>presentaci\u00f3 per Internet de les declaracions de Renda i Patrimoni 2024.<\/li>\n<\/ul>\n\n\n\n<p><strong>Altres q\u00fcestions d&#8217;inter\u00e8s<\/strong><\/p>\n\n\n\n<ul class=\"wp-block-list\">\n<li>Queden exonerats de presentar el <strong>model 390<\/strong> \u00abDeclaraci\u00f3-Resum anual de l&#8217;IVA\u00bb els contribuents que, fent liquidacions trimestrals d&#8217;IVA, tributin nom\u00e9s en territori com\u00fa i realitzin activitats en r\u00e8gim simplificat i\/o operacions d&#8217;arrendament de b\u00e9ns immobles urbans (encara que realitzin, a m\u00e9s, activitats per les quals no hi hagi obligaci\u00f3 de presentar autoliquidacions peri\u00f2diques), aix\u00ed com els subjectes passius que portin els llibres registre a trav\u00e9s de la Seu electr\u00f2nica de l&#8217;Ag\u00e8ncia Tribut\u00e0ria ha d&#8217;emplenar la informaci\u00f3 addicional sol\u00b7licitada, a l&#8217;autoliquidaci\u00f3 del darrer per\u00edode de liquidaci\u00f3 del model 303 d&#8217;IVA de l&#8217;exercici. L&#8217;exoneraci\u00f3 no \u00e9s procedent quan no hi hagi obligaci\u00f3 de presentar l&#8217;autoliquidaci\u00f3 corresponent a l&#8217;\u00faltim per\u00edode de liquidaci\u00f3 de l&#8217;exercici.<\/li>\n\n\n\n<li>El <strong>sistema de porta de llibres registre<\/strong> a trav\u00e9s de la Seu electr\u00f2nica de l&#8217;Ag\u00e8ncia Tribut\u00e0ria \u2013 SII \u2013 consistent en el subministrament electr\u00f2nic dels registres de facturaci\u00f3, \u00e9s obligatori des de l&#8217;1 de juliol de 2017, per a empresaris, professionals i altres subjectes passius el per\u00edode dels quals de liquidaci\u00f3 coincideixi amb el mes natural: grans empreses (volum d&#8217;operacions d&#8217;acord amb l&#8217;article 121 LIVA superior a 6.010.121,04 \u20ac l&#8217;any anterior), grups d&#8217;IVA i inscrits al REDEME (Registre de Devoluci\u00f3 mensual de l&#8217;IVA ).<\/li>\n<\/ul>\n\n\n\n<p>1. Els qui no estiguin obligats a acollir-se al SII ho podran fer de forma volunt\u00e0ria, exercint l&#8217;opci\u00f3 al model 036 que es podr\u00e0 presentar durant tot l&#8217;exercici i tindr\u00e0 efecte per al primer per\u00edode de liquidaci\u00f3 que s&#8217;inici\u00ef despr\u00e9s d&#8217;exercir aquesta opci\u00f3. L&#8217;opci\u00f3 s&#8217;entendr\u00e0 prorrogada per als anys seg\u00fcents mentre no es renunci\u00ef a aplicar-la. La ren\u00fancia es far\u00e0 al model 036 durant el mes de novembre anterior a l&#8217;inici de l&#8217;any en qu\u00e8 hagi de tenir efecte.<br><\/p>\n\n\n\n<ul class=\"wp-block-list\">\n<li>2. Aquells que apliquin el SII estan exonerats de presentar els models 347 &#8220;Declaraci\u00f3 d&#8217;operacions amb terceres persones&#8221; i 390 &#8220;Declaraci\u00f3-resum anual de l&#8217;IVA&#8221;.<\/li>\n\n\n\n<li>Es presentaran a trav\u00e9s de la Seu electr\u00f2nica de l&#8217;Ag\u00e8ncia Tribut\u00e0ria al sistema SIANE, la informaci\u00f3 relativa a albarans de circulaci\u00f3 i notes de lliurament (procediment de vendes en ruta), comprovants de lliurament expedits per documentar avituallaments de carburants exempts de l&#8217;impost sobre hidrocarburs a aeronaus, i la sol\u00b7licitud de devoluci\u00f3 pel gasoil marcat subministrat a embarcacions amb devoluci\u00f3 de l&#8217;impost sobre hidrocarburs (articles 27, 101, 102 i 110 del Reglament dels impostos especials).<\/li>\n\n\n\n<li>Es presentar\u00e0 a trav\u00e9s del <strong>sistema EMCS INTERN (versi\u00f3 2)<\/strong>, la informaci\u00f3 relativa a avituallaments de carburants a embarcacions amb exempci\u00f3 de l&#8217;impost sobre hidrocarburs que no es facin a trav\u00e9s del procediment de vendes en ruta.<\/li>\n\n\n\n<li>Estan exonerats de l&#8217;obligaci\u00f3 de presentar les declaracions d&#8217;operacions en relaci\u00f3 amb els impostos especials de fabricaci\u00f3 (models 553, 554, 555, 556, 557, 558, 570 i 580) els establiments que portin la comptabilitat dels productes objecte dels impostos. Especials de fabricaci\u00f3 a trav\u00e9s de la Seu electr\u00f2nica de l&#8217;Ag\u00e8ncia Tribut\u00e0ria.<\/li>\n\n\n\n<li>Els establiments autoritzats com a f\u00e0briques, dip\u00f2sits fiscals, magatzems fiscals, dip\u00f2sits de recepci\u00f3 i f\u00e0briques de vinagre estaran obligats a portar la comptabilitat dels impostos especials de fabricaci\u00f3 a trav\u00e9s de la Seu electr\u00f2nica de l&#8217;Ag\u00e8ncia Tribut\u00e0ria des de l&#8217;1 de gener de 2020.<\/li>\n\n\n\n<li>Els fabricants de productes objecte de l&#8217;impost especial sobre els envasos de pl\u00e0stic no reutilitzables obligats a portar la comptabilitat d&#8217;exist\u00e8ncies han de complir la seva obligaci\u00f3 a trav\u00e9s de la seu electr\u00f2nica de l&#8217;Ag\u00e8ncia Tribut\u00e0ria.<\/li>\n\n\n\n<li>Els adquirents intracomunitaris de productes objecte de l&#8217;impost especial sobre els envasos de pl\u00e0stic no reutilitzables obligats a presentar el llibre registre d&#8217;exist\u00e8ncies han de complir la seva obligaci\u00f3 a trav\u00e9s de la seu electr\u00f2nica de l&#8217;Ag\u00e8ncia Tribut\u00e0ria.<\/li>\n\n\n\n<li>Els fabricants, els adquirents intracomunitaris i els magatzemistes de gasos fluorats de productes objecte de l&#8217;impost sobre els gasos fluorats amb efecte d&#8217;hivernacle obligats a portar la comptabilitat d&#8217;exist\u00e8ncies han de complir la seva obligaci\u00f3 a trav\u00e9s de la Seu electr\u00f2nica de l&#8217;Ag\u00e8ncia Tribut\u00e0ria.<\/li>\n<\/ul>\n\n\n\n<p><strong>Terminis de presentaci\u00f3 d&#8217;autoliquidacions amb domiciliaci\u00f3 banc\u00e0ria<\/strong><\/p>\n\n\n\n<p>El termini de presentaci\u00f3 d&#8217;autoliquidacions amb domiciliaci\u00f3 banc\u00e0ria dependr\u00e0 de la fi del termini de presentaci\u00f3 de cada model. Aix\u00ed, si el venciment del termini de presentaci\u00f3 coincideix amb un dia inh\u00e0bil, el termini finalitza el primer dia h\u00e0bil seg\u00fcent i el termini de domiciliaci\u00f3 banc\u00e0ria s&#8217;ampliar\u00e0 amb car\u00e0cter general el mateix nombre de dies que resulti ampliat el termini de presentaci\u00f3 de la declaraci\u00f3 esmentada.<\/p>\n\n\n\n<p><a href=\"https:\/\/sede.agenciatributaria.gob.es\/Sede\/ayuda\/calendario-contribuyente\/calendario-contribuyente-2025\/plazos-presentacion-autoliquidaciones-domiciliacion-bancaria.html\">Vegeu els terminis generals i de domiciliaci\u00f3 banc\u00e0ria per a cada model, corresponents a l&#8217;any 2025<\/a><\/p>\n\n\n\n<p>Finalment, us recordem que l<strong>&#8216;obligatorietat de presentar autoliquidacions peri\u00f2diques,<\/strong> segons l&#8217;impost i l&#8217;obligat tributari, pot ser:<\/p>\n\n\n\n<ul class=\"wp-block-list\">\n<li><strong>Anual,<\/strong> per a persones f\u00edsiques, empresaris individuals, professionals, societats i ens sense personalitat jur\u00eddica.<\/li>\n\n\n\n<li><strong>Trimestral,<\/strong> per a empresaris individuals en estimaci\u00f3 objectiva o directa, professionals, societats i ens sense personalitat jur\u00eddica.<\/li>\n\n\n\n<li><strong>Mensual,<\/strong> per a empresaris individuals, professionals, societats i ens sense personalitat jur\u00eddica amb volum d&#8217;operacions superior a 6.010.121,04 \u20ac el 2024 (grans empreses) i per a subjectes passius de l&#8217;IVA, que portin de forma obligat\u00f2ria els llibres registre a trav\u00e9s de la Seu electr\u00f2nica de l&#8217;Ag\u00e8ncia Tribut\u00e0ria o presentin l&#8217;IOSS, aix\u00ed com per a les administracions p\u00fabliques, inclosa la Seguretat Social.<\/li>\n<\/ul>\n\n\n\n<p>A continuaci\u00f3 podeu consultar el calendari fiscal per al 2025<\/p>\n\n\n\n<p><a href=\"https:\/\/sede.agenciatributaria.gob.es\/Sede\/ayuda\/calendario-contribuyente\/calendario-contribuyente-2025\/calendario-anual.html\">Descarregar fitxer relacionat<\/a><\/p>\n\n\n\n<p><a href=\"https:\/\/gemap.es\/ca\/contacte\/\">Contacti<\/a> amb aquest despatx professional per a qualsevol dubte o aclariment que pugui tenir sobre aix\u00f2.<\/p>\n\n\n\n<p><\/p>\n","protected":false},"excerpt":{"rendered":"<p>Ja s&#8217;ha publicat el Calendari del Contribuent per a l&#8217;any 2025. Amb aix\u00f2, es facilita el coneixement de les obligacions tribut\u00e0ries estatals principals, peri\u00f2diques i no peri\u00f2diques, models de declaraci\u00f3 i terminis al llarg de l&#8217;exercici 2025. Aquest calendari s&#8217;ha confeccionat al desembre de 2024, i hi ha projectes normatius en tramitaci\u00f3. NOVETATS AL CALENDARI [&hellip;]<\/p>\n","protected":false},"author":3,"featured_media":4779,"comment_status":"closed","ping_status":"open","sticky":false,"template":"","format":"standard","meta":{"_acf_changed":false,"footnotes":""},"categories":[65,38,1],"tags":[],"class_list":["post-4782","post","type-post","status-publish","format-standard","has-post-thumbnail","hentry","category-actualitat","category-empresas-ca","category-sin-categorizar"],"acf":[],"yoast_head":"<!-- This site is optimized with the Yoast SEO plugin v27.4 - https:\/\/yoast.com\/product\/yoast-seo-wordpress\/ -->\n<title>Aquest \u00e9s el calendari del contribuent 2025 - Gemap<\/title>\n<meta name=\"robots\" content=\"index, follow, max-snippet:-1, max-image-preview:large, max-video-preview:-1\" \/>\n<link rel=\"canonical\" href=\"https:\/\/gemap.es\/ca\/aquest-es-el-calendari-del-contribuent-2025\/\" \/>\n<meta property=\"og:locale\" content=\"ca_ES\" \/>\n<meta property=\"og:type\" content=\"article\" \/>\n<meta property=\"og:title\" content=\"Aquest \u00e9s el calendari del contribuent 2025 - Gemap\" \/>\n<meta property=\"og:description\" content=\"Ja s&#8217;ha publicat el Calendari del Contribuent per a l&#8217;any 2025. Amb aix\u00f2, es facilita el coneixement de les obligacions tribut\u00e0ries estatals principals, peri\u00f2diques i no peri\u00f2diques, models de declaraci\u00f3 i terminis al llarg de l&#8217;exercici 2025. Aquest calendari s&#8217;ha confeccionat al desembre de 2024, i hi ha projectes normatius en tramitaci\u00f3. NOVETATS AL CALENDARI [&hellip;]\" \/>\n<meta property=\"og:url\" content=\"https:\/\/gemap.es\/ca\/aquest-es-el-calendari-del-contribuent-2025\/\" \/>\n<meta property=\"og:site_name\" content=\"Gemap\" \/>\n<meta property=\"article:publisher\" content=\"https:\/\/www.facebook.com\/gemap.ius\/\" \/>\n<meta property=\"article:published_time\" content=\"2025-01-09T10:23:28+00:00\" \/>\n<meta property=\"article:modified_time\" content=\"2025-01-09T10:23:29+00:00\" \/>\n<meta property=\"og:image\" content=\"https:\/\/gemap.es\/wp-content\/uploads\/2025\/01\/pexels-photo-29997006-1735896418_1736242415cp.jpeg\" \/>\n\t<meta property=\"og:image:width\" content=\"810\" \/>\n\t<meta property=\"og:image:height\" content=\"450\" \/>\n\t<meta property=\"og:image:type\" content=\"image\/jpeg\" \/>\n<meta name=\"author\" content=\"Gemap\" \/>\n<meta name=\"twitter:card\" content=\"summary_large_image\" \/>\n<meta name=\"twitter:creator\" content=\"@gemapius\" \/>\n<meta name=\"twitter:site\" content=\"@gemapius\" \/>\n<meta name=\"twitter:label1\" content=\"Escrit per\" \/>\n\t<meta name=\"twitter:data1\" content=\"Gemap\" \/>\n\t<meta name=\"twitter:label2\" content=\"Temps estimat de lectura\" \/>\n\t<meta name=\"twitter:data2\" content=\"8 minuts\" \/>\n<script type=\"application\/ld+json\" class=\"yoast-schema-graph\">{\"@context\":\"https:\\\/\\\/schema.org\",\"@graph\":[{\"@type\":\"Article\",\"@id\":\"https:\\\/\\\/gemap.es\\\/ca\\\/aquest-es-el-calendari-del-contribuent-2025\\\/#article\",\"isPartOf\":{\"@id\":\"https:\\\/\\\/gemap.es\\\/ca\\\/aquest-es-el-calendari-del-contribuent-2025\\\/\"},\"author\":{\"name\":\"Gemap\",\"@id\":\"https:\\\/\\\/gemap.es\\\/ca\\\/#\\\/schema\\\/person\\\/488bf7c00c857d972c990318b7048431\"},\"headline\":\"Aquest \u00e9s el calendari del contribuent 2025\",\"datePublished\":\"2025-01-09T10:23:28+00:00\",\"dateModified\":\"2025-01-09T10:23:29+00:00\",\"mainEntityOfPage\":{\"@id\":\"https:\\\/\\\/gemap.es\\\/ca\\\/aquest-es-el-calendari-del-contribuent-2025\\\/\"},\"wordCount\":1693,\"publisher\":{\"@id\":\"https:\\\/\\\/gemap.es\\\/ca\\\/#organization\"},\"image\":{\"@id\":\"https:\\\/\\\/gemap.es\\\/ca\\\/aquest-es-el-calendari-del-contribuent-2025\\\/#primaryimage\"},\"thumbnailUrl\":\"https:\\\/\\\/gemap.es\\\/wp-content\\\/uploads\\\/2025\\\/01\\\/pexels-photo-29997006-1735896418_1736242415cp.jpeg\",\"articleSection\":[\"Actualitat\",\"Empresas\",\"Sin categorizar\"],\"inLanguage\":\"ca\"},{\"@type\":\"WebPage\",\"@id\":\"https:\\\/\\\/gemap.es\\\/ca\\\/aquest-es-el-calendari-del-contribuent-2025\\\/\",\"url\":\"https:\\\/\\\/gemap.es\\\/ca\\\/aquest-es-el-calendari-del-contribuent-2025\\\/\",\"name\":\"Aquest \u00e9s el calendari del contribuent 2025 - Gemap\",\"isPartOf\":{\"@id\":\"https:\\\/\\\/gemap.es\\\/ca\\\/#website\"},\"primaryImageOfPage\":{\"@id\":\"https:\\\/\\\/gemap.es\\\/ca\\\/aquest-es-el-calendari-del-contribuent-2025\\\/#primaryimage\"},\"image\":{\"@id\":\"https:\\\/\\\/gemap.es\\\/ca\\\/aquest-es-el-calendari-del-contribuent-2025\\\/#primaryimage\"},\"thumbnailUrl\":\"https:\\\/\\\/gemap.es\\\/wp-content\\\/uploads\\\/2025\\\/01\\\/pexels-photo-29997006-1735896418_1736242415cp.jpeg\",\"datePublished\":\"2025-01-09T10:23:28+00:00\",\"dateModified\":\"2025-01-09T10:23:29+00:00\",\"breadcrumb\":{\"@id\":\"https:\\\/\\\/gemap.es\\\/ca\\\/aquest-es-el-calendari-del-contribuent-2025\\\/#breadcrumb\"},\"inLanguage\":\"ca\",\"potentialAction\":[{\"@type\":\"ReadAction\",\"target\":[\"https:\\\/\\\/gemap.es\\\/ca\\\/aquest-es-el-calendari-del-contribuent-2025\\\/\"]}]},{\"@type\":\"ImageObject\",\"inLanguage\":\"ca\",\"@id\":\"https:\\\/\\\/gemap.es\\\/ca\\\/aquest-es-el-calendari-del-contribuent-2025\\\/#primaryimage\",\"url\":\"https:\\\/\\\/gemap.es\\\/wp-content\\\/uploads\\\/2025\\\/01\\\/pexels-photo-29997006-1735896418_1736242415cp.jpeg\",\"contentUrl\":\"https:\\\/\\\/gemap.es\\\/wp-content\\\/uploads\\\/2025\\\/01\\\/pexels-photo-29997006-1735896418_1736242415cp.jpeg\",\"width\":810,\"height\":450},{\"@type\":\"BreadcrumbList\",\"@id\":\"https:\\\/\\\/gemap.es\\\/ca\\\/aquest-es-el-calendari-del-contribuent-2025\\\/#breadcrumb\",\"itemListElement\":[{\"@type\":\"ListItem\",\"position\":1,\"name\":\"Portada\",\"item\":\"https:\\\/\\\/gemap.es\\\/ca\\\/home\\\/\"},{\"@type\":\"ListItem\",\"position\":2,\"name\":\"Aquest \u00e9s el calendari del contribuent 2025\"}]},{\"@type\":\"WebSite\",\"@id\":\"https:\\\/\\\/gemap.es\\\/ca\\\/#website\",\"url\":\"https:\\\/\\\/gemap.es\\\/ca\\\/\",\"name\":\"Gemap\",\"description\":\"By your side\",\"publisher\":{\"@id\":\"https:\\\/\\\/gemap.es\\\/ca\\\/#organization\"},\"potentialAction\":[{\"@type\":\"SearchAction\",\"target\":{\"@type\":\"EntryPoint\",\"urlTemplate\":\"https:\\\/\\\/gemap.es\\\/ca\\\/?s={search_term_string}\"},\"query-input\":{\"@type\":\"PropertyValueSpecification\",\"valueRequired\":true,\"valueName\":\"search_term_string\"}}],\"inLanguage\":\"ca\"},{\"@type\":\"Organization\",\"@id\":\"https:\\\/\\\/gemap.es\\\/ca\\\/#organization\",\"name\":\"Gemap\",\"url\":\"https:\\\/\\\/gemap.es\\\/ca\\\/\",\"logo\":{\"@type\":\"ImageObject\",\"inLanguage\":\"ca\",\"@id\":\"https:\\\/\\\/gemap.es\\\/ca\\\/#\\\/schema\\\/logo\\\/image\\\/\",\"url\":\"https:\\\/\\\/gemap.es\\\/wp-content\\\/uploads\\\/2024\\\/11\\\/logo.svg\",\"contentUrl\":\"https:\\\/\\\/gemap.es\\\/wp-content\\\/uploads\\\/2024\\\/11\\\/logo.svg\",\"width\":340,\"height\":106,\"caption\":\"Gemap\"},\"image\":{\"@id\":\"https:\\\/\\\/gemap.es\\\/ca\\\/#\\\/schema\\\/logo\\\/image\\\/\"},\"sameAs\":[\"https:\\\/\\\/www.facebook.com\\\/gemap.ius\\\/\",\"https:\\\/\\\/x.com\\\/gemapius\",\"https:\\\/\\\/www.instagram.com\\\/gemap_asesoria\\\/\"]},{\"@type\":\"Person\",\"@id\":\"https:\\\/\\\/gemap.es\\\/ca\\\/#\\\/schema\\\/person\\\/488bf7c00c857d972c990318b7048431\",\"name\":\"Gemap\",\"image\":{\"@type\":\"ImageObject\",\"inLanguage\":\"ca\",\"@id\":\"https:\\\/\\\/secure.gravatar.com\\\/avatar\\\/880b2d735ee66ddf8c6e5f2e1a757b4b21b0814cea10dfaa193a4929cfce8057?s=96&d=mm&r=g\",\"url\":\"https:\\\/\\\/secure.gravatar.com\\\/avatar\\\/880b2d735ee66ddf8c6e5f2e1a757b4b21b0814cea10dfaa193a4929cfce8057?s=96&d=mm&r=g\",\"contentUrl\":\"https:\\\/\\\/secure.gravatar.com\\\/avatar\\\/880b2d735ee66ddf8c6e5f2e1a757b4b21b0814cea10dfaa193a4929cfce8057?s=96&d=mm&r=g\",\"caption\":\"Gemap\"},\"url\":\"https:\\\/\\\/gemap.es\\\/ca\\\/author\\\/gemap\\\/\"}]}<\/script>\n<!-- \/ Yoast SEO plugin. -->","yoast_head_json":{"title":"Aquest \u00e9s el calendari del contribuent 2025 - Gemap","robots":{"index":"index","follow":"follow","max-snippet":"max-snippet:-1","max-image-preview":"max-image-preview:large","max-video-preview":"max-video-preview:-1"},"canonical":"https:\/\/gemap.es\/ca\/aquest-es-el-calendari-del-contribuent-2025\/","og_locale":"ca_ES","og_type":"article","og_title":"Aquest \u00e9s el calendari del contribuent 2025 - Gemap","og_description":"Ja s&#8217;ha publicat el Calendari del Contribuent per a l&#8217;any 2025. Amb aix\u00f2, es facilita el coneixement de les obligacions tribut\u00e0ries estatals principals, peri\u00f2diques i no peri\u00f2diques, models de declaraci\u00f3 i terminis al llarg de l&#8217;exercici 2025. Aquest calendari s&#8217;ha confeccionat al desembre de 2024, i hi ha projectes normatius en tramitaci\u00f3. NOVETATS AL CALENDARI [&hellip;]","og_url":"https:\/\/gemap.es\/ca\/aquest-es-el-calendari-del-contribuent-2025\/","og_site_name":"Gemap","article_publisher":"https:\/\/www.facebook.com\/gemap.ius\/","article_published_time":"2025-01-09T10:23:28+00:00","article_modified_time":"2025-01-09T10:23:29+00:00","og_image":[{"width":810,"height":450,"url":"https:\/\/gemap.es\/wp-content\/uploads\/2025\/01\/pexels-photo-29997006-1735896418_1736242415cp.jpeg","type":"image\/jpeg"}],"author":"Gemap","twitter_card":"summary_large_image","twitter_creator":"@gemapius","twitter_site":"@gemapius","twitter_misc":{"Escrit per":"Gemap","Temps estimat de lectura":"8 minuts"},"schema":{"@context":"https:\/\/schema.org","@graph":[{"@type":"Article","@id":"https:\/\/gemap.es\/ca\/aquest-es-el-calendari-del-contribuent-2025\/#article","isPartOf":{"@id":"https:\/\/gemap.es\/ca\/aquest-es-el-calendari-del-contribuent-2025\/"},"author":{"name":"Gemap","@id":"https:\/\/gemap.es\/ca\/#\/schema\/person\/488bf7c00c857d972c990318b7048431"},"headline":"Aquest \u00e9s el calendari del contribuent 2025","datePublished":"2025-01-09T10:23:28+00:00","dateModified":"2025-01-09T10:23:29+00:00","mainEntityOfPage":{"@id":"https:\/\/gemap.es\/ca\/aquest-es-el-calendari-del-contribuent-2025\/"},"wordCount":1693,"publisher":{"@id":"https:\/\/gemap.es\/ca\/#organization"},"image":{"@id":"https:\/\/gemap.es\/ca\/aquest-es-el-calendari-del-contribuent-2025\/#primaryimage"},"thumbnailUrl":"https:\/\/gemap.es\/wp-content\/uploads\/2025\/01\/pexels-photo-29997006-1735896418_1736242415cp.jpeg","articleSection":["Actualitat","Empresas","Sin categorizar"],"inLanguage":"ca"},{"@type":"WebPage","@id":"https:\/\/gemap.es\/ca\/aquest-es-el-calendari-del-contribuent-2025\/","url":"https:\/\/gemap.es\/ca\/aquest-es-el-calendari-del-contribuent-2025\/","name":"Aquest \u00e9s el calendari del contribuent 2025 - Gemap","isPartOf":{"@id":"https:\/\/gemap.es\/ca\/#website"},"primaryImageOfPage":{"@id":"https:\/\/gemap.es\/ca\/aquest-es-el-calendari-del-contribuent-2025\/#primaryimage"},"image":{"@id":"https:\/\/gemap.es\/ca\/aquest-es-el-calendari-del-contribuent-2025\/#primaryimage"},"thumbnailUrl":"https:\/\/gemap.es\/wp-content\/uploads\/2025\/01\/pexels-photo-29997006-1735896418_1736242415cp.jpeg","datePublished":"2025-01-09T10:23:28+00:00","dateModified":"2025-01-09T10:23:29+00:00","breadcrumb":{"@id":"https:\/\/gemap.es\/ca\/aquest-es-el-calendari-del-contribuent-2025\/#breadcrumb"},"inLanguage":"ca","potentialAction":[{"@type":"ReadAction","target":["https:\/\/gemap.es\/ca\/aquest-es-el-calendari-del-contribuent-2025\/"]}]},{"@type":"ImageObject","inLanguage":"ca","@id":"https:\/\/gemap.es\/ca\/aquest-es-el-calendari-del-contribuent-2025\/#primaryimage","url":"https:\/\/gemap.es\/wp-content\/uploads\/2025\/01\/pexels-photo-29997006-1735896418_1736242415cp.jpeg","contentUrl":"https:\/\/gemap.es\/wp-content\/uploads\/2025\/01\/pexels-photo-29997006-1735896418_1736242415cp.jpeg","width":810,"height":450},{"@type":"BreadcrumbList","@id":"https:\/\/gemap.es\/ca\/aquest-es-el-calendari-del-contribuent-2025\/#breadcrumb","itemListElement":[{"@type":"ListItem","position":1,"name":"Portada","item":"https:\/\/gemap.es\/ca\/home\/"},{"@type":"ListItem","position":2,"name":"Aquest \u00e9s el calendari del contribuent 2025"}]},{"@type":"WebSite","@id":"https:\/\/gemap.es\/ca\/#website","url":"https:\/\/gemap.es\/ca\/","name":"Gemap","description":"By your side","publisher":{"@id":"https:\/\/gemap.es\/ca\/#organization"},"potentialAction":[{"@type":"SearchAction","target":{"@type":"EntryPoint","urlTemplate":"https:\/\/gemap.es\/ca\/?s={search_term_string}"},"query-input":{"@type":"PropertyValueSpecification","valueRequired":true,"valueName":"search_term_string"}}],"inLanguage":"ca"},{"@type":"Organization","@id":"https:\/\/gemap.es\/ca\/#organization","name":"Gemap","url":"https:\/\/gemap.es\/ca\/","logo":{"@type":"ImageObject","inLanguage":"ca","@id":"https:\/\/gemap.es\/ca\/#\/schema\/logo\/image\/","url":"https:\/\/gemap.es\/wp-content\/uploads\/2024\/11\/logo.svg","contentUrl":"https:\/\/gemap.es\/wp-content\/uploads\/2024\/11\/logo.svg","width":340,"height":106,"caption":"Gemap"},"image":{"@id":"https:\/\/gemap.es\/ca\/#\/schema\/logo\/image\/"},"sameAs":["https:\/\/www.facebook.com\/gemap.ius\/","https:\/\/x.com\/gemapius","https:\/\/www.instagram.com\/gemap_asesoria\/"]},{"@type":"Person","@id":"https:\/\/gemap.es\/ca\/#\/schema\/person\/488bf7c00c857d972c990318b7048431","name":"Gemap","image":{"@type":"ImageObject","inLanguage":"ca","@id":"https:\/\/secure.gravatar.com\/avatar\/880b2d735ee66ddf8c6e5f2e1a757b4b21b0814cea10dfaa193a4929cfce8057?s=96&d=mm&r=g","url":"https:\/\/secure.gravatar.com\/avatar\/880b2d735ee66ddf8c6e5f2e1a757b4b21b0814cea10dfaa193a4929cfce8057?s=96&d=mm&r=g","contentUrl":"https:\/\/secure.gravatar.com\/avatar\/880b2d735ee66ddf8c6e5f2e1a757b4b21b0814cea10dfaa193a4929cfce8057?s=96&d=mm&r=g","caption":"Gemap"},"url":"https:\/\/gemap.es\/ca\/author\/gemap\/"}]}},"_links":{"self":[{"href":"https:\/\/gemap.es\/ca\/wp-json\/wp\/v2\/posts\/4782","targetHints":{"allow":["GET"]}}],"collection":[{"href":"https:\/\/gemap.es\/ca\/wp-json\/wp\/v2\/posts"}],"about":[{"href":"https:\/\/gemap.es\/ca\/wp-json\/wp\/v2\/types\/post"}],"author":[{"embeddable":true,"href":"https:\/\/gemap.es\/ca\/wp-json\/wp\/v2\/users\/3"}],"replies":[{"embeddable":true,"href":"https:\/\/gemap.es\/ca\/wp-json\/wp\/v2\/comments?post=4782"}],"version-history":[{"count":0,"href":"https:\/\/gemap.es\/ca\/wp-json\/wp\/v2\/posts\/4782\/revisions"}],"wp:featuredmedia":[{"embeddable":true,"href":"https:\/\/gemap.es\/ca\/wp-json\/wp\/v2\/media\/4779"}],"wp:attachment":[{"href":"https:\/\/gemap.es\/ca\/wp-json\/wp\/v2\/media?parent=4782"}],"wp:term":[{"taxonomy":"category","embeddable":true,"href":"https:\/\/gemap.es\/ca\/wp-json\/wp\/v2\/categories?post=4782"},{"taxonomy":"post_tag","embeddable":true,"href":"https:\/\/gemap.es\/ca\/wp-json\/wp\/v2\/tags?post=4782"}],"curies":[{"name":"wp","href":"https:\/\/api.w.org\/{rel}","templated":true}]}}