{"id":4132,"date":"2024-11-25T14:55:57","date_gmt":"2024-11-25T14:55:57","guid":{"rendered":"https:\/\/gemap.es\/l1-de-novembre-va-entrar-en-vigor-la-reforma-del-subsidi-per-desocupacio\/"},"modified":"2024-12-05T13:10:50","modified_gmt":"2024-12-05T13:10:50","slug":"l1-de-novembre-va-entrar-en-vigor-la-reforma-del-subsidi-per-desocupacio","status":"publish","type":"post","link":"https:\/\/gemap.es\/ca\/l1-de-novembre-va-entrar-en-vigor-la-reforma-del-subsidi-per-desocupacio\/","title":{"rendered":"L&#8217;1 de novembre va entrar en vigor la reforma del subsidi per desocupaci\u00f3"},"content":{"rendered":"\n<p><strong>El passat 1 de novembre va entrar en vigor el gruix de la reforma del subsidi per desocupaci\u00f3 (Reial decret llei 2\/2024), que millora la quantia de la prestaci\u00f3, flexibilitza els requisits per accedir-hi i amplia el nombre de col\u00b7lectius beneficiaris .<\/strong><\/p>\n\n<p>Amb la implementaci\u00f3 del Reial decret llei 2\/2024, que va comen\u00e7ar a regir el 23 de maig de 2024, les disposicions sobre el subsidi per desocupaci\u00f3 han entrat formalment en vigor el passat 1 de novembre de 2024, inaugurant una s\u00e8rie de reformes significatives que cerquen millorar l&#8217;acc\u00e9s i la flexibilitat d&#8217;aquestes ajudes.<\/p>\n\n<div style=\"height:24px\" aria-hidden=\"true\" class=\"wp-block-spacer\"><\/div>\n\n<h3 class=\"wp-block-heading\">Principals novetats i implicacions per a sol\u00b7licitants i beneficiaris<\/h3>\n\n<p>Us resumim les principals novetats i les seves implicacions per als sol\u00b7licitants i beneficiaris.<\/p>\n\n<div style=\"height:16px\" aria-hidden=\"true\" class=\"wp-block-spacer\"><\/div>\n\n<h4 class=\"wp-block-heading\">Eliminaci\u00f3 del mes d&#8217;espera i simplificaci\u00f3 dels requisits d&#8217;acc\u00e9s<\/h4>\n\n<p>Un dels canvis m\u00e9s destacats \u00e9s la supressi\u00f3 del requisit d&#8217;espera d&#8217;un mes per sol\u00b7licitar el subsidi per desocupaci\u00f3. concepte de parcialitat en els subsidis per als qui van treballar a temps parcial en els darrers 180 dies, cosa que est\u00e9n l&#8217;elegibilitat a una major quantitat de persones en situacions diverses.  <\/p>\n\n<div style=\"height:16px\" aria-hidden=\"true\" class=\"wp-block-spacer\"><\/div>\n\n<h4 class=\"wp-block-heading\">Ampliaci\u00f3 del termini de sol\u00b7licitud i ajustaments en el c\u00f2mput de drets<\/h4>\n\n<p>Els sol\u00b7licitants tindran ara fins a sis mesos per tramitar la sol\u00b7licitud, una ampliaci\u00f3 que aporta flexibilitat en la gesti\u00f3 del subsidi. Aix\u00ed mateix, el dret al subsidi comen\u00e7ar\u00e0 a computar-se des de la data de la sol\u00b7licitud, eliminant el sistema anterior de &#8220;dies consumits&#8221; i reduint aix\u00ed la complexitat en el c\u00e0lcul de les prestacions. <\/p>\n\n<div style=\"height:16px\" aria-hidden=\"true\" class=\"wp-block-spacer\"><\/div>\n\n<h4 class=\"wp-block-heading\">Simplificaci\u00f3 de requisits de renda i reducci\u00f3 de terminis de reconeixement<\/h4>\n\n<p>Un altre aven\u00e7 important \u00e9s l&#8217;eliminaci\u00f3 del doble requisit de car\u00e8ncia de rendes, que afectava tant el sol\u00b7licitant com la unitat familiar. Aix\u00f2 permetr\u00e0 que els processos davaluaci\u00f3 siguin menys restrictius i m\u00e9s inclusius. A m\u00e9s, el per\u00edode de reconeixement de subsidi s&#8217;ha redu\u00eft a un trimestre, moment en qu\u00e8 s&#8217;haur\u00e0 de sol\u00b7licitar una pr\u00f2rroga, mantenint-ne la flexibilitat i el control peri\u00f2dic.  <\/p>\n\n<div style=\"height:16px\" aria-hidden=\"true\" class=\"wp-block-spacer\"><\/div>\n\n<h4 class=\"wp-block-heading\">Declaraci\u00f3 responsable i ajustaments en la compatibilitat amb ingressos<\/h4>\n\n<p>Els beneficiaris hauran de presentar una declaraci\u00f3 responsable dels seus ingressos i, addicionalment, presentar la declaraci\u00f3 de l&#8217;IRPF anualment, assegurant un seguiment prec\u00eds de la situaci\u00f3 econ\u00f2mica de cada persona benefici\u00e0ria.<\/p>\n\n<div style=\"height:16px\" aria-hidden=\"true\" class=\"wp-block-spacer\"><\/div>\n\n<h4 class=\"wp-block-heading\">Complement de suport a l&#8217;ocupaci\u00f3 i compatibilitzaci\u00f3 amb la formaci\u00f3 professional<\/h4>\n\n<p>Entre les novetats m\u00e9s innovadores hi ha el complement de suport a l&#8217;ocupaci\u00f3, que permetr\u00e0 compatibilitzar el subsidi amb feines durant un m\u00e0xim de 180 dies, promovent aix\u00ed una transici\u00f3 laboral efectiva. Aquest canvi est\u00e0 orientat a incentivar la reintegraci\u00f3 laboral ia proporcionar una ajuda addicional en els primers passos cap a una nova ocupaci\u00f3. De la mateixa manera, sestableix la compatibilitat de les prestacions per desocupaci\u00f3 amb les beques i ajudes vinculades a activitats de formaci\u00f3 professional.  <\/p>\n\n<div style=\"height:16px\" aria-hidden=\"true\" class=\"wp-block-spacer\"><\/div>\n\n<h4 class=\"wp-block-heading\">Unificaci\u00f3 de la protecci\u00f3 per a treballadors eventuals agraris i ampliaci\u00f3 de la cobertura de subsidis d&#8217;esgotament<\/h4>\n\n<p>La reforma tamb\u00e9 equipara la protecci\u00f3 per desocupaci\u00f3 dels treballadors eventuals agraris amb la d&#8217;altres col\u00b7lectius, simplificant-ne i facilitant-ne l&#8217;acc\u00e9s. A m\u00e9s, la cobertura del subsidi d&#8217;esgotament s&#8217;amplia per a menors de 45 anys, eliminant el requisit de c\u00e0rregues familiars quan hagin esgotat una prestaci\u00f3 contributiva d&#8217;almenys 360 dies. <\/p>\n\n<div style=\"height:16px\" aria-hidden=\"true\" class=\"wp-block-spacer\"><\/div>\n\n<h4 class=\"wp-block-heading\">Requisits espec\u00edfics per rebre subsidis i nova regulaci\u00f3 de quanties<\/h4>\n\n<p>S&#8217;especifiquen els criteris d&#8217;elegibilitat per rebre subsidis, incloent-hi aquells que hagin esgotat les prestacions contributives, treballadors amb aportacions insuficients, emigrants retornats fora de l&#8217;Espai Econ\u00f2mic Europeu i persones v\u00edctimes de viol\u00e8ncia de g\u00e8nere o sexual. Les quanties dels subsidis s&#8217;han establert al 95% de l&#8217;indicador p\u00fablic de renda d&#8217;efectes m\u00faltiples (IPREM) durant els primers sis mesos, equivalent a 570 euros mensuals. <\/p>\n\n<div style=\"height:16px\" aria-hidden=\"true\" class=\"wp-block-spacer\"><\/div>\n\n<h4 class=\"wp-block-heading\">Subsidis per a majors de 52 anys i manteniment de la Renda Activa d&#8217;Inserci\u00f3 (RAI)<\/h4>\n\n<p>Els subsidis per a persones m\u00e9s grans de 52 anys mantenen la quantia en el 80% de l&#8217;IPREM, aproximadament 480 euros, sense canvis en la seva estructura. La Renda Activa d&#8217;Inserci\u00f3 (RAI) continua per als beneficiaris previs a l&#8217;1 de novembre del 2024, mantenint el suport per a aquest grup. <\/p>\n\n<p>Resum de principals novetats del subsidi per desocupaci\u00f3<\/p>\n\n<div style=\"height:24px\" aria-hidden=\"true\" class=\"wp-block-spacer\"><\/div>\n\n<figure class=\"wp-block-table\"><table class=\"has-fixed-layout\"><tbody><tr><td><strong>Modificaci\u00f3<\/strong><\/td><td><strong>Descripci\u00f3<\/strong><\/td><\/tr><tr><td>Eliminaci\u00f3 del mes d&#8217;espera<\/td><td>Acc\u00e9s immediat al subsidi sense necessitat esperar un mes.<\/td><\/tr><tr><td>Flexibilitat en el c\u00f2mput de drets<\/td><td>El subsidi comen\u00e7a des de la data de sol\u00b7licitud, eliminant els &#8220;dies consumits&#8221;.<\/td><\/tr><tr><td>Supressi\u00f3 de car\u00e8ncia de rendes familiar<\/td><td>Nom\u00e9s es considera la renda del sol\u00b7licitant, no de la unitat familiar.<\/td><\/tr><tr><td>Complement de suport a l&#8217;ocupaci\u00f3<\/td><td>Permet treballar fins a 180 dies sense perdre el subsidi.<\/td><\/tr><tr><td>Ampliaci\u00f3 a sis mesos per a sol\u00b7licitud<\/td><td>Major temps per presentar la sol\u00b7licitud de subsidi.<\/td><\/tr><tr><td>Compatibilitat amb formaci\u00f3 professional<\/td><td>Subsidi compatible amb beques per a formaci\u00f3.<\/td><\/tr><tr><td>Protecci\u00f3 unificada per a agraris<\/td><td>Homogene\u00eftzaci\u00f3 de protecci\u00f3 amb la resta de treballadors.<\/td><\/tr><tr><td>Subsidi d&#8217;esgotament per a &lt;45 anys<\/td><td>Cobertura ampliada sense requisit de c\u00e0rregues familiars.<\/td><\/tr><tr><td>Nova regulaci\u00f3 de quanties<\/td><td>Primers sis mesos al 95% de l&#8217;IPREM (570\u20ac); majors de 52 anys al 80% (480\u20ac).<\/td><\/tr><tr><td>Manteniment de la RAI<\/td><td>Continua per a beneficiaris previs a l&#8217;1 de novembre del 2024.<\/td><\/tr><\/tbody><\/table><\/figure>\n\n<div style=\"height:24px\" aria-hidden=\"true\" class=\"wp-block-spacer\"><\/div>\n\n<p><a href=\"https:\/\/gemap.es\/ca\/contacte\/\" data-type=\"page\" data-id=\"245\">Poseu-vos en contacte amb aquest despatx professional<\/a> per a qualsevol dubte o aclariment que pugui tenir sobre aix\u00f2.<\/p>\n","protected":false},"excerpt":{"rendered":"<p>El passat 1 de novembre va entrar en vigor el gruix de la reforma del subsidi per desocupaci\u00f3 (Reial decret llei 2\/2024), que millora la quantia de la prestaci\u00f3, flexibilitza els requisits per accedir-hi i amplia el nombre de col\u00b7lectius beneficiaris . Amb la implementaci\u00f3 del Reial decret llei 2\/2024, que va comen\u00e7ar a regir [&hellip;]<\/p>\n","protected":false},"author":1,"featured_media":3484,"comment_status":"closed","ping_status":"open","sticky":false,"template":"","format":"standard","meta":{"_acf_changed":false,"footnotes":""},"categories":[65],"tags":[],"class_list":["post-4132","post","type-post","status-publish","format-standard","has-post-thumbnail","hentry","category-actualitat"],"acf":[],"yoast_head":"<!-- This site is optimized with the Yoast SEO plugin v27.4 - https:\/\/yoast.com\/product\/yoast-seo-wordpress\/ -->\n<title>L&#039;1 de novembre va entrar en vigor la reforma del subsidi per desocupaci\u00f3 - Gemap<\/title>\n<meta name=\"robots\" content=\"index, follow, max-snippet:-1, max-image-preview:large, max-video-preview:-1\" \/>\n<link rel=\"canonical\" href=\"https:\/\/gemap.es\/ca\/l1-de-novembre-va-entrar-en-vigor-la-reforma-del-subsidi-per-desocupacio\/\" \/>\n<meta property=\"og:locale\" content=\"ca_ES\" \/>\n<meta property=\"og:type\" content=\"article\" \/>\n<meta property=\"og:title\" content=\"L&#039;1 de novembre va entrar en vigor la reforma del subsidi per desocupaci\u00f3 - Gemap\" \/>\n<meta property=\"og:description\" content=\"El passat 1 de novembre va entrar en vigor el gruix de la reforma del subsidi per desocupaci\u00f3 (Reial decret llei 2\/2024), que millora la quantia de la prestaci\u00f3, flexibilitza els requisits per accedir-hi i amplia el nombre de col\u00b7lectius beneficiaris . Amb la implementaci\u00f3 del Reial decret llei 2\/2024, que va comen\u00e7ar a regir [&hellip;]\" \/>\n<meta property=\"og:url\" content=\"https:\/\/gemap.es\/ca\/l1-de-novembre-va-entrar-en-vigor-la-reforma-del-subsidi-per-desocupacio\/\" \/>\n<meta property=\"og:site_name\" content=\"Gemap\" \/>\n<meta property=\"article:publisher\" content=\"https:\/\/www.facebook.com\/gemap.ius\/\" \/>\n<meta property=\"article:published_time\" content=\"2024-11-25T14:55:57+00:00\" \/>\n<meta property=\"article:modified_time\" content=\"2024-12-05T13:10:50+00:00\" \/>\n<meta property=\"og:image\" content=\"https:\/\/gemap.es\/wp-content\/uploads\/2024\/11\/reforma-subsidio-desempleo.jpg\" \/>\n\t<meta property=\"og:image:width\" content=\"960\" \/>\n\t<meta property=\"og:image:height\" content=\"630\" \/>\n\t<meta property=\"og:image:type\" content=\"image\/jpeg\" \/>\n<meta name=\"author\" content=\"admin\" \/>\n<meta name=\"twitter:card\" content=\"summary_large_image\" \/>\n<meta name=\"twitter:creator\" content=\"@gemapius\" \/>\n<meta name=\"twitter:site\" content=\"@gemapius\" \/>\n<meta name=\"twitter:label1\" content=\"Escrit per\" \/>\n\t<meta name=\"twitter:data1\" content=\"admin\" \/>\n\t<meta name=\"twitter:label2\" content=\"Temps estimat de lectura\" \/>\n\t<meta name=\"twitter:data2\" content=\"4 minuts\" \/>\n<script type=\"application\/ld+json\" class=\"yoast-schema-graph\">{\"@context\":\"https:\\\/\\\/schema.org\",\"@graph\":[{\"@type\":\"Article\",\"@id\":\"https:\\\/\\\/gemap.es\\\/ca\\\/l1-de-novembre-va-entrar-en-vigor-la-reforma-del-subsidi-per-desocupacio\\\/#article\",\"isPartOf\":{\"@id\":\"https:\\\/\\\/gemap.es\\\/ca\\\/l1-de-novembre-va-entrar-en-vigor-la-reforma-del-subsidi-per-desocupacio\\\/\"},\"author\":{\"name\":\"admin\",\"@id\":\"https:\\\/\\\/gemap.es\\\/ca\\\/#\\\/schema\\\/person\\\/776a13d92a7bfe8bec8d507a414311d2\"},\"headline\":\"L&#8217;1 de novembre va entrar en vigor la reforma del subsidi per desocupaci\u00f3\",\"datePublished\":\"2024-11-25T14:55:57+00:00\",\"dateModified\":\"2024-12-05T13:10:50+00:00\",\"mainEntityOfPage\":{\"@id\":\"https:\\\/\\\/gemap.es\\\/ca\\\/l1-de-novembre-va-entrar-en-vigor-la-reforma-del-subsidi-per-desocupacio\\\/\"},\"wordCount\":902,\"publisher\":{\"@id\":\"https:\\\/\\\/gemap.es\\\/ca\\\/#organization\"},\"image\":{\"@id\":\"https:\\\/\\\/gemap.es\\\/ca\\\/l1-de-novembre-va-entrar-en-vigor-la-reforma-del-subsidi-per-desocupacio\\\/#primaryimage\"},\"thumbnailUrl\":\"https:\\\/\\\/gemap.es\\\/wp-content\\\/uploads\\\/2024\\\/11\\\/reforma-subsidio-desempleo.jpg\",\"articleSection\":[\"Actualitat\"],\"inLanguage\":\"ca\"},{\"@type\":\"WebPage\",\"@id\":\"https:\\\/\\\/gemap.es\\\/ca\\\/l1-de-novembre-va-entrar-en-vigor-la-reforma-del-subsidi-per-desocupacio\\\/\",\"url\":\"https:\\\/\\\/gemap.es\\\/ca\\\/l1-de-novembre-va-entrar-en-vigor-la-reforma-del-subsidi-per-desocupacio\\\/\",\"name\":\"L'1 de novembre va entrar en vigor la reforma del subsidi per desocupaci\u00f3 - Gemap\",\"isPartOf\":{\"@id\":\"https:\\\/\\\/gemap.es\\\/ca\\\/#website\"},\"primaryImageOfPage\":{\"@id\":\"https:\\\/\\\/gemap.es\\\/ca\\\/l1-de-novembre-va-entrar-en-vigor-la-reforma-del-subsidi-per-desocupacio\\\/#primaryimage\"},\"image\":{\"@id\":\"https:\\\/\\\/gemap.es\\\/ca\\\/l1-de-novembre-va-entrar-en-vigor-la-reforma-del-subsidi-per-desocupacio\\\/#primaryimage\"},\"thumbnailUrl\":\"https:\\\/\\\/gemap.es\\\/wp-content\\\/uploads\\\/2024\\\/11\\\/reforma-subsidio-desempleo.jpg\",\"datePublished\":\"2024-11-25T14:55:57+00:00\",\"dateModified\":\"2024-12-05T13:10:50+00:00\",\"breadcrumb\":{\"@id\":\"https:\\\/\\\/gemap.es\\\/ca\\\/l1-de-novembre-va-entrar-en-vigor-la-reforma-del-subsidi-per-desocupacio\\\/#breadcrumb\"},\"inLanguage\":\"ca\",\"potentialAction\":[{\"@type\":\"ReadAction\",\"target\":[\"https:\\\/\\\/gemap.es\\\/ca\\\/l1-de-novembre-va-entrar-en-vigor-la-reforma-del-subsidi-per-desocupacio\\\/\"]}]},{\"@type\":\"ImageObject\",\"inLanguage\":\"ca\",\"@id\":\"https:\\\/\\\/gemap.es\\\/ca\\\/l1-de-novembre-va-entrar-en-vigor-la-reforma-del-subsidi-per-desocupacio\\\/#primaryimage\",\"url\":\"https:\\\/\\\/gemap.es\\\/wp-content\\\/uploads\\\/2024\\\/11\\\/reforma-subsidio-desempleo.jpg\",\"contentUrl\":\"https:\\\/\\\/gemap.es\\\/wp-content\\\/uploads\\\/2024\\\/11\\\/reforma-subsidio-desempleo.jpg\",\"width\":960,\"height\":630},{\"@type\":\"BreadcrumbList\",\"@id\":\"https:\\\/\\\/gemap.es\\\/ca\\\/l1-de-novembre-va-entrar-en-vigor-la-reforma-del-subsidi-per-desocupacio\\\/#breadcrumb\",\"itemListElement\":[{\"@type\":\"ListItem\",\"position\":1,\"name\":\"Portada\",\"item\":\"https:\\\/\\\/gemap.es\\\/ca\\\/home\\\/\"},{\"@type\":\"ListItem\",\"position\":2,\"name\":\"L&#8217;1 de novembre va entrar en vigor la reforma del subsidi per desocupaci\u00f3\"}]},{\"@type\":\"WebSite\",\"@id\":\"https:\\\/\\\/gemap.es\\\/ca\\\/#website\",\"url\":\"https:\\\/\\\/gemap.es\\\/ca\\\/\",\"name\":\"Gemap\",\"description\":\"By your side\",\"publisher\":{\"@id\":\"https:\\\/\\\/gemap.es\\\/ca\\\/#organization\"},\"potentialAction\":[{\"@type\":\"SearchAction\",\"target\":{\"@type\":\"EntryPoint\",\"urlTemplate\":\"https:\\\/\\\/gemap.es\\\/ca\\\/?s={search_term_string}\"},\"query-input\":{\"@type\":\"PropertyValueSpecification\",\"valueRequired\":true,\"valueName\":\"search_term_string\"}}],\"inLanguage\":\"ca\"},{\"@type\":\"Organization\",\"@id\":\"https:\\\/\\\/gemap.es\\\/ca\\\/#organization\",\"name\":\"Gemap\",\"url\":\"https:\\\/\\\/gemap.es\\\/ca\\\/\",\"logo\":{\"@type\":\"ImageObject\",\"inLanguage\":\"ca\",\"@id\":\"https:\\\/\\\/gemap.es\\\/ca\\\/#\\\/schema\\\/logo\\\/image\\\/\",\"url\":\"https:\\\/\\\/gemap.es\\\/wp-content\\\/uploads\\\/2024\\\/11\\\/logo.svg\",\"contentUrl\":\"https:\\\/\\\/gemap.es\\\/wp-content\\\/uploads\\\/2024\\\/11\\\/logo.svg\",\"width\":340,\"height\":106,\"caption\":\"Gemap\"},\"image\":{\"@id\":\"https:\\\/\\\/gemap.es\\\/ca\\\/#\\\/schema\\\/logo\\\/image\\\/\"},\"sameAs\":[\"https:\\\/\\\/www.facebook.com\\\/gemap.ius\\\/\",\"https:\\\/\\\/x.com\\\/gemapius\",\"https:\\\/\\\/www.instagram.com\\\/gemap_asesoria\\\/\"]},{\"@type\":\"Person\",\"@id\":\"https:\\\/\\\/gemap.es\\\/ca\\\/#\\\/schema\\\/person\\\/776a13d92a7bfe8bec8d507a414311d2\",\"name\":\"admin\",\"image\":{\"@type\":\"ImageObject\",\"inLanguage\":\"ca\",\"@id\":\"https:\\\/\\\/secure.gravatar.com\\\/avatar\\\/80627b6c1ac4fdc402af226519e261de7c3ec4834ab64a0947b2afb3503754ff?s=96&d=mm&r=g\",\"url\":\"https:\\\/\\\/secure.gravatar.com\\\/avatar\\\/80627b6c1ac4fdc402af226519e261de7c3ec4834ab64a0947b2afb3503754ff?s=96&d=mm&r=g\",\"contentUrl\":\"https:\\\/\\\/secure.gravatar.com\\\/avatar\\\/80627b6c1ac4fdc402af226519e261de7c3ec4834ab64a0947b2afb3503754ff?s=96&d=mm&r=g\",\"caption\":\"admin\"},\"sameAs\":[\"https:\\\/\\\/gemap.es\"],\"url\":\"https:\\\/\\\/gemap.es\\\/ca\\\/author\\\/vilax\\\/\"}]}<\/script>\n<!-- \/ Yoast SEO plugin. -->","yoast_head_json":{"title":"L'1 de novembre va entrar en vigor la reforma del subsidi per desocupaci\u00f3 - Gemap","robots":{"index":"index","follow":"follow","max-snippet":"max-snippet:-1","max-image-preview":"max-image-preview:large","max-video-preview":"max-video-preview:-1"},"canonical":"https:\/\/gemap.es\/ca\/l1-de-novembre-va-entrar-en-vigor-la-reforma-del-subsidi-per-desocupacio\/","og_locale":"ca_ES","og_type":"article","og_title":"L'1 de novembre va entrar en vigor la reforma del subsidi per desocupaci\u00f3 - Gemap","og_description":"El passat 1 de novembre va entrar en vigor el gruix de la reforma del subsidi per desocupaci\u00f3 (Reial decret llei 2\/2024), que millora la quantia de la prestaci\u00f3, flexibilitza els requisits per accedir-hi i amplia el nombre de col\u00b7lectius beneficiaris . Amb la implementaci\u00f3 del Reial decret llei 2\/2024, que va comen\u00e7ar a regir [&hellip;]","og_url":"https:\/\/gemap.es\/ca\/l1-de-novembre-va-entrar-en-vigor-la-reforma-del-subsidi-per-desocupacio\/","og_site_name":"Gemap","article_publisher":"https:\/\/www.facebook.com\/gemap.ius\/","article_published_time":"2024-11-25T14:55:57+00:00","article_modified_time":"2024-12-05T13:10:50+00:00","og_image":[{"width":960,"height":630,"url":"https:\/\/gemap.es\/wp-content\/uploads\/2024\/11\/reforma-subsidio-desempleo.jpg","type":"image\/jpeg"}],"author":"admin","twitter_card":"summary_large_image","twitter_creator":"@gemapius","twitter_site":"@gemapius","twitter_misc":{"Escrit per":"admin","Temps estimat de lectura":"4 minuts"},"schema":{"@context":"https:\/\/schema.org","@graph":[{"@type":"Article","@id":"https:\/\/gemap.es\/ca\/l1-de-novembre-va-entrar-en-vigor-la-reforma-del-subsidi-per-desocupacio\/#article","isPartOf":{"@id":"https:\/\/gemap.es\/ca\/l1-de-novembre-va-entrar-en-vigor-la-reforma-del-subsidi-per-desocupacio\/"},"author":{"name":"admin","@id":"https:\/\/gemap.es\/ca\/#\/schema\/person\/776a13d92a7bfe8bec8d507a414311d2"},"headline":"L&#8217;1 de novembre va entrar en vigor la reforma del subsidi per desocupaci\u00f3","datePublished":"2024-11-25T14:55:57+00:00","dateModified":"2024-12-05T13:10:50+00:00","mainEntityOfPage":{"@id":"https:\/\/gemap.es\/ca\/l1-de-novembre-va-entrar-en-vigor-la-reforma-del-subsidi-per-desocupacio\/"},"wordCount":902,"publisher":{"@id":"https:\/\/gemap.es\/ca\/#organization"},"image":{"@id":"https:\/\/gemap.es\/ca\/l1-de-novembre-va-entrar-en-vigor-la-reforma-del-subsidi-per-desocupacio\/#primaryimage"},"thumbnailUrl":"https:\/\/gemap.es\/wp-content\/uploads\/2024\/11\/reforma-subsidio-desempleo.jpg","articleSection":["Actualitat"],"inLanguage":"ca"},{"@type":"WebPage","@id":"https:\/\/gemap.es\/ca\/l1-de-novembre-va-entrar-en-vigor-la-reforma-del-subsidi-per-desocupacio\/","url":"https:\/\/gemap.es\/ca\/l1-de-novembre-va-entrar-en-vigor-la-reforma-del-subsidi-per-desocupacio\/","name":"L'1 de novembre va entrar en vigor la reforma del subsidi per desocupaci\u00f3 - Gemap","isPartOf":{"@id":"https:\/\/gemap.es\/ca\/#website"},"primaryImageOfPage":{"@id":"https:\/\/gemap.es\/ca\/l1-de-novembre-va-entrar-en-vigor-la-reforma-del-subsidi-per-desocupacio\/#primaryimage"},"image":{"@id":"https:\/\/gemap.es\/ca\/l1-de-novembre-va-entrar-en-vigor-la-reforma-del-subsidi-per-desocupacio\/#primaryimage"},"thumbnailUrl":"https:\/\/gemap.es\/wp-content\/uploads\/2024\/11\/reforma-subsidio-desempleo.jpg","datePublished":"2024-11-25T14:55:57+00:00","dateModified":"2024-12-05T13:10:50+00:00","breadcrumb":{"@id":"https:\/\/gemap.es\/ca\/l1-de-novembre-va-entrar-en-vigor-la-reforma-del-subsidi-per-desocupacio\/#breadcrumb"},"inLanguage":"ca","potentialAction":[{"@type":"ReadAction","target":["https:\/\/gemap.es\/ca\/l1-de-novembre-va-entrar-en-vigor-la-reforma-del-subsidi-per-desocupacio\/"]}]},{"@type":"ImageObject","inLanguage":"ca","@id":"https:\/\/gemap.es\/ca\/l1-de-novembre-va-entrar-en-vigor-la-reforma-del-subsidi-per-desocupacio\/#primaryimage","url":"https:\/\/gemap.es\/wp-content\/uploads\/2024\/11\/reforma-subsidio-desempleo.jpg","contentUrl":"https:\/\/gemap.es\/wp-content\/uploads\/2024\/11\/reforma-subsidio-desempleo.jpg","width":960,"height":630},{"@type":"BreadcrumbList","@id":"https:\/\/gemap.es\/ca\/l1-de-novembre-va-entrar-en-vigor-la-reforma-del-subsidi-per-desocupacio\/#breadcrumb","itemListElement":[{"@type":"ListItem","position":1,"name":"Portada","item":"https:\/\/gemap.es\/ca\/home\/"},{"@type":"ListItem","position":2,"name":"L&#8217;1 de novembre va entrar en vigor la reforma del subsidi per desocupaci\u00f3"}]},{"@type":"WebSite","@id":"https:\/\/gemap.es\/ca\/#website","url":"https:\/\/gemap.es\/ca\/","name":"Gemap","description":"By your side","publisher":{"@id":"https:\/\/gemap.es\/ca\/#organization"},"potentialAction":[{"@type":"SearchAction","target":{"@type":"EntryPoint","urlTemplate":"https:\/\/gemap.es\/ca\/?s={search_term_string}"},"query-input":{"@type":"PropertyValueSpecification","valueRequired":true,"valueName":"search_term_string"}}],"inLanguage":"ca"},{"@type":"Organization","@id":"https:\/\/gemap.es\/ca\/#organization","name":"Gemap","url":"https:\/\/gemap.es\/ca\/","logo":{"@type":"ImageObject","inLanguage":"ca","@id":"https:\/\/gemap.es\/ca\/#\/schema\/logo\/image\/","url":"https:\/\/gemap.es\/wp-content\/uploads\/2024\/11\/logo.svg","contentUrl":"https:\/\/gemap.es\/wp-content\/uploads\/2024\/11\/logo.svg","width":340,"height":106,"caption":"Gemap"},"image":{"@id":"https:\/\/gemap.es\/ca\/#\/schema\/logo\/image\/"},"sameAs":["https:\/\/www.facebook.com\/gemap.ius\/","https:\/\/x.com\/gemapius","https:\/\/www.instagram.com\/gemap_asesoria\/"]},{"@type":"Person","@id":"https:\/\/gemap.es\/ca\/#\/schema\/person\/776a13d92a7bfe8bec8d507a414311d2","name":"admin","image":{"@type":"ImageObject","inLanguage":"ca","@id":"https:\/\/secure.gravatar.com\/avatar\/80627b6c1ac4fdc402af226519e261de7c3ec4834ab64a0947b2afb3503754ff?s=96&d=mm&r=g","url":"https:\/\/secure.gravatar.com\/avatar\/80627b6c1ac4fdc402af226519e261de7c3ec4834ab64a0947b2afb3503754ff?s=96&d=mm&r=g","contentUrl":"https:\/\/secure.gravatar.com\/avatar\/80627b6c1ac4fdc402af226519e261de7c3ec4834ab64a0947b2afb3503754ff?s=96&d=mm&r=g","caption":"admin"},"sameAs":["https:\/\/gemap.es"],"url":"https:\/\/gemap.es\/ca\/author\/vilax\/"}]}},"_links":{"self":[{"href":"https:\/\/gemap.es\/ca\/wp-json\/wp\/v2\/posts\/4132","targetHints":{"allow":["GET"]}}],"collection":[{"href":"https:\/\/gemap.es\/ca\/wp-json\/wp\/v2\/posts"}],"about":[{"href":"https:\/\/gemap.es\/ca\/wp-json\/wp\/v2\/types\/post"}],"author":[{"embeddable":true,"href":"https:\/\/gemap.es\/ca\/wp-json\/wp\/v2\/users\/1"}],"replies":[{"embeddable":true,"href":"https:\/\/gemap.es\/ca\/wp-json\/wp\/v2\/comments?post=4132"}],"version-history":[{"count":0,"href":"https:\/\/gemap.es\/ca\/wp-json\/wp\/v2\/posts\/4132\/revisions"}],"wp:featuredmedia":[{"embeddable":true,"href":"https:\/\/gemap.es\/ca\/wp-json\/wp\/v2\/media\/3484"}],"wp:attachment":[{"href":"https:\/\/gemap.es\/ca\/wp-json\/wp\/v2\/media?parent=4132"}],"wp:term":[{"taxonomy":"category","embeddable":true,"href":"https:\/\/gemap.es\/ca\/wp-json\/wp\/v2\/categories?post=4132"},{"taxonomy":"post_tag","embeddable":true,"href":"https:\/\/gemap.es\/ca\/wp-json\/wp\/v2\/tags?post=4132"}],"curies":[{"name":"wp","href":"https:\/\/api.w.org\/{rel}","templated":true}]}}